{"id":8652,"date":"2016-10-11T16:16:55","date_gmt":"2016-10-11T14:16:55","guid":{"rendered":"http:\/\/www.irbab-kbivb.be\/fr\/?p=8652"},"modified":"2016-10-11T16:16:55","modified_gmt":"2016-10-11T14:16:55","slug":"bien-identifier-les-maladies-racinaires-en-automne-pour-anticiper-les-problemes-futurs-betteravier-octobre-novembre-2016","status":"publish","type":"post","link":"https:\/\/www.irbab-kbivb.be\/fr\/bien-identifier-les-maladies-racinaires-en-automne-pour-anticiper-les-problemes-futurs-betteravier-octobre-novembre-2016\/","title":{"rendered":"Bien identifier les maladies racinaires en automne pour anticiper les probl\u00e8mes futurs <em>(Betteravier octobre-novembre 2016)<\/em>"},"content":{"rendered":"<p><em>extrait de l&#8217;article publi\u00e9 dans &lsquo;le Betteravier&rsquo; de octobre-novembre\u00a02016<\/em><\/p>\n<p><!--more--><\/p>\n<p>L&rsquo;Aphanomyces a fait un retour en force apr\u00e8s quasi 25 ans d&rsquo;absence ! En effet, il faut remonter \u00e0\u00a01991, pour trouver une ann\u00e9e similaire \u00e0 2016 avec ce type de pourriture noire et s\u00e8che de la racine.\u00a0D&rsquo;autres maladies racinaires sont tr\u00e8s r\u00e9guli\u00e8rement pr\u00e9sentes en Belgique telles que le rhizoctone\u00a0brun et le rhizoctone violet. Des attaques du n\u00e9matode du collet ou encore une carence\u00a0en bore peuvent aussi entra\u00eener la pourriture de la racine. Les moyens de lutte en culture sont\u00a0quasi inexistants. Identifier correctement les maladies racinaires dans vos parcelles vous permettra\u00a0d&rsquo;adapter les rotations, la phytotechnie et d&rsquo;\u00e9viter de diss\u00e9miner la maladie sur d&rsquo;autres parcelles.\u00a0En cas de maladies racinaires, il est important de ne pas faire son tas sur une autre parcelle\u00a0qui elle serait indemne afin de ne pas la contaminer par la terre lors du d\u00e9terrage.<\/p>\n<p>Auteurs: Fran\u00e7oise Vancutsem &amp; Andr\u00e9 Wauters<\/p>\n<hr \/>\n<p><em>L&#8217;article complet avec chiffres peut \u00eatre t\u00e9l\u00e9charg\u00e9 ici:<\/em><\/p>\n","protected":false},"excerpt":{"rendered":"<p>extrait de l&#8217;article publi\u00e9 dans &lsquo;le Betteravier&rsquo; de octobre-novembre\u00a02016<\/p>\n","protected":false},"author":3,"featured_media":0,"comment_status":"closed","ping_status":"open","sticky":false,"template":"","format":"standard","meta":{"iawp_total_views":1,"footnotes":""},"categories":[223],"tags":[169],"class_list":["post-8652","post","type-post","status-publish","format-standard","hentry","category-maladies-racinaires","tag-articles-presentations"],"yoast_head":"<!-- This site is optimized with the Yoast SEO plugin v27.5 - https:\/\/yoast.com\/product\/yoast-seo-wordpress\/ -->\n<title>Bien identifier les maladies racinaires en automne pour anticiper les probl\u00e8mes futurs (Betteravier octobre-novembre 2016) - IRBAB-KBIVB<\/title>\n<meta name=\"robots\" content=\"index, follow, max-snippet:-1, max-image-preview:large, max-video-preview:-1\" \/>\n<link rel=\"canonical\" href=\"https:\/\/www.irbab-kbivb.be\/fr\/bien-identifier-les-maladies-racinaires-en-automne-pour-anticiper-les-problemes-futurs-betteravier-octobre-novembre-2016\/\" \/>\n<meta property=\"og:locale\" content=\"fr_FR\" \/>\n<meta property=\"og:type\" content=\"article\" \/>\n<meta property=\"og:title\" content=\"Bien identifier les maladies racinaires en automne pour anticiper les probl\u00e8mes futurs (Betteravier octobre-novembre 2016) - IRBAB-KBIVB\" \/>\n<meta property=\"og:description\" content=\"extrait de l&#8217;article publi\u00e9 dans &lsquo;le Betteravier&rsquo; de octobre-novembre\u00a02016\" \/>\n<meta property=\"og:url\" content=\"https:\/\/www.irbab-kbivb.be\/fr\/bien-identifier-les-maladies-racinaires-en-automne-pour-anticiper-les-problemes-futurs-betteravier-octobre-novembre-2016\/\" \/>\n<meta property=\"og:site_name\" content=\"IRBAB-KBIVB\" \/>\n<meta property=\"article:published_time\" content=\"2016-10-11T14:16:55+00:00\" \/>\n<meta name=\"author\" content=\"Marion\" \/>\n<meta name=\"twitter:card\" content=\"summary_large_image\" \/>\n<meta name=\"twitter:label1\" content=\"\u00c9crit par\" \/>\n\t<meta name=\"twitter:data1\" content=\"Marion\" \/>\n\t<meta name=\"twitter:label2\" content=\"Dur\u00e9e de lecture estim\u00e9e\" \/>\n\t<meta name=\"twitter:data2\" content=\"1 minute\" \/>\n<script type=\"application\/ld+json\" class=\"yoast-schema-graph\">{\"@context\":\"https:\\\/\\\/schema.org\",\"@graph\":[{\"@type\":\"Article\",\"@id\":\"https:\\\/\\\/www.irbab-kbivb.be\\\/fr\\\/bien-identifier-les-maladies-racinaires-en-automne-pour-anticiper-les-problemes-futurs-betteravier-octobre-novembre-2016\\\/#article\",\"isPartOf\":{\"@id\":\"https:\\\/\\\/www.irbab-kbivb.be\\\/fr\\\/bien-identifier-les-maladies-racinaires-en-automne-pour-anticiper-les-problemes-futurs-betteravier-octobre-novembre-2016\\\/\"},\"author\":{\"name\":\"Marion\",\"@id\":\"https:\\\/\\\/www.irbab-kbivb.be\\\/#\\\/schema\\\/person\\\/dad6fe34d3ac93cce3720797f132a2e5\"},\"headline\":\"Bien identifier les maladies racinaires en automne pour anticiper les probl\u00e8mes futurs (Betteravier octobre-novembre 2016)\",\"datePublished\":\"2016-10-11T14:16:55+00:00\",\"mainEntityOfPage\":{\"@id\":\"https:\\\/\\\/www.irbab-kbivb.be\\\/fr\\\/bien-identifier-les-maladies-racinaires-en-automne-pour-anticiper-les-problemes-futurs-betteravier-octobre-novembre-2016\\\/\"},\"wordCount\":203,\"keywords\":[\"Articles\"],\"articleSection\":[\"Maladies racinaires\"],\"inLanguage\":\"fr-FR\"},{\"@type\":\"WebPage\",\"@id\":\"https:\\\/\\\/www.irbab-kbivb.be\\\/fr\\\/bien-identifier-les-maladies-racinaires-en-automne-pour-anticiper-les-problemes-futurs-betteravier-octobre-novembre-2016\\\/\",\"url\":\"https:\\\/\\\/www.irbab-kbivb.be\\\/fr\\\/bien-identifier-les-maladies-racinaires-en-automne-pour-anticiper-les-problemes-futurs-betteravier-octobre-novembre-2016\\\/\",\"name\":\"Bien identifier les maladies racinaires en automne pour anticiper les probl\u00e8mes futurs (Betteravier octobre-novembre 2016) - IRBAB-KBIVB\",\"isPartOf\":{\"@id\":\"https:\\\/\\\/www.irbab-kbivb.be\\\/#website\"},\"datePublished\":\"2016-10-11T14:16:55+00:00\",\"author\":{\"@id\":\"https:\\\/\\\/www.irbab-kbivb.be\\\/#\\\/schema\\\/person\\\/dad6fe34d3ac93cce3720797f132a2e5\"},\"breadcrumb\":{\"@id\":\"https:\\\/\\\/www.irbab-kbivb.be\\\/fr\\\/bien-identifier-les-maladies-racinaires-en-automne-pour-anticiper-les-problemes-futurs-betteravier-octobre-novembre-2016\\\/#breadcrumb\"},\"inLanguage\":\"fr-FR\",\"potentialAction\":[{\"@type\":\"ReadAction\",\"target\":[\"https:\\\/\\\/www.irbab-kbivb.be\\\/fr\\\/bien-identifier-les-maladies-racinaires-en-automne-pour-anticiper-les-problemes-futurs-betteravier-octobre-novembre-2016\\\/\"]}]},{\"@type\":\"BreadcrumbList\",\"@id\":\"https:\\\/\\\/www.irbab-kbivb.be\\\/fr\\\/bien-identifier-les-maladies-racinaires-en-automne-pour-anticiper-les-problemes-futurs-betteravier-octobre-novembre-2016\\\/#breadcrumb\",\"itemListElement\":[{\"@type\":\"ListItem\",\"position\":1,\"name\":\"Home\",\"item\":\"https:\\\/\\\/www.irbab-kbivb.be\\\/fr\\\/\"},{\"@type\":\"ListItem\",\"position\":2,\"name\":\"Betterave\",\"item\":\"https:\\\/\\\/www.irbab-kbivb.be\\\/fr\\\/category\\\/betterave\\\/\"},{\"@type\":\"ListItem\",\"position\":3,\"name\":\"Protection des plantes\",\"item\":\"https:\\\/\\\/www.irbab-kbivb.be\\\/fr\\\/category\\\/betterave\\\/protection-des-plantes\\\/\"},{\"@type\":\"ListItem\",\"position\":4,\"name\":\"Maladies racinaires\",\"item\":\"https:\\\/\\\/www.irbab-kbivb.be\\\/fr\\\/category\\\/betterave\\\/protection-des-plantes\\\/maladies-racinaires\\\/\"},{\"@type\":\"ListItem\",\"position\":5,\"name\":\"Bien identifier les maladies racinaires en automne pour anticiper les probl\u00e8mes futurs (Betteravier octobre-novembre 2016)\"}]},{\"@type\":\"WebSite\",\"@id\":\"https:\\\/\\\/www.irbab-kbivb.be\\\/#website\",\"url\":\"https:\\\/\\\/www.irbab-kbivb.be\\\/\",\"name\":\"IRBAB-KBIVB\",\"description\":\"Koninklijk Belgisch Instituut tot Verbetering van de Biet vzw | Institut Royal Belge pour l&#039;Am\u00e9lioration de la Betterave asbl\",\"potentialAction\":[{\"@type\":\"SearchAction\",\"target\":{\"@type\":\"EntryPoint\",\"urlTemplate\":\"https:\\\/\\\/www.irbab-kbivb.be\\\/?s={search_term_string}\"},\"query-input\":{\"@type\":\"PropertyValueSpecification\",\"valueRequired\":true,\"valueName\":\"search_term_string\"}}],\"inLanguage\":\"fr-FR\"},{\"@type\":\"Person\",\"@id\":\"https:\\\/\\\/www.irbab-kbivb.be\\\/#\\\/schema\\\/person\\\/dad6fe34d3ac93cce3720797f132a2e5\",\"name\":\"Marion\",\"image\":{\"@type\":\"ImageObject\",\"inLanguage\":\"fr-FR\",\"@id\":\"https:\\\/\\\/secure.gravatar.com\\\/avatar\\\/05aacf3b7aaf804eb748ec4466641d1174d8526a14e65b425d918689da98856a?s=96&d=mm&r=g\",\"url\":\"https:\\\/\\\/secure.gravatar.com\\\/avatar\\\/05aacf3b7aaf804eb748ec4466641d1174d8526a14e65b425d918689da98856a?s=96&d=mm&r=g\",\"contentUrl\":\"https:\\\/\\\/secure.gravatar.com\\\/avatar\\\/05aacf3b7aaf804eb748ec4466641d1174d8526a14e65b425d918689da98856a?s=96&d=mm&r=g\",\"caption\":\"Marion\"},\"url\":\"https:\\\/\\\/www.irbab-kbivb.be\\\/fr\\\/author\\\/anja\\\/\"}]}<\/script>\n<!-- \/ Yoast SEO plugin. -->","yoast_head_json":{"title":"Bien identifier les maladies racinaires en automne pour anticiper les probl\u00e8mes futurs (Betteravier octobre-novembre 2016) - IRBAB-KBIVB","robots":{"index":"index","follow":"follow","max-snippet":"max-snippet:-1","max-image-preview":"max-image-preview:large","max-video-preview":"max-video-preview:-1"},"canonical":"https:\/\/www.irbab-kbivb.be\/fr\/bien-identifier-les-maladies-racinaires-en-automne-pour-anticiper-les-problemes-futurs-betteravier-octobre-novembre-2016\/","og_locale":"fr_FR","og_type":"article","og_title":"Bien identifier les maladies racinaires en automne pour anticiper les probl\u00e8mes futurs (Betteravier octobre-novembre 2016) - IRBAB-KBIVB","og_description":"extrait de l&#8217;article publi\u00e9 dans &lsquo;le Betteravier&rsquo; de octobre-novembre\u00a02016","og_url":"https:\/\/www.irbab-kbivb.be\/fr\/bien-identifier-les-maladies-racinaires-en-automne-pour-anticiper-les-problemes-futurs-betteravier-octobre-novembre-2016\/","og_site_name":"IRBAB-KBIVB","article_published_time":"2016-10-11T14:16:55+00:00","author":"Marion","twitter_card":"summary_large_image","twitter_misc":{"\u00c9crit par":"Marion","Dur\u00e9e de lecture estim\u00e9e":"1 minute"},"schema":{"@context":"https:\/\/schema.org","@graph":[{"@type":"Article","@id":"https:\/\/www.irbab-kbivb.be\/fr\/bien-identifier-les-maladies-racinaires-en-automne-pour-anticiper-les-problemes-futurs-betteravier-octobre-novembre-2016\/#article","isPartOf":{"@id":"https:\/\/www.irbab-kbivb.be\/fr\/bien-identifier-les-maladies-racinaires-en-automne-pour-anticiper-les-problemes-futurs-betteravier-octobre-novembre-2016\/"},"author":{"name":"Marion","@id":"https:\/\/www.irbab-kbivb.be\/#\/schema\/person\/dad6fe34d3ac93cce3720797f132a2e5"},"headline":"Bien identifier les maladies racinaires en automne pour anticiper les probl\u00e8mes futurs (Betteravier octobre-novembre 2016)","datePublished":"2016-10-11T14:16:55+00:00","mainEntityOfPage":{"@id":"https:\/\/www.irbab-kbivb.be\/fr\/bien-identifier-les-maladies-racinaires-en-automne-pour-anticiper-les-problemes-futurs-betteravier-octobre-novembre-2016\/"},"wordCount":203,"keywords":["Articles"],"articleSection":["Maladies racinaires"],"inLanguage":"fr-FR"},{"@type":"WebPage","@id":"https:\/\/www.irbab-kbivb.be\/fr\/bien-identifier-les-maladies-racinaires-en-automne-pour-anticiper-les-problemes-futurs-betteravier-octobre-novembre-2016\/","url":"https:\/\/www.irbab-kbivb.be\/fr\/bien-identifier-les-maladies-racinaires-en-automne-pour-anticiper-les-problemes-futurs-betteravier-octobre-novembre-2016\/","name":"Bien identifier les maladies racinaires en automne pour anticiper les probl\u00e8mes futurs (Betteravier octobre-novembre 2016) - IRBAB-KBIVB","isPartOf":{"@id":"https:\/\/www.irbab-kbivb.be\/#website"},"datePublished":"2016-10-11T14:16:55+00:00","author":{"@id":"https:\/\/www.irbab-kbivb.be\/#\/schema\/person\/dad6fe34d3ac93cce3720797f132a2e5"},"breadcrumb":{"@id":"https:\/\/www.irbab-kbivb.be\/fr\/bien-identifier-les-maladies-racinaires-en-automne-pour-anticiper-les-problemes-futurs-betteravier-octobre-novembre-2016\/#breadcrumb"},"inLanguage":"fr-FR","potentialAction":[{"@type":"ReadAction","target":["https:\/\/www.irbab-kbivb.be\/fr\/bien-identifier-les-maladies-racinaires-en-automne-pour-anticiper-les-problemes-futurs-betteravier-octobre-novembre-2016\/"]}]},{"@type":"BreadcrumbList","@id":"https:\/\/www.irbab-kbivb.be\/fr\/bien-identifier-les-maladies-racinaires-en-automne-pour-anticiper-les-problemes-futurs-betteravier-octobre-novembre-2016\/#breadcrumb","itemListElement":[{"@type":"ListItem","position":1,"name":"Home","item":"https:\/\/www.irbab-kbivb.be\/fr\/"},{"@type":"ListItem","position":2,"name":"Betterave","item":"https:\/\/www.irbab-kbivb.be\/fr\/category\/betterave\/"},{"@type":"ListItem","position":3,"name":"Protection des plantes","item":"https:\/\/www.irbab-kbivb.be\/fr\/category\/betterave\/protection-des-plantes\/"},{"@type":"ListItem","position":4,"name":"Maladies racinaires","item":"https:\/\/www.irbab-kbivb.be\/fr\/category\/betterave\/protection-des-plantes\/maladies-racinaires\/"},{"@type":"ListItem","position":5,"name":"Bien identifier les maladies racinaires en automne pour anticiper les probl\u00e8mes futurs (Betteravier octobre-novembre 2016)"}]},{"@type":"WebSite","@id":"https:\/\/www.irbab-kbivb.be\/#website","url":"https:\/\/www.irbab-kbivb.be\/","name":"IRBAB-KBIVB","description":"Koninklijk Belgisch Instituut tot Verbetering van de Biet vzw | Institut Royal Belge pour l&#039;Am\u00e9lioration de la Betterave asbl","potentialAction":[{"@type":"SearchAction","target":{"@type":"EntryPoint","urlTemplate":"https:\/\/www.irbab-kbivb.be\/?s={search_term_string}"},"query-input":{"@type":"PropertyValueSpecification","valueRequired":true,"valueName":"search_term_string"}}],"inLanguage":"fr-FR"},{"@type":"Person","@id":"https:\/\/www.irbab-kbivb.be\/#\/schema\/person\/dad6fe34d3ac93cce3720797f132a2e5","name":"Marion","image":{"@type":"ImageObject","inLanguage":"fr-FR","@id":"https:\/\/secure.gravatar.com\/avatar\/05aacf3b7aaf804eb748ec4466641d1174d8526a14e65b425d918689da98856a?s=96&d=mm&r=g","url":"https:\/\/secure.gravatar.com\/avatar\/05aacf3b7aaf804eb748ec4466641d1174d8526a14e65b425d918689da98856a?s=96&d=mm&r=g","contentUrl":"https:\/\/secure.gravatar.com\/avatar\/05aacf3b7aaf804eb748ec4466641d1174d8526a14e65b425d918689da98856a?s=96&d=mm&r=g","caption":"Marion"},"url":"https:\/\/www.irbab-kbivb.be\/fr\/author\/anja\/"}]}},"_links":{"self":[{"href":"https:\/\/www.irbab-kbivb.be\/fr\/wp-json\/wp\/v2\/posts\/8652","targetHints":{"allow":["GET"]}}],"collection":[{"href":"https:\/\/www.irbab-kbivb.be\/fr\/wp-json\/wp\/v2\/posts"}],"about":[{"href":"https:\/\/www.irbab-kbivb.be\/fr\/wp-json\/wp\/v2\/types\/post"}],"author":[{"embeddable":true,"href":"https:\/\/www.irbab-kbivb.be\/fr\/wp-json\/wp\/v2\/users\/3"}],"replies":[{"embeddable":true,"href":"https:\/\/www.irbab-kbivb.be\/fr\/wp-json\/wp\/v2\/comments?post=8652"}],"version-history":[{"count":2,"href":"https:\/\/www.irbab-kbivb.be\/fr\/wp-json\/wp\/v2\/posts\/8652\/revisions"}],"predecessor-version":[{"id":16012,"href":"https:\/\/www.irbab-kbivb.be\/fr\/wp-json\/wp\/v2\/posts\/8652\/revisions\/16012"}],"wp:attachment":[{"href":"https:\/\/www.irbab-kbivb.be\/fr\/wp-json\/wp\/v2\/media?parent=8652"}],"wp:term":[{"taxonomy":"category","embeddable":true,"href":"https:\/\/www.irbab-kbivb.be\/fr\/wp-json\/wp\/v2\/categories?post=8652"},{"taxonomy":"post_tag","embeddable":true,"href":"https:\/\/www.irbab-kbivb.be\/fr\/wp-json\/wp\/v2\/tags?post=8652"}],"curies":[{"name":"wp","href":"https:\/\/api.w.org\/{rel}","templated":true}]}}