{"id":8082,"date":"2016-07-20T14:31:03","date_gmt":"2016-07-20T12:31:03","guid":{"rendered":"http:\/\/www.irbab-kbivb.be\/fr\/?p=8082"},"modified":"2017-09-27T11:52:07","modified_gmt":"2017-09-27T09:52:07","slug":"sensibilite-des-varietes-aux-maladies-foliaires-2016","status":"publish","type":"post","link":"https:\/\/www.irbab-kbivb.be\/fr\/sensibilite-des-varietes-aux-maladies-foliaires-2016\/","title":{"rendered":"Sensibilit\u00e9 des vari\u00e9t\u00e9s aux maladies foliaires 2016 <em>(juillet 2016)<\/em>"},"content":{"rendered":"<p><em>Graphique sensibilit\u00e9 des vari\u00e9t\u00e9s aux maladies foliaires 2016.<\/em><\/p>\n<p>&nbsp;<\/p>\n<hr \/>\n<p><em>T\u00e9l\u00e9chargez ici le graphique:<\/em><\/p>\n","protected":false},"excerpt":{"rendered":"<p>Graphique sensibilit\u00e9 des vari\u00e9t\u00e9s aux maladies foliaires 2016. &nbsp; T\u00e9l\u00e9chargez ici le graphique:<\/p>\n","protected":false},"author":5,"featured_media":0,"comment_status":"closed","ping_status":"open","sticky":false,"template":"","format":"standard","meta":{"iawp_total_views":1,"footnotes":""},"categories":[221,219],"tags":[169],"class_list":["post-8082","post","type-post","status-publish","format-standard","hentry","category-maladies-foliaires","category-varietes","tag-articles-presentations"],"yoast_head":"<!-- This site is optimized with the Yoast SEO plugin v27.5 - https:\/\/yoast.com\/product\/yoast-seo-wordpress\/ -->\n<title>Sensibilit\u00e9 des vari\u00e9t\u00e9s aux maladies foliaires 2016 (juillet 2016) - IRBAB-KBIVB<\/title>\n<meta name=\"robots\" content=\"index, follow, max-snippet:-1, max-image-preview:large, max-video-preview:-1\" \/>\n<link rel=\"canonical\" href=\"https:\/\/www.irbab-kbivb.be\/fr\/sensibilite-des-varietes-aux-maladies-foliaires-2016\/\" \/>\n<meta property=\"og:locale\" content=\"fr_FR\" \/>\n<meta property=\"og:type\" content=\"article\" \/>\n<meta property=\"og:title\" content=\"Sensibilit\u00e9 des vari\u00e9t\u00e9s aux maladies foliaires 2016 (juillet 2016) - IRBAB-KBIVB\" \/>\n<meta property=\"og:description\" content=\"Graphique sensibilit\u00e9 des vari\u00e9t\u00e9s aux maladies foliaires 2016. &nbsp; T\u00e9l\u00e9chargez ici le graphique:\" \/>\n<meta property=\"og:url\" content=\"https:\/\/www.irbab-kbivb.be\/fr\/sensibilite-des-varietes-aux-maladies-foliaires-2016\/\" \/>\n<meta property=\"og:site_name\" content=\"IRBAB-KBIVB\" \/>\n<meta property=\"article:published_time\" content=\"2016-07-20T12:31:03+00:00\" \/>\n<meta property=\"article:modified_time\" content=\"2017-09-27T09:52:07+00:00\" \/>\n<meta name=\"author\" content=\"Patrick Delaitte\" \/>\n<meta name=\"twitter:card\" content=\"summary_large_image\" \/>\n<meta name=\"twitter:label1\" content=\"\u00c9crit par\" \/>\n\t<meta name=\"twitter:data1\" content=\"Patrick Delaitte\" \/>\n<script type=\"application\/ld+json\" class=\"yoast-schema-graph\">{\"@context\":\"https:\\\/\\\/schema.org\",\"@graph\":[{\"@type\":\"Article\",\"@id\":\"https:\\\/\\\/www.irbab-kbivb.be\\\/fr\\\/sensibilite-des-varietes-aux-maladies-foliaires-2016\\\/#article\",\"isPartOf\":{\"@id\":\"https:\\\/\\\/www.irbab-kbivb.be\\\/fr\\\/sensibilite-des-varietes-aux-maladies-foliaires-2016\\\/\"},\"author\":{\"name\":\"Patrick Delaitte\",\"@id\":\"https:\\\/\\\/www.irbab-kbivb.be\\\/#\\\/schema\\\/person\\\/80a980b99f080ac538bdd4c47dd4206a\"},\"headline\":\"Sensibilit\u00e9 des vari\u00e9t\u00e9s aux maladies foliaires 2016 (juillet 2016)\",\"datePublished\":\"2016-07-20T12:31:03+00:00\",\"dateModified\":\"2017-09-27T09:52:07+00:00\",\"mainEntityOfPage\":{\"@id\":\"https:\\\/\\\/www.irbab-kbivb.be\\\/fr\\\/sensibilite-des-varietes-aux-maladies-foliaires-2016\\\/\"},\"wordCount\":25,\"keywords\":[\"Articles\"],\"articleSection\":[\"Maladies foliaires\",\"Vari\u00e9t\u00e9s\"],\"inLanguage\":\"fr-FR\"},{\"@type\":\"WebPage\",\"@id\":\"https:\\\/\\\/www.irbab-kbivb.be\\\/fr\\\/sensibilite-des-varietes-aux-maladies-foliaires-2016\\\/\",\"url\":\"https:\\\/\\\/www.irbab-kbivb.be\\\/fr\\\/sensibilite-des-varietes-aux-maladies-foliaires-2016\\\/\",\"name\":\"Sensibilit\u00e9 des vari\u00e9t\u00e9s aux maladies foliaires 2016 (juillet 2016) - IRBAB-KBIVB\",\"isPartOf\":{\"@id\":\"https:\\\/\\\/www.irbab-kbivb.be\\\/#website\"},\"datePublished\":\"2016-07-20T12:31:03+00:00\",\"dateModified\":\"2017-09-27T09:52:07+00:00\",\"author\":{\"@id\":\"https:\\\/\\\/www.irbab-kbivb.be\\\/#\\\/schema\\\/person\\\/80a980b99f080ac538bdd4c47dd4206a\"},\"breadcrumb\":{\"@id\":\"https:\\\/\\\/www.irbab-kbivb.be\\\/fr\\\/sensibilite-des-varietes-aux-maladies-foliaires-2016\\\/#breadcrumb\"},\"inLanguage\":\"fr-FR\",\"potentialAction\":[{\"@type\":\"ReadAction\",\"target\":[\"https:\\\/\\\/www.irbab-kbivb.be\\\/fr\\\/sensibilite-des-varietes-aux-maladies-foliaires-2016\\\/\"]}]},{\"@type\":\"BreadcrumbList\",\"@id\":\"https:\\\/\\\/www.irbab-kbivb.be\\\/fr\\\/sensibilite-des-varietes-aux-maladies-foliaires-2016\\\/#breadcrumb\",\"itemListElement\":[{\"@type\":\"ListItem\",\"position\":1,\"name\":\"Home\",\"item\":\"https:\\\/\\\/www.irbab-kbivb.be\\\/fr\\\/\"},{\"@type\":\"ListItem\",\"position\":2,\"name\":\"Betterave\",\"item\":\"https:\\\/\\\/www.irbab-kbivb.be\\\/fr\\\/category\\\/betterave\\\/\"},{\"@type\":\"ListItem\",\"position\":3,\"name\":\"Protection des plantes\",\"item\":\"https:\\\/\\\/www.irbab-kbivb.be\\\/fr\\\/category\\\/betterave\\\/protection-des-plantes\\\/\"},{\"@type\":\"ListItem\",\"position\":4,\"name\":\"Maladies foliaires\",\"item\":\"https:\\\/\\\/www.irbab-kbivb.be\\\/fr\\\/category\\\/betterave\\\/protection-des-plantes\\\/maladies-foliaires\\\/\"},{\"@type\":\"ListItem\",\"position\":5,\"name\":\"Sensibilit\u00e9 des vari\u00e9t\u00e9s aux maladies foliaires 2016 (juillet 2016)\"}]},{\"@type\":\"WebSite\",\"@id\":\"https:\\\/\\\/www.irbab-kbivb.be\\\/#website\",\"url\":\"https:\\\/\\\/www.irbab-kbivb.be\\\/\",\"name\":\"IRBAB-KBIVB\",\"description\":\"Koninklijk Belgisch Instituut tot Verbetering van de Biet vzw | Institut Royal Belge pour l&#039;Am\u00e9lioration de la Betterave asbl\",\"potentialAction\":[{\"@type\":\"SearchAction\",\"target\":{\"@type\":\"EntryPoint\",\"urlTemplate\":\"https:\\\/\\\/www.irbab-kbivb.be\\\/?s={search_term_string}\"},\"query-input\":{\"@type\":\"PropertyValueSpecification\",\"valueRequired\":true,\"valueName\":\"search_term_string\"}}],\"inLanguage\":\"fr-FR\"},{\"@type\":\"Person\",\"@id\":\"https:\\\/\\\/www.irbab-kbivb.be\\\/#\\\/schema\\\/person\\\/80a980b99f080ac538bdd4c47dd4206a\",\"name\":\"Patrick Delaitte\",\"image\":{\"@type\":\"ImageObject\",\"inLanguage\":\"fr-FR\",\"@id\":\"https:\\\/\\\/secure.gravatar.com\\\/avatar\\\/b5280044a1fb146e6735411e28c73264d100015a50172ad22c78a830071b69af?s=96&d=mm&r=g\",\"url\":\"https:\\\/\\\/secure.gravatar.com\\\/avatar\\\/b5280044a1fb146e6735411e28c73264d100015a50172ad22c78a830071b69af?s=96&d=mm&r=g\",\"contentUrl\":\"https:\\\/\\\/secure.gravatar.com\\\/avatar\\\/b5280044a1fb146e6735411e28c73264d100015a50172ad22c78a830071b69af?s=96&d=mm&r=g\",\"caption\":\"Patrick Delaitte\"},\"url\":\"https:\\\/\\\/www.irbab-kbivb.be\\\/fr\\\/author\\\/patrick\\\/\"}]}<\/script>\n<!-- \/ Yoast SEO plugin. -->","yoast_head_json":{"title":"Sensibilit\u00e9 des vari\u00e9t\u00e9s aux maladies foliaires 2016 (juillet 2016) - IRBAB-KBIVB","robots":{"index":"index","follow":"follow","max-snippet":"max-snippet:-1","max-image-preview":"max-image-preview:large","max-video-preview":"max-video-preview:-1"},"canonical":"https:\/\/www.irbab-kbivb.be\/fr\/sensibilite-des-varietes-aux-maladies-foliaires-2016\/","og_locale":"fr_FR","og_type":"article","og_title":"Sensibilit\u00e9 des vari\u00e9t\u00e9s aux maladies foliaires 2016 (juillet 2016) - IRBAB-KBIVB","og_description":"Graphique sensibilit\u00e9 des vari\u00e9t\u00e9s aux maladies foliaires 2016. &nbsp; T\u00e9l\u00e9chargez ici le graphique:","og_url":"https:\/\/www.irbab-kbivb.be\/fr\/sensibilite-des-varietes-aux-maladies-foliaires-2016\/","og_site_name":"IRBAB-KBIVB","article_published_time":"2016-07-20T12:31:03+00:00","article_modified_time":"2017-09-27T09:52:07+00:00","author":"Patrick Delaitte","twitter_card":"summary_large_image","twitter_misc":{"\u00c9crit par":"Patrick Delaitte"},"schema":{"@context":"https:\/\/schema.org","@graph":[{"@type":"Article","@id":"https:\/\/www.irbab-kbivb.be\/fr\/sensibilite-des-varietes-aux-maladies-foliaires-2016\/#article","isPartOf":{"@id":"https:\/\/www.irbab-kbivb.be\/fr\/sensibilite-des-varietes-aux-maladies-foliaires-2016\/"},"author":{"name":"Patrick Delaitte","@id":"https:\/\/www.irbab-kbivb.be\/#\/schema\/person\/80a980b99f080ac538bdd4c47dd4206a"},"headline":"Sensibilit\u00e9 des vari\u00e9t\u00e9s aux maladies foliaires 2016 (juillet 2016)","datePublished":"2016-07-20T12:31:03+00:00","dateModified":"2017-09-27T09:52:07+00:00","mainEntityOfPage":{"@id":"https:\/\/www.irbab-kbivb.be\/fr\/sensibilite-des-varietes-aux-maladies-foliaires-2016\/"},"wordCount":25,"keywords":["Articles"],"articleSection":["Maladies foliaires","Vari\u00e9t\u00e9s"],"inLanguage":"fr-FR"},{"@type":"WebPage","@id":"https:\/\/www.irbab-kbivb.be\/fr\/sensibilite-des-varietes-aux-maladies-foliaires-2016\/","url":"https:\/\/www.irbab-kbivb.be\/fr\/sensibilite-des-varietes-aux-maladies-foliaires-2016\/","name":"Sensibilit\u00e9 des vari\u00e9t\u00e9s aux maladies foliaires 2016 (juillet 2016) - IRBAB-KBIVB","isPartOf":{"@id":"https:\/\/www.irbab-kbivb.be\/#website"},"datePublished":"2016-07-20T12:31:03+00:00","dateModified":"2017-09-27T09:52:07+00:00","author":{"@id":"https:\/\/www.irbab-kbivb.be\/#\/schema\/person\/80a980b99f080ac538bdd4c47dd4206a"},"breadcrumb":{"@id":"https:\/\/www.irbab-kbivb.be\/fr\/sensibilite-des-varietes-aux-maladies-foliaires-2016\/#breadcrumb"},"inLanguage":"fr-FR","potentialAction":[{"@type":"ReadAction","target":["https:\/\/www.irbab-kbivb.be\/fr\/sensibilite-des-varietes-aux-maladies-foliaires-2016\/"]}]},{"@type":"BreadcrumbList","@id":"https:\/\/www.irbab-kbivb.be\/fr\/sensibilite-des-varietes-aux-maladies-foliaires-2016\/#breadcrumb","itemListElement":[{"@type":"ListItem","position":1,"name":"Home","item":"https:\/\/www.irbab-kbivb.be\/fr\/"},{"@type":"ListItem","position":2,"name":"Betterave","item":"https:\/\/www.irbab-kbivb.be\/fr\/category\/betterave\/"},{"@type":"ListItem","position":3,"name":"Protection des plantes","item":"https:\/\/www.irbab-kbivb.be\/fr\/category\/betterave\/protection-des-plantes\/"},{"@type":"ListItem","position":4,"name":"Maladies foliaires","item":"https:\/\/www.irbab-kbivb.be\/fr\/category\/betterave\/protection-des-plantes\/maladies-foliaires\/"},{"@type":"ListItem","position":5,"name":"Sensibilit\u00e9 des vari\u00e9t\u00e9s aux maladies foliaires 2016 (juillet 2016)"}]},{"@type":"WebSite","@id":"https:\/\/www.irbab-kbivb.be\/#website","url":"https:\/\/www.irbab-kbivb.be\/","name":"IRBAB-KBIVB","description":"Koninklijk Belgisch Instituut tot Verbetering van de Biet vzw | Institut Royal Belge pour l&#039;Am\u00e9lioration de la Betterave asbl","potentialAction":[{"@type":"SearchAction","target":{"@type":"EntryPoint","urlTemplate":"https:\/\/www.irbab-kbivb.be\/?s={search_term_string}"},"query-input":{"@type":"PropertyValueSpecification","valueRequired":true,"valueName":"search_term_string"}}],"inLanguage":"fr-FR"},{"@type":"Person","@id":"https:\/\/www.irbab-kbivb.be\/#\/schema\/person\/80a980b99f080ac538bdd4c47dd4206a","name":"Patrick Delaitte","image":{"@type":"ImageObject","inLanguage":"fr-FR","@id":"https:\/\/secure.gravatar.com\/avatar\/b5280044a1fb146e6735411e28c73264d100015a50172ad22c78a830071b69af?s=96&d=mm&r=g","url":"https:\/\/secure.gravatar.com\/avatar\/b5280044a1fb146e6735411e28c73264d100015a50172ad22c78a830071b69af?s=96&d=mm&r=g","contentUrl":"https:\/\/secure.gravatar.com\/avatar\/b5280044a1fb146e6735411e28c73264d100015a50172ad22c78a830071b69af?s=96&d=mm&r=g","caption":"Patrick Delaitte"},"url":"https:\/\/www.irbab-kbivb.be\/fr\/author\/patrick\/"}]}},"_links":{"self":[{"href":"https:\/\/www.irbab-kbivb.be\/fr\/wp-json\/wp\/v2\/posts\/8082","targetHints":{"allow":["GET"]}}],"collection":[{"href":"https:\/\/www.irbab-kbivb.be\/fr\/wp-json\/wp\/v2\/posts"}],"about":[{"href":"https:\/\/www.irbab-kbivb.be\/fr\/wp-json\/wp\/v2\/types\/post"}],"author":[{"embeddable":true,"href":"https:\/\/www.irbab-kbivb.be\/fr\/wp-json\/wp\/v2\/users\/5"}],"replies":[{"embeddable":true,"href":"https:\/\/www.irbab-kbivb.be\/fr\/wp-json\/wp\/v2\/comments?post=8082"}],"version-history":[{"count":2,"href":"https:\/\/www.irbab-kbivb.be\/fr\/wp-json\/wp\/v2\/posts\/8082\/revisions"}],"predecessor-version":[{"id":8197,"href":"https:\/\/www.irbab-kbivb.be\/fr\/wp-json\/wp\/v2\/posts\/8082\/revisions\/8197"}],"wp:attachment":[{"href":"https:\/\/www.irbab-kbivb.be\/fr\/wp-json\/wp\/v2\/media?parent=8082"}],"wp:term":[{"taxonomy":"category","embeddable":true,"href":"https:\/\/www.irbab-kbivb.be\/fr\/wp-json\/wp\/v2\/categories?post=8082"},{"taxonomy":"post_tag","embeddable":true,"href":"https:\/\/www.irbab-kbivb.be\/fr\/wp-json\/wp\/v2\/tags?post=8082"}],"curies":[{"name":"wp","href":"https:\/\/api.w.org\/{rel}","templated":true}]}}