{"id":8035,"date":"2016-07-01T13:47:25","date_gmt":"2016-07-01T11:47:25","guid":{"rendered":"http:\/\/www.irbab-kbivb.be\/fr\/?p=8035"},"modified":"2016-08-08T13:16:29","modified_gmt":"2016-08-08T11:16:29","slug":"etat-des-cultures-parfois-preoccupant-aphanomyces-regulierement-present-dans-ces-parcelles","status":"publish","type":"post","link":"https:\/\/www.irbab-kbivb.be\/fr\/etat-des-cultures-parfois-preoccupant-aphanomyces-regulierement-present-dans-ces-parcelles\/","title":{"rendered":"Etat des cultures parfois pr\u00e9occupant: Aphanomyces r\u00e9guli\u00e8rement pr\u00e9sent dans ces parcelles"},"content":{"rendered":"<p><a href=\"https:\/\/www.irbab-kbivb.be\/wp-content\/uploads\/2016\/07\/Aphanomyces.jpg\"><img loading=\"lazy\" decoding=\"async\" class=\"rounded alignleft wp-image-8033 size-medium\" src=\"https:\/\/www.irbab-kbivb.be\/wp-content\/uploads\/2016\/07\/Aphanomyces-300x211.jpg\" alt=\"Aphanomyces\" width=\"300\" height=\"211\" srcset=\"https:\/\/www.irbab-kbivb.be\/wp-content\/uploads\/2016\/07\/Aphanomyces-300x211.jpg 300w, https:\/\/www.irbab-kbivb.be\/wp-content\/uploads\/2016\/07\/Aphanomyces-768x540.jpg 768w, https:\/\/www.irbab-kbivb.be\/wp-content\/uploads\/2016\/07\/Aphanomyces.jpg 1024w, https:\/\/www.irbab-kbivb.be\/wp-content\/uploads\/2016\/07\/Aphanomyces-810x570.jpg 810w\" sizes=\"auto, (max-width: 300px) 100vw, 300px\" \/><\/a>Du fait des conditions tr\u00e8s humides et asphyxiantes de ce mois de juin, des pourritures noires de la racine, caus\u00e9e par Aphanomyces <em>(Aphanomyces cochlioides)<\/em> sont observ\u00e9es dans certaines parcelles. Cette maladie attaque superficiellement la racine de la betterave, mais peut engendrer des d\u00e9formations importantes. En cours de culture, il n&rsquo;y a aucun moyen de lutte.<br \/>\n<u>Sympt\u00f4mes<\/u>: on observe des zones noircies sur la racine, avec un \u00e9clatement de l&rsquo;\u00e9piderme et des crevasses superficielles spongieuses, plus ou moins quadrill\u00e9es et noircies par une n\u00e9crose des tissus au niveau des sillons saccharif\u00e8res (= pourriture noire). Si l&rsquo;attaque est pr\u00e9coce, elle peut \u00e9trangler la racine qui peut se casser \u00e0 la surface du sol. Cette pourriture s\u00e8che reste souvent superficielle et attaque peu en profondeur les tissus de la racine. Le collet et la pointe de la racine sont moins attaqu\u00e9s par cette maladie. Des stries verticales peuvent subsister si l&rsquo;infection reste limit\u00e9e et que l&rsquo;\u00e9piderme est parvenu \u00e0 cicatriser avant la r\u00e9colte.<br \/>\n<u>Origine<\/u>: plus souvent dans les sols l\u00e9gers ou \u00e0 pH faible, ou sur des parcelles avec des probl\u00e8mes drainage. Le sympt\u00f4me apparait un peu au-dessus de la semelle de pr\u00e9paration du lit de semis (zone de lissage potentiel du sol lors de l&rsquo;ouverture d&rsquo;une terre dans des conditions encore humides). L&rsquo;eau stagnante \u00e0 la surface du sol o\u00f9 \u00e0 faible profondeur apr\u00e8s de fortes averses est un \u00e9l\u00e9ment favorable.<\/p>\n","protected":false},"excerpt":{"rendered":"<p>Du fait des conditions tr\u00e8s humides et asphyxiantes de ce mois de juin, des pourritures noires de la racine, caus\u00e9e par Aphanomyces (Aphanomyces cochlioides) sont observ\u00e9es dans certaines parcelles. Cette maladie attaque superficiellement la racine de la betterave, mais peut engendrer des d\u00e9formations importantes. En cours de culture, il n&rsquo;y a aucun moyen de lutte. [&hellip;]<\/p>\n","protected":false},"author":5,"featured_media":8033,"comment_status":"closed","ping_status":"open","sticky":false,"template":"","format":"standard","meta":{"iawp_total_views":4,"footnotes":""},"categories":[223],"tags":[243],"class_list":["post-8035","post","type-post","status-publish","format-standard","has-post-thumbnail","hentry","category-maladies-racinaires","tag-messages"],"yoast_head":"<!-- This site is optimized with the Yoast SEO plugin v27.5 - https:\/\/yoast.com\/product\/yoast-seo-wordpress\/ -->\n<title>Etat des cultures parfois pr\u00e9occupant: Aphanomyces r\u00e9guli\u00e8rement pr\u00e9sent dans ces parcelles - IRBAB-KBIVB<\/title>\n<meta name=\"robots\" content=\"index, follow, max-snippet:-1, max-image-preview:large, max-video-preview:-1\" \/>\n<link rel=\"canonical\" href=\"https:\/\/www.irbab-kbivb.be\/fr\/etat-des-cultures-parfois-preoccupant-aphanomyces-regulierement-present-dans-ces-parcelles\/\" \/>\n<meta property=\"og:locale\" content=\"fr_FR\" \/>\n<meta property=\"og:type\" content=\"article\" \/>\n<meta property=\"og:title\" content=\"Etat des cultures parfois pr\u00e9occupant: Aphanomyces r\u00e9guli\u00e8rement pr\u00e9sent dans ces parcelles - IRBAB-KBIVB\" \/>\n<meta property=\"og:description\" content=\"Du fait des conditions tr\u00e8s humides et asphyxiantes de ce mois de juin, des pourritures noires de la racine, caus\u00e9e par Aphanomyces (Aphanomyces cochlioides) sont observ\u00e9es dans certaines parcelles. Cette maladie attaque superficiellement la racine de la betterave, mais peut engendrer des d\u00e9formations importantes. En cours de culture, il n&rsquo;y a aucun moyen de lutte. [&hellip;]\" \/>\n<meta property=\"og:url\" content=\"https:\/\/www.irbab-kbivb.be\/fr\/etat-des-cultures-parfois-preoccupant-aphanomyces-regulierement-present-dans-ces-parcelles\/\" \/>\n<meta property=\"og:site_name\" content=\"IRBAB-KBIVB\" \/>\n<meta property=\"article:published_time\" content=\"2016-07-01T11:47:25+00:00\" \/>\n<meta property=\"article:modified_time\" content=\"2016-08-08T11:16:29+00:00\" \/>\n<meta property=\"og:image\" content=\"https:\/\/www.irbab-kbivb.be\/wp-content\/uploads\/2016\/07\/Aphanomyces.jpg\" \/>\n\t<meta property=\"og:image:width\" content=\"1024\" \/>\n\t<meta property=\"og:image:height\" content=\"720\" \/>\n\t<meta property=\"og:image:type\" content=\"image\/jpeg\" \/>\n<meta name=\"author\" content=\"Patrick Delaitte\" \/>\n<meta name=\"twitter:card\" content=\"summary_large_image\" \/>\n<meta name=\"twitter:label1\" content=\"\u00c9crit par\" \/>\n\t<meta name=\"twitter:data1\" content=\"Patrick Delaitte\" \/>\n\t<meta name=\"twitter:label2\" content=\"Dur\u00e9e de lecture estim\u00e9e\" \/>\n\t<meta name=\"twitter:data2\" content=\"1 minute\" \/>\n<script type=\"application\/ld+json\" class=\"yoast-schema-graph\">{\"@context\":\"https:\\\/\\\/schema.org\",\"@graph\":[{\"@type\":\"Article\",\"@id\":\"https:\\\/\\\/www.irbab-kbivb.be\\\/fr\\\/etat-des-cultures-parfois-preoccupant-aphanomyces-regulierement-present-dans-ces-parcelles\\\/#article\",\"isPartOf\":{\"@id\":\"https:\\\/\\\/www.irbab-kbivb.be\\\/fr\\\/etat-des-cultures-parfois-preoccupant-aphanomyces-regulierement-present-dans-ces-parcelles\\\/\"},\"author\":{\"name\":\"Patrick Delaitte\",\"@id\":\"https:\\\/\\\/www.irbab-kbivb.be\\\/#\\\/schema\\\/person\\\/80a980b99f080ac538bdd4c47dd4206a\"},\"headline\":\"Etat des cultures parfois pr\u00e9occupant: Aphanomyces r\u00e9guli\u00e8rement pr\u00e9sent dans ces parcelles\",\"datePublished\":\"2016-07-01T11:47:25+00:00\",\"dateModified\":\"2016-08-08T11:16:29+00:00\",\"mainEntityOfPage\":{\"@id\":\"https:\\\/\\\/www.irbab-kbivb.be\\\/fr\\\/etat-des-cultures-parfois-preoccupant-aphanomyces-regulierement-present-dans-ces-parcelles\\\/\"},\"wordCount\":273,\"image\":{\"@id\":\"https:\\\/\\\/www.irbab-kbivb.be\\\/fr\\\/etat-des-cultures-parfois-preoccupant-aphanomyces-regulierement-present-dans-ces-parcelles\\\/#primaryimage\"},\"thumbnailUrl\":\"https:\\\/\\\/www.irbab-kbivb.be\\\/wp-content\\\/uploads\\\/2016\\\/07\\\/Aphanomyces.jpg\",\"keywords\":[\"Messages\"],\"articleSection\":[\"Maladies racinaires\"],\"inLanguage\":\"fr-FR\"},{\"@type\":\"WebPage\",\"@id\":\"https:\\\/\\\/www.irbab-kbivb.be\\\/fr\\\/etat-des-cultures-parfois-preoccupant-aphanomyces-regulierement-present-dans-ces-parcelles\\\/\",\"url\":\"https:\\\/\\\/www.irbab-kbivb.be\\\/fr\\\/etat-des-cultures-parfois-preoccupant-aphanomyces-regulierement-present-dans-ces-parcelles\\\/\",\"name\":\"Etat des cultures parfois pr\u00e9occupant: Aphanomyces r\u00e9guli\u00e8rement pr\u00e9sent dans ces parcelles - IRBAB-KBIVB\",\"isPartOf\":{\"@id\":\"https:\\\/\\\/www.irbab-kbivb.be\\\/#website\"},\"primaryImageOfPage\":{\"@id\":\"https:\\\/\\\/www.irbab-kbivb.be\\\/fr\\\/etat-des-cultures-parfois-preoccupant-aphanomyces-regulierement-present-dans-ces-parcelles\\\/#primaryimage\"},\"image\":{\"@id\":\"https:\\\/\\\/www.irbab-kbivb.be\\\/fr\\\/etat-des-cultures-parfois-preoccupant-aphanomyces-regulierement-present-dans-ces-parcelles\\\/#primaryimage\"},\"thumbnailUrl\":\"https:\\\/\\\/www.irbab-kbivb.be\\\/wp-content\\\/uploads\\\/2016\\\/07\\\/Aphanomyces.jpg\",\"datePublished\":\"2016-07-01T11:47:25+00:00\",\"dateModified\":\"2016-08-08T11:16:29+00:00\",\"author\":{\"@id\":\"https:\\\/\\\/www.irbab-kbivb.be\\\/#\\\/schema\\\/person\\\/80a980b99f080ac538bdd4c47dd4206a\"},\"breadcrumb\":{\"@id\":\"https:\\\/\\\/www.irbab-kbivb.be\\\/fr\\\/etat-des-cultures-parfois-preoccupant-aphanomyces-regulierement-present-dans-ces-parcelles\\\/#breadcrumb\"},\"inLanguage\":\"fr-FR\",\"potentialAction\":[{\"@type\":\"ReadAction\",\"target\":[\"https:\\\/\\\/www.irbab-kbivb.be\\\/fr\\\/etat-des-cultures-parfois-preoccupant-aphanomyces-regulierement-present-dans-ces-parcelles\\\/\"]}]},{\"@type\":\"ImageObject\",\"inLanguage\":\"fr-FR\",\"@id\":\"https:\\\/\\\/www.irbab-kbivb.be\\\/fr\\\/etat-des-cultures-parfois-preoccupant-aphanomyces-regulierement-present-dans-ces-parcelles\\\/#primaryimage\",\"url\":\"https:\\\/\\\/www.irbab-kbivb.be\\\/wp-content\\\/uploads\\\/2016\\\/07\\\/Aphanomyces.jpg\",\"contentUrl\":\"https:\\\/\\\/www.irbab-kbivb.be\\\/wp-content\\\/uploads\\\/2016\\\/07\\\/Aphanomyces.jpg\",\"width\":1024,\"height\":720},{\"@type\":\"BreadcrumbList\",\"@id\":\"https:\\\/\\\/www.irbab-kbivb.be\\\/fr\\\/etat-des-cultures-parfois-preoccupant-aphanomyces-regulierement-present-dans-ces-parcelles\\\/#breadcrumb\",\"itemListElement\":[{\"@type\":\"ListItem\",\"position\":1,\"name\":\"Home\",\"item\":\"https:\\\/\\\/www.irbab-kbivb.be\\\/fr\\\/\"},{\"@type\":\"ListItem\",\"position\":2,\"name\":\"Betterave\",\"item\":\"https:\\\/\\\/www.irbab-kbivb.be\\\/fr\\\/category\\\/betterave\\\/\"},{\"@type\":\"ListItem\",\"position\":3,\"name\":\"Protection des plantes\",\"item\":\"https:\\\/\\\/www.irbab-kbivb.be\\\/fr\\\/category\\\/betterave\\\/protection-des-plantes\\\/\"},{\"@type\":\"ListItem\",\"position\":4,\"name\":\"Maladies racinaires\",\"item\":\"https:\\\/\\\/www.irbab-kbivb.be\\\/fr\\\/category\\\/betterave\\\/protection-des-plantes\\\/maladies-racinaires\\\/\"},{\"@type\":\"ListItem\",\"position\":5,\"name\":\"Etat des cultures parfois pr\u00e9occupant: Aphanomyces r\u00e9guli\u00e8rement pr\u00e9sent dans ces parcelles\"}]},{\"@type\":\"WebSite\",\"@id\":\"https:\\\/\\\/www.irbab-kbivb.be\\\/#website\",\"url\":\"https:\\\/\\\/www.irbab-kbivb.be\\\/\",\"name\":\"IRBAB-KBIVB\",\"description\":\"Koninklijk Belgisch Instituut tot Verbetering van de Biet vzw | Institut Royal Belge pour l&#039;Am\u00e9lioration de la Betterave asbl\",\"potentialAction\":[{\"@type\":\"SearchAction\",\"target\":{\"@type\":\"EntryPoint\",\"urlTemplate\":\"https:\\\/\\\/www.irbab-kbivb.be\\\/?s={search_term_string}\"},\"query-input\":{\"@type\":\"PropertyValueSpecification\",\"valueRequired\":true,\"valueName\":\"search_term_string\"}}],\"inLanguage\":\"fr-FR\"},{\"@type\":\"Person\",\"@id\":\"https:\\\/\\\/www.irbab-kbivb.be\\\/#\\\/schema\\\/person\\\/80a980b99f080ac538bdd4c47dd4206a\",\"name\":\"Patrick Delaitte\",\"image\":{\"@type\":\"ImageObject\",\"inLanguage\":\"fr-FR\",\"@id\":\"https:\\\/\\\/secure.gravatar.com\\\/avatar\\\/b5280044a1fb146e6735411e28c73264d100015a50172ad22c78a830071b69af?s=96&d=mm&r=g\",\"url\":\"https:\\\/\\\/secure.gravatar.com\\\/avatar\\\/b5280044a1fb146e6735411e28c73264d100015a50172ad22c78a830071b69af?s=96&d=mm&r=g\",\"contentUrl\":\"https:\\\/\\\/secure.gravatar.com\\\/avatar\\\/b5280044a1fb146e6735411e28c73264d100015a50172ad22c78a830071b69af?s=96&d=mm&r=g\",\"caption\":\"Patrick Delaitte\"},\"url\":\"https:\\\/\\\/www.irbab-kbivb.be\\\/fr\\\/author\\\/patrick\\\/\"}]}<\/script>\n<!-- \/ Yoast SEO plugin. -->","yoast_head_json":{"title":"Etat des cultures parfois pr\u00e9occupant: Aphanomyces r\u00e9guli\u00e8rement pr\u00e9sent dans ces parcelles - IRBAB-KBIVB","robots":{"index":"index","follow":"follow","max-snippet":"max-snippet:-1","max-image-preview":"max-image-preview:large","max-video-preview":"max-video-preview:-1"},"canonical":"https:\/\/www.irbab-kbivb.be\/fr\/etat-des-cultures-parfois-preoccupant-aphanomyces-regulierement-present-dans-ces-parcelles\/","og_locale":"fr_FR","og_type":"article","og_title":"Etat des cultures parfois pr\u00e9occupant: Aphanomyces r\u00e9guli\u00e8rement pr\u00e9sent dans ces parcelles - IRBAB-KBIVB","og_description":"Du fait des conditions tr\u00e8s humides et asphyxiantes de ce mois de juin, des pourritures noires de la racine, caus\u00e9e par Aphanomyces (Aphanomyces cochlioides) sont observ\u00e9es dans certaines parcelles. Cette maladie attaque superficiellement la racine de la betterave, mais peut engendrer des d\u00e9formations importantes. En cours de culture, il n&rsquo;y a aucun moyen de lutte. [&hellip;]","og_url":"https:\/\/www.irbab-kbivb.be\/fr\/etat-des-cultures-parfois-preoccupant-aphanomyces-regulierement-present-dans-ces-parcelles\/","og_site_name":"IRBAB-KBIVB","article_published_time":"2016-07-01T11:47:25+00:00","article_modified_time":"2016-08-08T11:16:29+00:00","og_image":[{"width":1024,"height":720,"url":"https:\/\/www.irbab-kbivb.be\/wp-content\/uploads\/2016\/07\/Aphanomyces.jpg","type":"image\/jpeg"}],"author":"Patrick Delaitte","twitter_card":"summary_large_image","twitter_misc":{"\u00c9crit par":"Patrick Delaitte","Dur\u00e9e de lecture estim\u00e9e":"1 minute"},"schema":{"@context":"https:\/\/schema.org","@graph":[{"@type":"Article","@id":"https:\/\/www.irbab-kbivb.be\/fr\/etat-des-cultures-parfois-preoccupant-aphanomyces-regulierement-present-dans-ces-parcelles\/#article","isPartOf":{"@id":"https:\/\/www.irbab-kbivb.be\/fr\/etat-des-cultures-parfois-preoccupant-aphanomyces-regulierement-present-dans-ces-parcelles\/"},"author":{"name":"Patrick Delaitte","@id":"https:\/\/www.irbab-kbivb.be\/#\/schema\/person\/80a980b99f080ac538bdd4c47dd4206a"},"headline":"Etat des cultures parfois pr\u00e9occupant: Aphanomyces r\u00e9guli\u00e8rement pr\u00e9sent dans ces parcelles","datePublished":"2016-07-01T11:47:25+00:00","dateModified":"2016-08-08T11:16:29+00:00","mainEntityOfPage":{"@id":"https:\/\/www.irbab-kbivb.be\/fr\/etat-des-cultures-parfois-preoccupant-aphanomyces-regulierement-present-dans-ces-parcelles\/"},"wordCount":273,"image":{"@id":"https:\/\/www.irbab-kbivb.be\/fr\/etat-des-cultures-parfois-preoccupant-aphanomyces-regulierement-present-dans-ces-parcelles\/#primaryimage"},"thumbnailUrl":"https:\/\/www.irbab-kbivb.be\/wp-content\/uploads\/2016\/07\/Aphanomyces.jpg","keywords":["Messages"],"articleSection":["Maladies racinaires"],"inLanguage":"fr-FR"},{"@type":"WebPage","@id":"https:\/\/www.irbab-kbivb.be\/fr\/etat-des-cultures-parfois-preoccupant-aphanomyces-regulierement-present-dans-ces-parcelles\/","url":"https:\/\/www.irbab-kbivb.be\/fr\/etat-des-cultures-parfois-preoccupant-aphanomyces-regulierement-present-dans-ces-parcelles\/","name":"Etat des cultures parfois pr\u00e9occupant: Aphanomyces r\u00e9guli\u00e8rement pr\u00e9sent dans ces parcelles - IRBAB-KBIVB","isPartOf":{"@id":"https:\/\/www.irbab-kbivb.be\/#website"},"primaryImageOfPage":{"@id":"https:\/\/www.irbab-kbivb.be\/fr\/etat-des-cultures-parfois-preoccupant-aphanomyces-regulierement-present-dans-ces-parcelles\/#primaryimage"},"image":{"@id":"https:\/\/www.irbab-kbivb.be\/fr\/etat-des-cultures-parfois-preoccupant-aphanomyces-regulierement-present-dans-ces-parcelles\/#primaryimage"},"thumbnailUrl":"https:\/\/www.irbab-kbivb.be\/wp-content\/uploads\/2016\/07\/Aphanomyces.jpg","datePublished":"2016-07-01T11:47:25+00:00","dateModified":"2016-08-08T11:16:29+00:00","author":{"@id":"https:\/\/www.irbab-kbivb.be\/#\/schema\/person\/80a980b99f080ac538bdd4c47dd4206a"},"breadcrumb":{"@id":"https:\/\/www.irbab-kbivb.be\/fr\/etat-des-cultures-parfois-preoccupant-aphanomyces-regulierement-present-dans-ces-parcelles\/#breadcrumb"},"inLanguage":"fr-FR","potentialAction":[{"@type":"ReadAction","target":["https:\/\/www.irbab-kbivb.be\/fr\/etat-des-cultures-parfois-preoccupant-aphanomyces-regulierement-present-dans-ces-parcelles\/"]}]},{"@type":"ImageObject","inLanguage":"fr-FR","@id":"https:\/\/www.irbab-kbivb.be\/fr\/etat-des-cultures-parfois-preoccupant-aphanomyces-regulierement-present-dans-ces-parcelles\/#primaryimage","url":"https:\/\/www.irbab-kbivb.be\/wp-content\/uploads\/2016\/07\/Aphanomyces.jpg","contentUrl":"https:\/\/www.irbab-kbivb.be\/wp-content\/uploads\/2016\/07\/Aphanomyces.jpg","width":1024,"height":720},{"@type":"BreadcrumbList","@id":"https:\/\/www.irbab-kbivb.be\/fr\/etat-des-cultures-parfois-preoccupant-aphanomyces-regulierement-present-dans-ces-parcelles\/#breadcrumb","itemListElement":[{"@type":"ListItem","position":1,"name":"Home","item":"https:\/\/www.irbab-kbivb.be\/fr\/"},{"@type":"ListItem","position":2,"name":"Betterave","item":"https:\/\/www.irbab-kbivb.be\/fr\/category\/betterave\/"},{"@type":"ListItem","position":3,"name":"Protection des plantes","item":"https:\/\/www.irbab-kbivb.be\/fr\/category\/betterave\/protection-des-plantes\/"},{"@type":"ListItem","position":4,"name":"Maladies racinaires","item":"https:\/\/www.irbab-kbivb.be\/fr\/category\/betterave\/protection-des-plantes\/maladies-racinaires\/"},{"@type":"ListItem","position":5,"name":"Etat des cultures parfois pr\u00e9occupant: Aphanomyces r\u00e9guli\u00e8rement pr\u00e9sent dans ces parcelles"}]},{"@type":"WebSite","@id":"https:\/\/www.irbab-kbivb.be\/#website","url":"https:\/\/www.irbab-kbivb.be\/","name":"IRBAB-KBIVB","description":"Koninklijk Belgisch Instituut tot Verbetering van de Biet vzw | Institut Royal Belge pour l&#039;Am\u00e9lioration de la Betterave asbl","potentialAction":[{"@type":"SearchAction","target":{"@type":"EntryPoint","urlTemplate":"https:\/\/www.irbab-kbivb.be\/?s={search_term_string}"},"query-input":{"@type":"PropertyValueSpecification","valueRequired":true,"valueName":"search_term_string"}}],"inLanguage":"fr-FR"},{"@type":"Person","@id":"https:\/\/www.irbab-kbivb.be\/#\/schema\/person\/80a980b99f080ac538bdd4c47dd4206a","name":"Patrick Delaitte","image":{"@type":"ImageObject","inLanguage":"fr-FR","@id":"https:\/\/secure.gravatar.com\/avatar\/b5280044a1fb146e6735411e28c73264d100015a50172ad22c78a830071b69af?s=96&d=mm&r=g","url":"https:\/\/secure.gravatar.com\/avatar\/b5280044a1fb146e6735411e28c73264d100015a50172ad22c78a830071b69af?s=96&d=mm&r=g","contentUrl":"https:\/\/secure.gravatar.com\/avatar\/b5280044a1fb146e6735411e28c73264d100015a50172ad22c78a830071b69af?s=96&d=mm&r=g","caption":"Patrick Delaitte"},"url":"https:\/\/www.irbab-kbivb.be\/fr\/author\/patrick\/"}]}},"_links":{"self":[{"href":"https:\/\/www.irbab-kbivb.be\/fr\/wp-json\/wp\/v2\/posts\/8035","targetHints":{"allow":["GET"]}}],"collection":[{"href":"https:\/\/www.irbab-kbivb.be\/fr\/wp-json\/wp\/v2\/posts"}],"about":[{"href":"https:\/\/www.irbab-kbivb.be\/fr\/wp-json\/wp\/v2\/types\/post"}],"author":[{"embeddable":true,"href":"https:\/\/www.irbab-kbivb.be\/fr\/wp-json\/wp\/v2\/users\/5"}],"replies":[{"embeddable":true,"href":"https:\/\/www.irbab-kbivb.be\/fr\/wp-json\/wp\/v2\/comments?post=8035"}],"version-history":[{"count":2,"href":"https:\/\/www.irbab-kbivb.be\/fr\/wp-json\/wp\/v2\/posts\/8035\/revisions"}],"predecessor-version":[{"id":8185,"href":"https:\/\/www.irbab-kbivb.be\/fr\/wp-json\/wp\/v2\/posts\/8035\/revisions\/8185"}],"wp:featuredmedia":[{"embeddable":true,"href":"https:\/\/www.irbab-kbivb.be\/fr\/wp-json\/wp\/v2\/media\/8033"}],"wp:attachment":[{"href":"https:\/\/www.irbab-kbivb.be\/fr\/wp-json\/wp\/v2\/media?parent=8035"}],"wp:term":[{"taxonomy":"category","embeddable":true,"href":"https:\/\/www.irbab-kbivb.be\/fr\/wp-json\/wp\/v2\/categories?post=8035"},{"taxonomy":"post_tag","embeddable":true,"href":"https:\/\/www.irbab-kbivb.be\/fr\/wp-json\/wp\/v2\/tags?post=8035"}],"curies":[{"name":"wp","href":"https:\/\/api.w.org\/{rel}","templated":true}]}}