{"id":7873,"date":"2016-06-14T16:00:45","date_gmt":"2016-06-14T14:00:45","guid":{"rendered":"http:\/\/www.irbab-kbivb.be\/fr\/?p=7873"},"modified":"2016-06-14T16:05:16","modified_gmt":"2016-06-14T14:05:16","slug":"evaluation-pour-lacquisition-des-phytolicences-en-wallonie","status":"publish","type":"post","link":"https:\/\/www.irbab-kbivb.be\/fr\/evaluation-pour-lacquisition-des-phytolicences-en-wallonie\/","title":{"rendered":"Evaluation pour l&rsquo;acquisition des phytolicences en Wallonie"},"content":{"rendered":"<p><a href=\"https:\/\/www.irbab-kbivb.be\/wp-content\/uploads\/2016\/06\/phytolicence.png\"><img loading=\"lazy\" decoding=\"async\" class=\"rounded alignleft wp-image-7874 size-medium\" src=\"https:\/\/www.irbab-kbivb.be\/wp-content\/uploads\/2016\/06\/phytolicence-300x192.png\" alt=\"phytolicence\" width=\"300\" height=\"192\" srcset=\"https:\/\/www.irbab-kbivb.be\/wp-content\/uploads\/2016\/06\/phytolicence-300x192.png 300w, https:\/\/www.irbab-kbivb.be\/wp-content\/uploads\/2016\/06\/phytolicence-768x491.png 768w, https:\/\/www.irbab-kbivb.be\/wp-content\/uploads\/2016\/06\/phytolicence-1024x655.png 1024w, https:\/\/www.irbab-kbivb.be\/wp-content\/uploads\/2016\/06\/phytolicence-810x518.png 810w, https:\/\/www.irbab-kbivb.be\/wp-content\/uploads\/2016\/06\/phytolicence.png 1126w\" sizes=\"auto, (max-width: 300px) 100vw, 300px\" \/><\/a>Depuis le 25 novembre 2015, toute personne d\u00e9sirant acheter, utiliser ou vendre des produits phytopharmaceutiques doit poss\u00e9der une <strong>phytolicence<\/strong>. Si vous ne poss\u00e9dez pas de phytolicence, inscrivez-vous vite aux \u00e9valuations afin de respecter la l\u00e9gislation.<br \/>\n<strong>L&rsquo;inscription est obligatoire<\/strong> jusqu&rsquo;\u00e0 2 jours ouvrables avant l&rsquo;\u00e9valuation. Info et inscription\u00a0: <a href=\"http:\/\/www.crphyto.be\">www.crphyto.be<\/a> ou par t\u00e9l\u00e9phone au 010\/47.37.54.<br \/>\nCertaines personnes concern\u00e9es par cette l\u00e9gislation ne sont pas en r\u00e8gle et se retrouvent dans l&#8217;incapacit\u00e9 d&#8217;acheter ou de vendre leurs produits. Afin de pallier \u00e0 ce probl\u00e8me, la Wallonie organisera dans le courant des mois de juin et juillet <strong>les premi\u00e8res \u00e9valuations concernant la phytolicence P2 et NP<\/strong> \u00e0 Louvain-la-Neuve.<br \/>\nMercredi 15 juin \u00e0 14h<br \/>\nJeudi 16 juin \u00e0 20h<br \/>\nMercredi 29 juin \u00e0 14h<br \/>\nMardi 5 juillet \u00e0 20h<br \/>\nLes exemples de questions P2 et NP sont disponibles sur le site du Service public de Wallonie: <a href=\"http:\/\/environnement.wallonie.be\/pesticides\">http:\/\/environnement.wallonie.be\/pesticides<\/a>.<\/p>\n","protected":false},"excerpt":{"rendered":"<p>Depuis le 25 novembre 2015, toute personne d\u00e9sirant acheter, utiliser ou vendre des produits phytopharmaceutiques doit poss\u00e9der une phytolicence. Si vous ne poss\u00e9dez pas de phytolicence, inscrivez-vous vite aux \u00e9valuations afin de respecter la l\u00e9gislation. L&rsquo;inscription est obligatoire jusqu&rsquo;\u00e0 2 jours ouvrables avant l&rsquo;\u00e9valuation. Info et inscription\u00a0: www.crphyto.be ou par t\u00e9l\u00e9phone au 010\/47.37.54. Certaines personnes [&hellip;]<\/p>\n","protected":false},"author":5,"featured_media":7874,"comment_status":"closed","ping_status":"open","sticky":false,"template":"","format":"standard","meta":{"iawp_total_views":3,"footnotes":""},"categories":[129],"tags":[243],"class_list":["post-7873","post","type-post","status-publish","format-standard","has-post-thumbnail","hentry","category-protection-des-plantes","tag-messages"],"yoast_head":"<!-- This site is optimized with the Yoast SEO plugin v27.4 - https:\/\/yoast.com\/product\/yoast-seo-wordpress\/ -->\n<title>Evaluation pour l&rsquo;acquisition des phytolicences en Wallonie - IRBAB-KBIVB<\/title>\n<meta name=\"robots\" content=\"index, follow, max-snippet:-1, max-image-preview:large, max-video-preview:-1\" \/>\n<link rel=\"canonical\" href=\"https:\/\/www.irbab-kbivb.be\/fr\/evaluation-pour-lacquisition-des-phytolicences-en-wallonie\/\" \/>\n<meta property=\"og:locale\" content=\"fr_FR\" \/>\n<meta property=\"og:type\" content=\"article\" \/>\n<meta property=\"og:title\" content=\"Evaluation pour l&rsquo;acquisition des phytolicences en Wallonie - IRBAB-KBIVB\" \/>\n<meta property=\"og:description\" content=\"Depuis le 25 novembre 2015, toute personne d\u00e9sirant acheter, utiliser ou vendre des produits phytopharmaceutiques doit poss\u00e9der une phytolicence. Si vous ne poss\u00e9dez pas de phytolicence, inscrivez-vous vite aux \u00e9valuations afin de respecter la l\u00e9gislation. L&rsquo;inscription est obligatoire jusqu&rsquo;\u00e0 2 jours ouvrables avant l&rsquo;\u00e9valuation. Info et inscription\u00a0: www.crphyto.be ou par t\u00e9l\u00e9phone au 010\/47.37.54. Certaines personnes [&hellip;]\" \/>\n<meta property=\"og:url\" content=\"https:\/\/www.irbab-kbivb.be\/fr\/evaluation-pour-lacquisition-des-phytolicences-en-wallonie\/\" \/>\n<meta property=\"og:site_name\" content=\"IRBAB-KBIVB\" \/>\n<meta property=\"article:published_time\" content=\"2016-06-14T14:00:45+00:00\" \/>\n<meta property=\"article:modified_time\" content=\"2016-06-14T14:05:16+00:00\" \/>\n<meta property=\"og:image\" content=\"https:\/\/www.irbab-kbivb.be\/wp-content\/uploads\/2016\/06\/phytolicence.png\" \/>\n\t<meta property=\"og:image:width\" content=\"1126\" \/>\n\t<meta property=\"og:image:height\" content=\"720\" \/>\n\t<meta property=\"og:image:type\" content=\"image\/png\" \/>\n<meta name=\"author\" content=\"Patrick Delaitte\" \/>\n<meta name=\"twitter:card\" content=\"summary_large_image\" \/>\n<meta name=\"twitter:label1\" content=\"\u00c9crit par\" \/>\n\t<meta name=\"twitter:data1\" content=\"Patrick Delaitte\" \/>\n\t<meta name=\"twitter:label2\" content=\"Dur\u00e9e de lecture estim\u00e9e\" \/>\n\t<meta name=\"twitter:data2\" content=\"1 minute\" \/>\n<script type=\"application\/ld+json\" class=\"yoast-schema-graph\">{\"@context\":\"https:\\\/\\\/schema.org\",\"@graph\":[{\"@type\":\"Article\",\"@id\":\"https:\\\/\\\/www.irbab-kbivb.be\\\/fr\\\/evaluation-pour-lacquisition-des-phytolicences-en-wallonie\\\/#article\",\"isPartOf\":{\"@id\":\"https:\\\/\\\/www.irbab-kbivb.be\\\/fr\\\/evaluation-pour-lacquisition-des-phytolicences-en-wallonie\\\/\"},\"author\":{\"name\":\"Patrick Delaitte\",\"@id\":\"https:\\\/\\\/www.irbab-kbivb.be\\\/#\\\/schema\\\/person\\\/80a980b99f080ac538bdd4c47dd4206a\"},\"headline\":\"Evaluation pour l&rsquo;acquisition des phytolicences en Wallonie\",\"datePublished\":\"2016-06-14T14:00:45+00:00\",\"dateModified\":\"2016-06-14T14:05:16+00:00\",\"mainEntityOfPage\":{\"@id\":\"https:\\\/\\\/www.irbab-kbivb.be\\\/fr\\\/evaluation-pour-lacquisition-des-phytolicences-en-wallonie\\\/\"},\"wordCount\":159,\"image\":{\"@id\":\"https:\\\/\\\/www.irbab-kbivb.be\\\/fr\\\/evaluation-pour-lacquisition-des-phytolicences-en-wallonie\\\/#primaryimage\"},\"thumbnailUrl\":\"https:\\\/\\\/www.irbab-kbivb.be\\\/wp-content\\\/uploads\\\/2016\\\/06\\\/phytolicence.png\",\"keywords\":[\"Messages\"],\"articleSection\":[\"Protection des plantes\"],\"inLanguage\":\"fr-FR\"},{\"@type\":\"WebPage\",\"@id\":\"https:\\\/\\\/www.irbab-kbivb.be\\\/fr\\\/evaluation-pour-lacquisition-des-phytolicences-en-wallonie\\\/\",\"url\":\"https:\\\/\\\/www.irbab-kbivb.be\\\/fr\\\/evaluation-pour-lacquisition-des-phytolicences-en-wallonie\\\/\",\"name\":\"Evaluation pour l&rsquo;acquisition des phytolicences en Wallonie - IRBAB-KBIVB\",\"isPartOf\":{\"@id\":\"https:\\\/\\\/www.irbab-kbivb.be\\\/#website\"},\"primaryImageOfPage\":{\"@id\":\"https:\\\/\\\/www.irbab-kbivb.be\\\/fr\\\/evaluation-pour-lacquisition-des-phytolicences-en-wallonie\\\/#primaryimage\"},\"image\":{\"@id\":\"https:\\\/\\\/www.irbab-kbivb.be\\\/fr\\\/evaluation-pour-lacquisition-des-phytolicences-en-wallonie\\\/#primaryimage\"},\"thumbnailUrl\":\"https:\\\/\\\/www.irbab-kbivb.be\\\/wp-content\\\/uploads\\\/2016\\\/06\\\/phytolicence.png\",\"datePublished\":\"2016-06-14T14:00:45+00:00\",\"dateModified\":\"2016-06-14T14:05:16+00:00\",\"author\":{\"@id\":\"https:\\\/\\\/www.irbab-kbivb.be\\\/#\\\/schema\\\/person\\\/80a980b99f080ac538bdd4c47dd4206a\"},\"breadcrumb\":{\"@id\":\"https:\\\/\\\/www.irbab-kbivb.be\\\/fr\\\/evaluation-pour-lacquisition-des-phytolicences-en-wallonie\\\/#breadcrumb\"},\"inLanguage\":\"fr-FR\",\"potentialAction\":[{\"@type\":\"ReadAction\",\"target\":[\"https:\\\/\\\/www.irbab-kbivb.be\\\/fr\\\/evaluation-pour-lacquisition-des-phytolicences-en-wallonie\\\/\"]}]},{\"@type\":\"ImageObject\",\"inLanguage\":\"fr-FR\",\"@id\":\"https:\\\/\\\/www.irbab-kbivb.be\\\/fr\\\/evaluation-pour-lacquisition-des-phytolicences-en-wallonie\\\/#primaryimage\",\"url\":\"https:\\\/\\\/www.irbab-kbivb.be\\\/wp-content\\\/uploads\\\/2016\\\/06\\\/phytolicence.png\",\"contentUrl\":\"https:\\\/\\\/www.irbab-kbivb.be\\\/wp-content\\\/uploads\\\/2016\\\/06\\\/phytolicence.png\",\"width\":1126,\"height\":720},{\"@type\":\"BreadcrumbList\",\"@id\":\"https:\\\/\\\/www.irbab-kbivb.be\\\/fr\\\/evaluation-pour-lacquisition-des-phytolicences-en-wallonie\\\/#breadcrumb\",\"itemListElement\":[{\"@type\":\"ListItem\",\"position\":1,\"name\":\"Home\",\"item\":\"https:\\\/\\\/www.irbab-kbivb.be\\\/fr\\\/\"},{\"@type\":\"ListItem\",\"position\":2,\"name\":\"Betterave\",\"item\":\"https:\\\/\\\/www.irbab-kbivb.be\\\/fr\\\/category\\\/betterave\\\/\"},{\"@type\":\"ListItem\",\"position\":3,\"name\":\"Protection des plantes\",\"item\":\"https:\\\/\\\/www.irbab-kbivb.be\\\/fr\\\/category\\\/betterave\\\/protection-des-plantes\\\/\"},{\"@type\":\"ListItem\",\"position\":4,\"name\":\"Evaluation pour l&rsquo;acquisition des phytolicences en Wallonie\"}]},{\"@type\":\"WebSite\",\"@id\":\"https:\\\/\\\/www.irbab-kbivb.be\\\/#website\",\"url\":\"https:\\\/\\\/www.irbab-kbivb.be\\\/\",\"name\":\"IRBAB-KBIVB\",\"description\":\"Koninklijk Belgisch Instituut tot Verbetering van de Biet vzw | Institut Royal Belge pour l&#039;Am\u00e9lioration de la Betterave asbl\",\"potentialAction\":[{\"@type\":\"SearchAction\",\"target\":{\"@type\":\"EntryPoint\",\"urlTemplate\":\"https:\\\/\\\/www.irbab-kbivb.be\\\/?s={search_term_string}\"},\"query-input\":{\"@type\":\"PropertyValueSpecification\",\"valueRequired\":true,\"valueName\":\"search_term_string\"}}],\"inLanguage\":\"fr-FR\"},{\"@type\":\"Person\",\"@id\":\"https:\\\/\\\/www.irbab-kbivb.be\\\/#\\\/schema\\\/person\\\/80a980b99f080ac538bdd4c47dd4206a\",\"name\":\"Patrick Delaitte\",\"image\":{\"@type\":\"ImageObject\",\"inLanguage\":\"fr-FR\",\"@id\":\"https:\\\/\\\/secure.gravatar.com\\\/avatar\\\/b5280044a1fb146e6735411e28c73264d100015a50172ad22c78a830071b69af?s=96&d=mm&r=g\",\"url\":\"https:\\\/\\\/secure.gravatar.com\\\/avatar\\\/b5280044a1fb146e6735411e28c73264d100015a50172ad22c78a830071b69af?s=96&d=mm&r=g\",\"contentUrl\":\"https:\\\/\\\/secure.gravatar.com\\\/avatar\\\/b5280044a1fb146e6735411e28c73264d100015a50172ad22c78a830071b69af?s=96&d=mm&r=g\",\"caption\":\"Patrick Delaitte\"},\"url\":\"https:\\\/\\\/www.irbab-kbivb.be\\\/fr\\\/author\\\/patrick\\\/\"}]}<\/script>\n<!-- \/ Yoast SEO plugin. -->","yoast_head_json":{"title":"Evaluation pour l&rsquo;acquisition des phytolicences en Wallonie - IRBAB-KBIVB","robots":{"index":"index","follow":"follow","max-snippet":"max-snippet:-1","max-image-preview":"max-image-preview:large","max-video-preview":"max-video-preview:-1"},"canonical":"https:\/\/www.irbab-kbivb.be\/fr\/evaluation-pour-lacquisition-des-phytolicences-en-wallonie\/","og_locale":"fr_FR","og_type":"article","og_title":"Evaluation pour l&rsquo;acquisition des phytolicences en Wallonie - IRBAB-KBIVB","og_description":"Depuis le 25 novembre 2015, toute personne d\u00e9sirant acheter, utiliser ou vendre des produits phytopharmaceutiques doit poss\u00e9der une phytolicence. Si vous ne poss\u00e9dez pas de phytolicence, inscrivez-vous vite aux \u00e9valuations afin de respecter la l\u00e9gislation. L&rsquo;inscription est obligatoire jusqu&rsquo;\u00e0 2 jours ouvrables avant l&rsquo;\u00e9valuation. Info et inscription\u00a0: www.crphyto.be ou par t\u00e9l\u00e9phone au 010\/47.37.54. Certaines personnes [&hellip;]","og_url":"https:\/\/www.irbab-kbivb.be\/fr\/evaluation-pour-lacquisition-des-phytolicences-en-wallonie\/","og_site_name":"IRBAB-KBIVB","article_published_time":"2016-06-14T14:00:45+00:00","article_modified_time":"2016-06-14T14:05:16+00:00","og_image":[{"width":1126,"height":720,"url":"https:\/\/www.irbab-kbivb.be\/wp-content\/uploads\/2016\/06\/phytolicence.png","type":"image\/png"}],"author":"Patrick Delaitte","twitter_card":"summary_large_image","twitter_misc":{"\u00c9crit par":"Patrick Delaitte","Dur\u00e9e de lecture estim\u00e9e":"1 minute"},"schema":{"@context":"https:\/\/schema.org","@graph":[{"@type":"Article","@id":"https:\/\/www.irbab-kbivb.be\/fr\/evaluation-pour-lacquisition-des-phytolicences-en-wallonie\/#article","isPartOf":{"@id":"https:\/\/www.irbab-kbivb.be\/fr\/evaluation-pour-lacquisition-des-phytolicences-en-wallonie\/"},"author":{"name":"Patrick Delaitte","@id":"https:\/\/www.irbab-kbivb.be\/#\/schema\/person\/80a980b99f080ac538bdd4c47dd4206a"},"headline":"Evaluation pour l&rsquo;acquisition des phytolicences en Wallonie","datePublished":"2016-06-14T14:00:45+00:00","dateModified":"2016-06-14T14:05:16+00:00","mainEntityOfPage":{"@id":"https:\/\/www.irbab-kbivb.be\/fr\/evaluation-pour-lacquisition-des-phytolicences-en-wallonie\/"},"wordCount":159,"image":{"@id":"https:\/\/www.irbab-kbivb.be\/fr\/evaluation-pour-lacquisition-des-phytolicences-en-wallonie\/#primaryimage"},"thumbnailUrl":"https:\/\/www.irbab-kbivb.be\/wp-content\/uploads\/2016\/06\/phytolicence.png","keywords":["Messages"],"articleSection":["Protection des plantes"],"inLanguage":"fr-FR"},{"@type":"WebPage","@id":"https:\/\/www.irbab-kbivb.be\/fr\/evaluation-pour-lacquisition-des-phytolicences-en-wallonie\/","url":"https:\/\/www.irbab-kbivb.be\/fr\/evaluation-pour-lacquisition-des-phytolicences-en-wallonie\/","name":"Evaluation pour l&rsquo;acquisition des phytolicences en Wallonie - IRBAB-KBIVB","isPartOf":{"@id":"https:\/\/www.irbab-kbivb.be\/#website"},"primaryImageOfPage":{"@id":"https:\/\/www.irbab-kbivb.be\/fr\/evaluation-pour-lacquisition-des-phytolicences-en-wallonie\/#primaryimage"},"image":{"@id":"https:\/\/www.irbab-kbivb.be\/fr\/evaluation-pour-lacquisition-des-phytolicences-en-wallonie\/#primaryimage"},"thumbnailUrl":"https:\/\/www.irbab-kbivb.be\/wp-content\/uploads\/2016\/06\/phytolicence.png","datePublished":"2016-06-14T14:00:45+00:00","dateModified":"2016-06-14T14:05:16+00:00","author":{"@id":"https:\/\/www.irbab-kbivb.be\/#\/schema\/person\/80a980b99f080ac538bdd4c47dd4206a"},"breadcrumb":{"@id":"https:\/\/www.irbab-kbivb.be\/fr\/evaluation-pour-lacquisition-des-phytolicences-en-wallonie\/#breadcrumb"},"inLanguage":"fr-FR","potentialAction":[{"@type":"ReadAction","target":["https:\/\/www.irbab-kbivb.be\/fr\/evaluation-pour-lacquisition-des-phytolicences-en-wallonie\/"]}]},{"@type":"ImageObject","inLanguage":"fr-FR","@id":"https:\/\/www.irbab-kbivb.be\/fr\/evaluation-pour-lacquisition-des-phytolicences-en-wallonie\/#primaryimage","url":"https:\/\/www.irbab-kbivb.be\/wp-content\/uploads\/2016\/06\/phytolicence.png","contentUrl":"https:\/\/www.irbab-kbivb.be\/wp-content\/uploads\/2016\/06\/phytolicence.png","width":1126,"height":720},{"@type":"BreadcrumbList","@id":"https:\/\/www.irbab-kbivb.be\/fr\/evaluation-pour-lacquisition-des-phytolicences-en-wallonie\/#breadcrumb","itemListElement":[{"@type":"ListItem","position":1,"name":"Home","item":"https:\/\/www.irbab-kbivb.be\/fr\/"},{"@type":"ListItem","position":2,"name":"Betterave","item":"https:\/\/www.irbab-kbivb.be\/fr\/category\/betterave\/"},{"@type":"ListItem","position":3,"name":"Protection des plantes","item":"https:\/\/www.irbab-kbivb.be\/fr\/category\/betterave\/protection-des-plantes\/"},{"@type":"ListItem","position":4,"name":"Evaluation pour l&rsquo;acquisition des phytolicences en Wallonie"}]},{"@type":"WebSite","@id":"https:\/\/www.irbab-kbivb.be\/#website","url":"https:\/\/www.irbab-kbivb.be\/","name":"IRBAB-KBIVB","description":"Koninklijk Belgisch Instituut tot Verbetering van de Biet vzw | Institut Royal Belge pour l&#039;Am\u00e9lioration de la Betterave asbl","potentialAction":[{"@type":"SearchAction","target":{"@type":"EntryPoint","urlTemplate":"https:\/\/www.irbab-kbivb.be\/?s={search_term_string}"},"query-input":{"@type":"PropertyValueSpecification","valueRequired":true,"valueName":"search_term_string"}}],"inLanguage":"fr-FR"},{"@type":"Person","@id":"https:\/\/www.irbab-kbivb.be\/#\/schema\/person\/80a980b99f080ac538bdd4c47dd4206a","name":"Patrick Delaitte","image":{"@type":"ImageObject","inLanguage":"fr-FR","@id":"https:\/\/secure.gravatar.com\/avatar\/b5280044a1fb146e6735411e28c73264d100015a50172ad22c78a830071b69af?s=96&d=mm&r=g","url":"https:\/\/secure.gravatar.com\/avatar\/b5280044a1fb146e6735411e28c73264d100015a50172ad22c78a830071b69af?s=96&d=mm&r=g","contentUrl":"https:\/\/secure.gravatar.com\/avatar\/b5280044a1fb146e6735411e28c73264d100015a50172ad22c78a830071b69af?s=96&d=mm&r=g","caption":"Patrick Delaitte"},"url":"https:\/\/www.irbab-kbivb.be\/fr\/author\/patrick\/"}]}},"_links":{"self":[{"href":"https:\/\/www.irbab-kbivb.be\/fr\/wp-json\/wp\/v2\/posts\/7873","targetHints":{"allow":["GET"]}}],"collection":[{"href":"https:\/\/www.irbab-kbivb.be\/fr\/wp-json\/wp\/v2\/posts"}],"about":[{"href":"https:\/\/www.irbab-kbivb.be\/fr\/wp-json\/wp\/v2\/types\/post"}],"author":[{"embeddable":true,"href":"https:\/\/www.irbab-kbivb.be\/fr\/wp-json\/wp\/v2\/users\/5"}],"replies":[{"embeddable":true,"href":"https:\/\/www.irbab-kbivb.be\/fr\/wp-json\/wp\/v2\/comments?post=7873"}],"version-history":[{"count":2,"href":"https:\/\/www.irbab-kbivb.be\/fr\/wp-json\/wp\/v2\/posts\/7873\/revisions"}],"predecessor-version":[{"id":7877,"href":"https:\/\/www.irbab-kbivb.be\/fr\/wp-json\/wp\/v2\/posts\/7873\/revisions\/7877"}],"wp:featuredmedia":[{"embeddable":true,"href":"https:\/\/www.irbab-kbivb.be\/fr\/wp-json\/wp\/v2\/media\/7874"}],"wp:attachment":[{"href":"https:\/\/www.irbab-kbivb.be\/fr\/wp-json\/wp\/v2\/media?parent=7873"}],"wp:term":[{"taxonomy":"category","embeddable":true,"href":"https:\/\/www.irbab-kbivb.be\/fr\/wp-json\/wp\/v2\/categories?post=7873"},{"taxonomy":"post_tag","embeddable":true,"href":"https:\/\/www.irbab-kbivb.be\/fr\/wp-json\/wp\/v2\/tags?post=7873"}],"curies":[{"name":"wp","href":"https:\/\/api.w.org\/{rel}","templated":true}]}}