{"id":5310,"date":"2014-09-13T15:22:02","date_gmt":"2014-09-13T13:22:02","guid":{"rendered":"http:\/\/kbivb.mailbox-belgium.com\/fr\/?p=5310"},"modified":"2015-12-18T15:26:06","modified_gmt":"2015-12-18T14:26:06","slug":"principales-maladies-racinaires-de-la-betterave-presentes-a-larrachage-et-pendant-le-stockage-le-betteravier-octobre-novembre-2014","status":"publish","type":"post","link":"https:\/\/www.irbab-kbivb.be\/fr\/principales-maladies-racinaires-de-la-betterave-presentes-a-larrachage-et-pendant-le-stockage-le-betteravier-octobre-novembre-2014\/","title":{"rendered":"Principales maladies racinaires de la betterave, pr\u00e9sentes \u00e0 l&#8217;arrachage et pendant le stockage <em>(Le Betteravier octobre-novembre 2014)<\/em>"},"content":{"rendered":"<p><em>extrait de l&#8217;article publi\u00e9 dans &lsquo;le Betteravier&rsquo; de octobre-novembre\u00a02014<\/em><br \/>\n<!--more--><\/p>\n<p>Les maladies racinaires de la betterave pr\u00e9sentes en fin de p\u00e9riode de v\u00e9g\u00e9tation sont souvent difficiles \u00e0 identifier, surtout apr\u00e8s arrachage et mise en tas. Avant arrachage, la r\u00e9partition et l&rsquo;intensit\u00e9 du sympt\u00f4me au champ, l&rsquo;aspect du bouquet foliaire et des betteraves voisines, la zone du champ o\u00f9 les betteraves sont attaqu\u00e9es, la vari\u00e9t\u00e9 sont des \u00e9l\u00e9ments utiles pour identifier l&rsquo;origine du probl\u00e8me.<\/p>\n<p>&nbsp;<\/p>\n<p>Auteurs: Guy Legrand &amp; Andr\u00e9 Wauters<\/p>\n<hr \/>\n<p><em>L&#8217;article complet avec chiffres peut \u00eatre t\u00e9l\u00e9charg\u00e9 ici:<\/em><\/p>\n","protected":false},"excerpt":{"rendered":"<p>extrait de l&#8217;article publi\u00e9 dans &lsquo;le Betteravier&rsquo; de octobre-novembre\u00a02014<\/p>\n","protected":false},"author":3,"featured_media":0,"comment_status":"closed","ping_status":"open","sticky":false,"template":"","format":"standard","meta":{"iawp_total_views":1,"footnotes":""},"categories":[223],"tags":[169],"class_list":["post-5310","post","type-post","status-publish","format-standard","hentry","category-maladies-racinaires","tag-articles-presentations"],"yoast_head":"<!-- This site is optimized with the Yoast SEO plugin v27.5 - https:\/\/yoast.com\/product\/yoast-seo-wordpress\/ -->\n<title>Principales maladies racinaires de la betterave, pr\u00e9sentes \u00e0 l&#039;arrachage et pendant le stockage (Le Betteravier octobre-novembre 2014) - IRBAB-KBIVB<\/title>\n<meta name=\"robots\" content=\"index, follow, max-snippet:-1, max-image-preview:large, max-video-preview:-1\" \/>\n<link rel=\"canonical\" href=\"https:\/\/www.irbab-kbivb.be\/fr\/principales-maladies-racinaires-de-la-betterave-presentes-a-larrachage-et-pendant-le-stockage-le-betteravier-octobre-novembre-2014\/\" \/>\n<meta property=\"og:locale\" content=\"fr_FR\" \/>\n<meta property=\"og:type\" content=\"article\" \/>\n<meta property=\"og:title\" content=\"Principales maladies racinaires de la betterave, pr\u00e9sentes \u00e0 l&#039;arrachage et pendant le stockage (Le Betteravier octobre-novembre 2014) - IRBAB-KBIVB\" \/>\n<meta property=\"og:description\" content=\"extrait de l&#8217;article publi\u00e9 dans &lsquo;le Betteravier&rsquo; de octobre-novembre\u00a02014\" \/>\n<meta property=\"og:url\" content=\"https:\/\/www.irbab-kbivb.be\/fr\/principales-maladies-racinaires-de-la-betterave-presentes-a-larrachage-et-pendant-le-stockage-le-betteravier-octobre-novembre-2014\/\" \/>\n<meta property=\"og:site_name\" content=\"IRBAB-KBIVB\" \/>\n<meta property=\"article:published_time\" content=\"2014-09-13T13:22:02+00:00\" \/>\n<meta property=\"article:modified_time\" content=\"2015-12-18T14:26:06+00:00\" \/>\n<meta name=\"author\" content=\"Marion\" \/>\n<meta name=\"twitter:card\" content=\"summary_large_image\" \/>\n<meta name=\"twitter:label1\" content=\"\u00c9crit par\" \/>\n\t<meta name=\"twitter:data1\" content=\"Marion\" \/>\n\t<meta name=\"twitter:label2\" content=\"Dur\u00e9e de lecture estim\u00e9e\" \/>\n\t<meta name=\"twitter:data2\" content=\"1 minute\" \/>\n<script type=\"application\/ld+json\" class=\"yoast-schema-graph\">{\"@context\":\"https:\\\/\\\/schema.org\",\"@graph\":[{\"@type\":\"Article\",\"@id\":\"https:\\\/\\\/www.irbab-kbivb.be\\\/fr\\\/principales-maladies-racinaires-de-la-betterave-presentes-a-larrachage-et-pendant-le-stockage-le-betteravier-octobre-novembre-2014\\\/#article\",\"isPartOf\":{\"@id\":\"https:\\\/\\\/www.irbab-kbivb.be\\\/fr\\\/principales-maladies-racinaires-de-la-betterave-presentes-a-larrachage-et-pendant-le-stockage-le-betteravier-octobre-novembre-2014\\\/\"},\"author\":{\"name\":\"Marion\",\"@id\":\"https:\\\/\\\/www.irbab-kbivb.be\\\/#\\\/schema\\\/person\\\/dad6fe34d3ac93cce3720797f132a2e5\"},\"headline\":\"Principales maladies racinaires de la betterave, pr\u00e9sentes \u00e0 l&#8217;arrachage et pendant le stockage (Le Betteravier octobre-novembre 2014)\",\"datePublished\":\"2014-09-13T13:22:02+00:00\",\"dateModified\":\"2015-12-18T14:26:06+00:00\",\"mainEntityOfPage\":{\"@id\":\"https:\\\/\\\/www.irbab-kbivb.be\\\/fr\\\/principales-maladies-racinaires-de-la-betterave-presentes-a-larrachage-et-pendant-le-stockage-le-betteravier-octobre-novembre-2014\\\/\"},\"wordCount\":123,\"keywords\":[\"Articles\"],\"articleSection\":[\"Maladies racinaires\"],\"inLanguage\":\"fr-FR\"},{\"@type\":\"WebPage\",\"@id\":\"https:\\\/\\\/www.irbab-kbivb.be\\\/fr\\\/principales-maladies-racinaires-de-la-betterave-presentes-a-larrachage-et-pendant-le-stockage-le-betteravier-octobre-novembre-2014\\\/\",\"url\":\"https:\\\/\\\/www.irbab-kbivb.be\\\/fr\\\/principales-maladies-racinaires-de-la-betterave-presentes-a-larrachage-et-pendant-le-stockage-le-betteravier-octobre-novembre-2014\\\/\",\"name\":\"Principales maladies racinaires de la betterave, pr\u00e9sentes \u00e0 l'arrachage et pendant le stockage (Le Betteravier octobre-novembre 2014) - IRBAB-KBIVB\",\"isPartOf\":{\"@id\":\"https:\\\/\\\/www.irbab-kbivb.be\\\/#website\"},\"datePublished\":\"2014-09-13T13:22:02+00:00\",\"dateModified\":\"2015-12-18T14:26:06+00:00\",\"author\":{\"@id\":\"https:\\\/\\\/www.irbab-kbivb.be\\\/#\\\/schema\\\/person\\\/dad6fe34d3ac93cce3720797f132a2e5\"},\"breadcrumb\":{\"@id\":\"https:\\\/\\\/www.irbab-kbivb.be\\\/fr\\\/principales-maladies-racinaires-de-la-betterave-presentes-a-larrachage-et-pendant-le-stockage-le-betteravier-octobre-novembre-2014\\\/#breadcrumb\"},\"inLanguage\":\"fr-FR\",\"potentialAction\":[{\"@type\":\"ReadAction\",\"target\":[\"https:\\\/\\\/www.irbab-kbivb.be\\\/fr\\\/principales-maladies-racinaires-de-la-betterave-presentes-a-larrachage-et-pendant-le-stockage-le-betteravier-octobre-novembre-2014\\\/\"]}]},{\"@type\":\"BreadcrumbList\",\"@id\":\"https:\\\/\\\/www.irbab-kbivb.be\\\/fr\\\/principales-maladies-racinaires-de-la-betterave-presentes-a-larrachage-et-pendant-le-stockage-le-betteravier-octobre-novembre-2014\\\/#breadcrumb\",\"itemListElement\":[{\"@type\":\"ListItem\",\"position\":1,\"name\":\"Home\",\"item\":\"https:\\\/\\\/www.irbab-kbivb.be\\\/fr\\\/\"},{\"@type\":\"ListItem\",\"position\":2,\"name\":\"Betterave\",\"item\":\"https:\\\/\\\/www.irbab-kbivb.be\\\/fr\\\/category\\\/betterave\\\/\"},{\"@type\":\"ListItem\",\"position\":3,\"name\":\"Protection des plantes\",\"item\":\"https:\\\/\\\/www.irbab-kbivb.be\\\/fr\\\/category\\\/betterave\\\/protection-des-plantes\\\/\"},{\"@type\":\"ListItem\",\"position\":4,\"name\":\"Maladies racinaires\",\"item\":\"https:\\\/\\\/www.irbab-kbivb.be\\\/fr\\\/category\\\/betterave\\\/protection-des-plantes\\\/maladies-racinaires\\\/\"},{\"@type\":\"ListItem\",\"position\":5,\"name\":\"Principales maladies racinaires de la betterave, pr\u00e9sentes \u00e0 l&#8217;arrachage et pendant le stockage (Le Betteravier octobre-novembre 2014)\"}]},{\"@type\":\"WebSite\",\"@id\":\"https:\\\/\\\/www.irbab-kbivb.be\\\/#website\",\"url\":\"https:\\\/\\\/www.irbab-kbivb.be\\\/\",\"name\":\"IRBAB-KBIVB\",\"description\":\"Koninklijk Belgisch Instituut tot Verbetering van de Biet vzw | Institut Royal Belge pour l&#039;Am\u00e9lioration de la Betterave asbl\",\"potentialAction\":[{\"@type\":\"SearchAction\",\"target\":{\"@type\":\"EntryPoint\",\"urlTemplate\":\"https:\\\/\\\/www.irbab-kbivb.be\\\/?s={search_term_string}\"},\"query-input\":{\"@type\":\"PropertyValueSpecification\",\"valueRequired\":true,\"valueName\":\"search_term_string\"}}],\"inLanguage\":\"fr-FR\"},{\"@type\":\"Person\",\"@id\":\"https:\\\/\\\/www.irbab-kbivb.be\\\/#\\\/schema\\\/person\\\/dad6fe34d3ac93cce3720797f132a2e5\",\"name\":\"Marion\",\"image\":{\"@type\":\"ImageObject\",\"inLanguage\":\"fr-FR\",\"@id\":\"https:\\\/\\\/secure.gravatar.com\\\/avatar\\\/05aacf3b7aaf804eb748ec4466641d1174d8526a14e65b425d918689da98856a?s=96&d=mm&r=g\",\"url\":\"https:\\\/\\\/secure.gravatar.com\\\/avatar\\\/05aacf3b7aaf804eb748ec4466641d1174d8526a14e65b425d918689da98856a?s=96&d=mm&r=g\",\"contentUrl\":\"https:\\\/\\\/secure.gravatar.com\\\/avatar\\\/05aacf3b7aaf804eb748ec4466641d1174d8526a14e65b425d918689da98856a?s=96&d=mm&r=g\",\"caption\":\"Marion\"},\"url\":\"https:\\\/\\\/www.irbab-kbivb.be\\\/fr\\\/author\\\/anja\\\/\"}]}<\/script>\n<!-- \/ Yoast SEO plugin. -->","yoast_head_json":{"title":"Principales maladies racinaires de la betterave, pr\u00e9sentes \u00e0 l'arrachage et pendant le stockage (Le Betteravier octobre-novembre 2014) - IRBAB-KBIVB","robots":{"index":"index","follow":"follow","max-snippet":"max-snippet:-1","max-image-preview":"max-image-preview:large","max-video-preview":"max-video-preview:-1"},"canonical":"https:\/\/www.irbab-kbivb.be\/fr\/principales-maladies-racinaires-de-la-betterave-presentes-a-larrachage-et-pendant-le-stockage-le-betteravier-octobre-novembre-2014\/","og_locale":"fr_FR","og_type":"article","og_title":"Principales maladies racinaires de la betterave, pr\u00e9sentes \u00e0 l'arrachage et pendant le stockage (Le Betteravier octobre-novembre 2014) - IRBAB-KBIVB","og_description":"extrait de l&#8217;article publi\u00e9 dans &lsquo;le Betteravier&rsquo; de octobre-novembre\u00a02014","og_url":"https:\/\/www.irbab-kbivb.be\/fr\/principales-maladies-racinaires-de-la-betterave-presentes-a-larrachage-et-pendant-le-stockage-le-betteravier-octobre-novembre-2014\/","og_site_name":"IRBAB-KBIVB","article_published_time":"2014-09-13T13:22:02+00:00","article_modified_time":"2015-12-18T14:26:06+00:00","author":"Marion","twitter_card":"summary_large_image","twitter_misc":{"\u00c9crit par":"Marion","Dur\u00e9e de lecture estim\u00e9e":"1 minute"},"schema":{"@context":"https:\/\/schema.org","@graph":[{"@type":"Article","@id":"https:\/\/www.irbab-kbivb.be\/fr\/principales-maladies-racinaires-de-la-betterave-presentes-a-larrachage-et-pendant-le-stockage-le-betteravier-octobre-novembre-2014\/#article","isPartOf":{"@id":"https:\/\/www.irbab-kbivb.be\/fr\/principales-maladies-racinaires-de-la-betterave-presentes-a-larrachage-et-pendant-le-stockage-le-betteravier-octobre-novembre-2014\/"},"author":{"name":"Marion","@id":"https:\/\/www.irbab-kbivb.be\/#\/schema\/person\/dad6fe34d3ac93cce3720797f132a2e5"},"headline":"Principales maladies racinaires de la betterave, pr\u00e9sentes \u00e0 l&#8217;arrachage et pendant le stockage (Le Betteravier octobre-novembre 2014)","datePublished":"2014-09-13T13:22:02+00:00","dateModified":"2015-12-18T14:26:06+00:00","mainEntityOfPage":{"@id":"https:\/\/www.irbab-kbivb.be\/fr\/principales-maladies-racinaires-de-la-betterave-presentes-a-larrachage-et-pendant-le-stockage-le-betteravier-octobre-novembre-2014\/"},"wordCount":123,"keywords":["Articles"],"articleSection":["Maladies racinaires"],"inLanguage":"fr-FR"},{"@type":"WebPage","@id":"https:\/\/www.irbab-kbivb.be\/fr\/principales-maladies-racinaires-de-la-betterave-presentes-a-larrachage-et-pendant-le-stockage-le-betteravier-octobre-novembre-2014\/","url":"https:\/\/www.irbab-kbivb.be\/fr\/principales-maladies-racinaires-de-la-betterave-presentes-a-larrachage-et-pendant-le-stockage-le-betteravier-octobre-novembre-2014\/","name":"Principales maladies racinaires de la betterave, pr\u00e9sentes \u00e0 l'arrachage et pendant le stockage (Le Betteravier octobre-novembre 2014) - IRBAB-KBIVB","isPartOf":{"@id":"https:\/\/www.irbab-kbivb.be\/#website"},"datePublished":"2014-09-13T13:22:02+00:00","dateModified":"2015-12-18T14:26:06+00:00","author":{"@id":"https:\/\/www.irbab-kbivb.be\/#\/schema\/person\/dad6fe34d3ac93cce3720797f132a2e5"},"breadcrumb":{"@id":"https:\/\/www.irbab-kbivb.be\/fr\/principales-maladies-racinaires-de-la-betterave-presentes-a-larrachage-et-pendant-le-stockage-le-betteravier-octobre-novembre-2014\/#breadcrumb"},"inLanguage":"fr-FR","potentialAction":[{"@type":"ReadAction","target":["https:\/\/www.irbab-kbivb.be\/fr\/principales-maladies-racinaires-de-la-betterave-presentes-a-larrachage-et-pendant-le-stockage-le-betteravier-octobre-novembre-2014\/"]}]},{"@type":"BreadcrumbList","@id":"https:\/\/www.irbab-kbivb.be\/fr\/principales-maladies-racinaires-de-la-betterave-presentes-a-larrachage-et-pendant-le-stockage-le-betteravier-octobre-novembre-2014\/#breadcrumb","itemListElement":[{"@type":"ListItem","position":1,"name":"Home","item":"https:\/\/www.irbab-kbivb.be\/fr\/"},{"@type":"ListItem","position":2,"name":"Betterave","item":"https:\/\/www.irbab-kbivb.be\/fr\/category\/betterave\/"},{"@type":"ListItem","position":3,"name":"Protection des plantes","item":"https:\/\/www.irbab-kbivb.be\/fr\/category\/betterave\/protection-des-plantes\/"},{"@type":"ListItem","position":4,"name":"Maladies racinaires","item":"https:\/\/www.irbab-kbivb.be\/fr\/category\/betterave\/protection-des-plantes\/maladies-racinaires\/"},{"@type":"ListItem","position":5,"name":"Principales maladies racinaires de la betterave, pr\u00e9sentes \u00e0 l&#8217;arrachage et pendant le stockage (Le Betteravier octobre-novembre 2014)"}]},{"@type":"WebSite","@id":"https:\/\/www.irbab-kbivb.be\/#website","url":"https:\/\/www.irbab-kbivb.be\/","name":"IRBAB-KBIVB","description":"Koninklijk Belgisch Instituut tot Verbetering van de Biet vzw | Institut Royal Belge pour l&#039;Am\u00e9lioration de la Betterave asbl","potentialAction":[{"@type":"SearchAction","target":{"@type":"EntryPoint","urlTemplate":"https:\/\/www.irbab-kbivb.be\/?s={search_term_string}"},"query-input":{"@type":"PropertyValueSpecification","valueRequired":true,"valueName":"search_term_string"}}],"inLanguage":"fr-FR"},{"@type":"Person","@id":"https:\/\/www.irbab-kbivb.be\/#\/schema\/person\/dad6fe34d3ac93cce3720797f132a2e5","name":"Marion","image":{"@type":"ImageObject","inLanguage":"fr-FR","@id":"https:\/\/secure.gravatar.com\/avatar\/05aacf3b7aaf804eb748ec4466641d1174d8526a14e65b425d918689da98856a?s=96&d=mm&r=g","url":"https:\/\/secure.gravatar.com\/avatar\/05aacf3b7aaf804eb748ec4466641d1174d8526a14e65b425d918689da98856a?s=96&d=mm&r=g","contentUrl":"https:\/\/secure.gravatar.com\/avatar\/05aacf3b7aaf804eb748ec4466641d1174d8526a14e65b425d918689da98856a?s=96&d=mm&r=g","caption":"Marion"},"url":"https:\/\/www.irbab-kbivb.be\/fr\/author\/anja\/"}]}},"_links":{"self":[{"href":"https:\/\/www.irbab-kbivb.be\/fr\/wp-json\/wp\/v2\/posts\/5310","targetHints":{"allow":["GET"]}}],"collection":[{"href":"https:\/\/www.irbab-kbivb.be\/fr\/wp-json\/wp\/v2\/posts"}],"about":[{"href":"https:\/\/www.irbab-kbivb.be\/fr\/wp-json\/wp\/v2\/types\/post"}],"author":[{"embeddable":true,"href":"https:\/\/www.irbab-kbivb.be\/fr\/wp-json\/wp\/v2\/users\/3"}],"replies":[{"embeddable":true,"href":"https:\/\/www.irbab-kbivb.be\/fr\/wp-json\/wp\/v2\/comments?post=5310"}],"version-history":[{"count":2,"href":"https:\/\/www.irbab-kbivb.be\/fr\/wp-json\/wp\/v2\/posts\/5310\/revisions"}],"predecessor-version":[{"id":5314,"href":"https:\/\/www.irbab-kbivb.be\/fr\/wp-json\/wp\/v2\/posts\/5310\/revisions\/5314"}],"wp:attachment":[{"href":"https:\/\/www.irbab-kbivb.be\/fr\/wp-json\/wp\/v2\/media?parent=5310"}],"wp:term":[{"taxonomy":"category","embeddable":true,"href":"https:\/\/www.irbab-kbivb.be\/fr\/wp-json\/wp\/v2\/categories?post=5310"},{"taxonomy":"post_tag","embeddable":true,"href":"https:\/\/www.irbab-kbivb.be\/fr\/wp-json\/wp\/v2\/tags?post=5310"}],"curies":[{"name":"wp","href":"https:\/\/api.w.org\/{rel}","templated":true}]}}