{"id":2997,"date":"2015-03-24T10:50:53","date_gmt":"2015-03-24T10:50:53","guid":{"rendered":"http:\/\/kbivb.mailbox-belgium.com\/fr\/?p=2997"},"modified":"2015-12-03T14:46:57","modified_gmt":"2015-12-03T13:46:57","slug":"qualite-des-graines-2015-3","status":"publish","type":"post","link":"https:\/\/www.irbab-kbivb.be\/fr\/qualite-des-graines-2015-3\/","title":{"rendered":"Qualit\u00e9 des graines 2015"},"content":{"rendered":"<p><a href=\"https:\/\/www.irbab-kbivb.be\/wp-content\/uploads\/2015\/03\/zaadkwaliteit.png\"><img loading=\"lazy\" decoding=\"async\" class=\"rounded alignleft wp-image-4763 size-medium\" src=\"https:\/\/www.irbab-kbivb.be\/wp-content\/uploads\/2015\/03\/zaadkwaliteit-300x211.png\" alt=\"zaadkwaliteit\" width=\"300\" height=\"211\" srcset=\"https:\/\/www.irbab-kbivb.be\/wp-content\/uploads\/2015\/03\/zaadkwaliteit-300x211.png 300w, https:\/\/www.irbab-kbivb.be\/wp-content\/uploads\/2015\/03\/zaadkwaliteit.png 1024w, https:\/\/www.irbab-kbivb.be\/wp-content\/uploads\/2015\/03\/zaadkwaliteit-150x105.png 150w, https:\/\/www.irbab-kbivb.be\/wp-content\/uploads\/2015\/03\/zaadkwaliteit-810x570.png 810w\" sizes=\"auto, (max-width: 300px) 100vw, 300px\" \/><\/a>Les lots de graines de betterave commercialis\u00e9s en 2015, via les sucreries, ont \u00e9t\u00e9 \u00e9chantillonn\u00e9s par l&rsquo;IRBAB au cours de la premi\u00e8re semaine de mars, avant leur distribution par les services agronomiques. <a href=\"https:\/\/www.irbab-kbivb.be\/fr\/resultats-de-la-qualite-germinative-germination-et-monogermie-des-calibres-et-lenergie-germinative-des-graines-de-betteraves-sucrieres-echantillonnees-dans-lindustrie-sucriere-en-2015\/\">Les premiers r\u00e9sultats des tests de germination, tests de calibre et autres analyses sont publi\u00e9s sur le site Internet de l&rsquo;Institut<\/a>. Ces r\u00e9sultats seront actualis\u00e9s, au m\u00eame endroit, au fur et mesure de leur d\u00e9termination. Les valeurs inf\u00e9rieures \u00e0 la norme du cahier de charge des graines commercialis\u00e9es seront pr\u00e9sent\u00e9es en rouge.<\/p>\n","protected":false},"excerpt":{"rendered":"<p>Les lots de graines de betterave commercialis\u00e9s en 2015, via les sucreries, ont \u00e9t\u00e9 \u00e9chantillonn\u00e9s par l&rsquo;IRBAB au cours de la premi\u00e8re semaine de mars, avant leur distribution par les services agronomiques. Les premiers r\u00e9sultats des tests de germination, tests de calibre et autres analyses sont publi\u00e9s sur le site Internet de l&rsquo;Institut. Ces r\u00e9sultats [&hellip;]<\/p>\n","protected":false},"author":3,"featured_media":4763,"comment_status":"closed","ping_status":"closed","sticky":false,"template":"","format":"standard","meta":{"iawp_total_views":0,"footnotes":""},"categories":[220],"tags":[243],"class_list":["post-2997","post","type-post","status-publish","format-standard","has-post-thumbnail","hentry","category-semences","tag-messages"],"yoast_head":"<!-- This site is optimized with the Yoast SEO plugin v27.5 - https:\/\/yoast.com\/product\/yoast-seo-wordpress\/ -->\n<title>Qualit\u00e9 des graines 2015 - IRBAB-KBIVB<\/title>\n<meta name=\"robots\" content=\"index, follow, max-snippet:-1, max-image-preview:large, max-video-preview:-1\" \/>\n<link rel=\"canonical\" href=\"https:\/\/www.irbab-kbivb.be\/fr\/qualite-des-graines-2015-3\/\" \/>\n<meta property=\"og:locale\" content=\"fr_FR\" \/>\n<meta property=\"og:type\" content=\"article\" \/>\n<meta property=\"og:title\" content=\"Qualit\u00e9 des graines 2015 - IRBAB-KBIVB\" \/>\n<meta property=\"og:description\" content=\"Les lots de graines de betterave commercialis\u00e9s en 2015, via les sucreries, ont \u00e9t\u00e9 \u00e9chantillonn\u00e9s par l&rsquo;IRBAB au cours de la premi\u00e8re semaine de mars, avant leur distribution par les services agronomiques. Les premiers r\u00e9sultats des tests de germination, tests de calibre et autres analyses sont publi\u00e9s sur le site Internet de l&rsquo;Institut. Ces r\u00e9sultats [&hellip;]\" \/>\n<meta property=\"og:url\" content=\"https:\/\/www.irbab-kbivb.be\/fr\/qualite-des-graines-2015-3\/\" \/>\n<meta property=\"og:site_name\" content=\"IRBAB-KBIVB\" \/>\n<meta property=\"article:published_time\" content=\"2015-03-24T10:50:53+00:00\" \/>\n<meta property=\"article:modified_time\" content=\"2015-12-03T13:46:57+00:00\" \/>\n<meta property=\"og:image\" content=\"https:\/\/www.irbab-kbivb.be\/wp-content\/uploads\/2015\/03\/zaadkwaliteit.png\" \/>\n\t<meta property=\"og:image:width\" content=\"1024\" \/>\n\t<meta property=\"og:image:height\" content=\"720\" \/>\n\t<meta property=\"og:image:type\" content=\"image\/png\" \/>\n<meta name=\"author\" content=\"Marion\" \/>\n<meta name=\"twitter:card\" content=\"summary_large_image\" \/>\n<meta name=\"twitter:label1\" content=\"\u00c9crit par\" \/>\n\t<meta name=\"twitter:data1\" content=\"Marion\" \/>\n<script type=\"application\/ld+json\" class=\"yoast-schema-graph\">{\"@context\":\"https:\\\/\\\/schema.org\",\"@graph\":[{\"@type\":\"Article\",\"@id\":\"https:\\\/\\\/www.irbab-kbivb.be\\\/fr\\\/qualite-des-graines-2015-3\\\/#article\",\"isPartOf\":{\"@id\":\"https:\\\/\\\/www.irbab-kbivb.be\\\/fr\\\/qualite-des-graines-2015-3\\\/\"},\"author\":{\"name\":\"Marion\",\"@id\":\"https:\\\/\\\/www.irbab-kbivb.be\\\/#\\\/schema\\\/person\\\/dad6fe34d3ac93cce3720797f132a2e5\"},\"headline\":\"Qualit\u00e9 des graines 2015\",\"datePublished\":\"2015-03-24T10:50:53+00:00\",\"dateModified\":\"2015-12-03T13:46:57+00:00\",\"mainEntityOfPage\":{\"@id\":\"https:\\\/\\\/www.irbab-kbivb.be\\\/fr\\\/qualite-des-graines-2015-3\\\/\"},\"wordCount\":102,\"image\":{\"@id\":\"https:\\\/\\\/www.irbab-kbivb.be\\\/fr\\\/qualite-des-graines-2015-3\\\/#primaryimage\"},\"thumbnailUrl\":\"https:\\\/\\\/www.irbab-kbivb.be\\\/wp-content\\\/uploads\\\/2015\\\/03\\\/zaadkwaliteit.png\",\"keywords\":[\"Messages\"],\"articleSection\":[\"Semences\"],\"inLanguage\":\"fr-FR\"},{\"@type\":\"WebPage\",\"@id\":\"https:\\\/\\\/www.irbab-kbivb.be\\\/fr\\\/qualite-des-graines-2015-3\\\/\",\"url\":\"https:\\\/\\\/www.irbab-kbivb.be\\\/fr\\\/qualite-des-graines-2015-3\\\/\",\"name\":\"Qualit\u00e9 des graines 2015 - IRBAB-KBIVB\",\"isPartOf\":{\"@id\":\"https:\\\/\\\/www.irbab-kbivb.be\\\/#website\"},\"primaryImageOfPage\":{\"@id\":\"https:\\\/\\\/www.irbab-kbivb.be\\\/fr\\\/qualite-des-graines-2015-3\\\/#primaryimage\"},\"image\":{\"@id\":\"https:\\\/\\\/www.irbab-kbivb.be\\\/fr\\\/qualite-des-graines-2015-3\\\/#primaryimage\"},\"thumbnailUrl\":\"https:\\\/\\\/www.irbab-kbivb.be\\\/wp-content\\\/uploads\\\/2015\\\/03\\\/zaadkwaliteit.png\",\"datePublished\":\"2015-03-24T10:50:53+00:00\",\"dateModified\":\"2015-12-03T13:46:57+00:00\",\"author\":{\"@id\":\"https:\\\/\\\/www.irbab-kbivb.be\\\/#\\\/schema\\\/person\\\/dad6fe34d3ac93cce3720797f132a2e5\"},\"breadcrumb\":{\"@id\":\"https:\\\/\\\/www.irbab-kbivb.be\\\/fr\\\/qualite-des-graines-2015-3\\\/#breadcrumb\"},\"inLanguage\":\"fr-FR\",\"potentialAction\":[{\"@type\":\"ReadAction\",\"target\":[\"https:\\\/\\\/www.irbab-kbivb.be\\\/fr\\\/qualite-des-graines-2015-3\\\/\"]}]},{\"@type\":\"ImageObject\",\"inLanguage\":\"fr-FR\",\"@id\":\"https:\\\/\\\/www.irbab-kbivb.be\\\/fr\\\/qualite-des-graines-2015-3\\\/#primaryimage\",\"url\":\"https:\\\/\\\/www.irbab-kbivb.be\\\/wp-content\\\/uploads\\\/2015\\\/03\\\/zaadkwaliteit.png\",\"contentUrl\":\"https:\\\/\\\/www.irbab-kbivb.be\\\/wp-content\\\/uploads\\\/2015\\\/03\\\/zaadkwaliteit.png\",\"width\":1024,\"height\":720},{\"@type\":\"BreadcrumbList\",\"@id\":\"https:\\\/\\\/www.irbab-kbivb.be\\\/fr\\\/qualite-des-graines-2015-3\\\/#breadcrumb\",\"itemListElement\":[{\"@type\":\"ListItem\",\"position\":1,\"name\":\"Home\",\"item\":\"https:\\\/\\\/www.irbab-kbivb.be\\\/fr\\\/\"},{\"@type\":\"ListItem\",\"position\":2,\"name\":\"Betterave\",\"item\":\"https:\\\/\\\/www.irbab-kbivb.be\\\/fr\\\/category\\\/betterave\\\/\"},{\"@type\":\"ListItem\",\"position\":3,\"name\":\"Plante\",\"item\":\"https:\\\/\\\/www.irbab-kbivb.be\\\/fr\\\/category\\\/betterave\\\/plante\\\/\"},{\"@type\":\"ListItem\",\"position\":4,\"name\":\"Semences\",\"item\":\"https:\\\/\\\/www.irbab-kbivb.be\\\/fr\\\/category\\\/betterave\\\/plante\\\/semences\\\/\"},{\"@type\":\"ListItem\",\"position\":5,\"name\":\"Qualit\u00e9 des graines 2015\"}]},{\"@type\":\"WebSite\",\"@id\":\"https:\\\/\\\/www.irbab-kbivb.be\\\/#website\",\"url\":\"https:\\\/\\\/www.irbab-kbivb.be\\\/\",\"name\":\"IRBAB-KBIVB\",\"description\":\"Koninklijk Belgisch Instituut tot Verbetering van de Biet vzw | Institut Royal Belge pour l&#039;Am\u00e9lioration de la Betterave asbl\",\"potentialAction\":[{\"@type\":\"SearchAction\",\"target\":{\"@type\":\"EntryPoint\",\"urlTemplate\":\"https:\\\/\\\/www.irbab-kbivb.be\\\/?s={search_term_string}\"},\"query-input\":{\"@type\":\"PropertyValueSpecification\",\"valueRequired\":true,\"valueName\":\"search_term_string\"}}],\"inLanguage\":\"fr-FR\"},{\"@type\":\"Person\",\"@id\":\"https:\\\/\\\/www.irbab-kbivb.be\\\/#\\\/schema\\\/person\\\/dad6fe34d3ac93cce3720797f132a2e5\",\"name\":\"Marion\",\"image\":{\"@type\":\"ImageObject\",\"inLanguage\":\"fr-FR\",\"@id\":\"https:\\\/\\\/secure.gravatar.com\\\/avatar\\\/05aacf3b7aaf804eb748ec4466641d1174d8526a14e65b425d918689da98856a?s=96&d=mm&r=g\",\"url\":\"https:\\\/\\\/secure.gravatar.com\\\/avatar\\\/05aacf3b7aaf804eb748ec4466641d1174d8526a14e65b425d918689da98856a?s=96&d=mm&r=g\",\"contentUrl\":\"https:\\\/\\\/secure.gravatar.com\\\/avatar\\\/05aacf3b7aaf804eb748ec4466641d1174d8526a14e65b425d918689da98856a?s=96&d=mm&r=g\",\"caption\":\"Marion\"},\"url\":\"https:\\\/\\\/www.irbab-kbivb.be\\\/fr\\\/author\\\/anja\\\/\"}]}<\/script>\n<!-- \/ Yoast SEO plugin. -->","yoast_head_json":{"title":"Qualit\u00e9 des graines 2015 - IRBAB-KBIVB","robots":{"index":"index","follow":"follow","max-snippet":"max-snippet:-1","max-image-preview":"max-image-preview:large","max-video-preview":"max-video-preview:-1"},"canonical":"https:\/\/www.irbab-kbivb.be\/fr\/qualite-des-graines-2015-3\/","og_locale":"fr_FR","og_type":"article","og_title":"Qualit\u00e9 des graines 2015 - IRBAB-KBIVB","og_description":"Les lots de graines de betterave commercialis\u00e9s en 2015, via les sucreries, ont \u00e9t\u00e9 \u00e9chantillonn\u00e9s par l&rsquo;IRBAB au cours de la premi\u00e8re semaine de mars, avant leur distribution par les services agronomiques. Les premiers r\u00e9sultats des tests de germination, tests de calibre et autres analyses sont publi\u00e9s sur le site Internet de l&rsquo;Institut. Ces r\u00e9sultats [&hellip;]","og_url":"https:\/\/www.irbab-kbivb.be\/fr\/qualite-des-graines-2015-3\/","og_site_name":"IRBAB-KBIVB","article_published_time":"2015-03-24T10:50:53+00:00","article_modified_time":"2015-12-03T13:46:57+00:00","og_image":[{"width":1024,"height":720,"url":"https:\/\/www.irbab-kbivb.be\/wp-content\/uploads\/2015\/03\/zaadkwaliteit.png","type":"image\/png"}],"author":"Marion","twitter_card":"summary_large_image","twitter_misc":{"\u00c9crit par":"Marion"},"schema":{"@context":"https:\/\/schema.org","@graph":[{"@type":"Article","@id":"https:\/\/www.irbab-kbivb.be\/fr\/qualite-des-graines-2015-3\/#article","isPartOf":{"@id":"https:\/\/www.irbab-kbivb.be\/fr\/qualite-des-graines-2015-3\/"},"author":{"name":"Marion","@id":"https:\/\/www.irbab-kbivb.be\/#\/schema\/person\/dad6fe34d3ac93cce3720797f132a2e5"},"headline":"Qualit\u00e9 des graines 2015","datePublished":"2015-03-24T10:50:53+00:00","dateModified":"2015-12-03T13:46:57+00:00","mainEntityOfPage":{"@id":"https:\/\/www.irbab-kbivb.be\/fr\/qualite-des-graines-2015-3\/"},"wordCount":102,"image":{"@id":"https:\/\/www.irbab-kbivb.be\/fr\/qualite-des-graines-2015-3\/#primaryimage"},"thumbnailUrl":"https:\/\/www.irbab-kbivb.be\/wp-content\/uploads\/2015\/03\/zaadkwaliteit.png","keywords":["Messages"],"articleSection":["Semences"],"inLanguage":"fr-FR"},{"@type":"WebPage","@id":"https:\/\/www.irbab-kbivb.be\/fr\/qualite-des-graines-2015-3\/","url":"https:\/\/www.irbab-kbivb.be\/fr\/qualite-des-graines-2015-3\/","name":"Qualit\u00e9 des graines 2015 - IRBAB-KBIVB","isPartOf":{"@id":"https:\/\/www.irbab-kbivb.be\/#website"},"primaryImageOfPage":{"@id":"https:\/\/www.irbab-kbivb.be\/fr\/qualite-des-graines-2015-3\/#primaryimage"},"image":{"@id":"https:\/\/www.irbab-kbivb.be\/fr\/qualite-des-graines-2015-3\/#primaryimage"},"thumbnailUrl":"https:\/\/www.irbab-kbivb.be\/wp-content\/uploads\/2015\/03\/zaadkwaliteit.png","datePublished":"2015-03-24T10:50:53+00:00","dateModified":"2015-12-03T13:46:57+00:00","author":{"@id":"https:\/\/www.irbab-kbivb.be\/#\/schema\/person\/dad6fe34d3ac93cce3720797f132a2e5"},"breadcrumb":{"@id":"https:\/\/www.irbab-kbivb.be\/fr\/qualite-des-graines-2015-3\/#breadcrumb"},"inLanguage":"fr-FR","potentialAction":[{"@type":"ReadAction","target":["https:\/\/www.irbab-kbivb.be\/fr\/qualite-des-graines-2015-3\/"]}]},{"@type":"ImageObject","inLanguage":"fr-FR","@id":"https:\/\/www.irbab-kbivb.be\/fr\/qualite-des-graines-2015-3\/#primaryimage","url":"https:\/\/www.irbab-kbivb.be\/wp-content\/uploads\/2015\/03\/zaadkwaliteit.png","contentUrl":"https:\/\/www.irbab-kbivb.be\/wp-content\/uploads\/2015\/03\/zaadkwaliteit.png","width":1024,"height":720},{"@type":"BreadcrumbList","@id":"https:\/\/www.irbab-kbivb.be\/fr\/qualite-des-graines-2015-3\/#breadcrumb","itemListElement":[{"@type":"ListItem","position":1,"name":"Home","item":"https:\/\/www.irbab-kbivb.be\/fr\/"},{"@type":"ListItem","position":2,"name":"Betterave","item":"https:\/\/www.irbab-kbivb.be\/fr\/category\/betterave\/"},{"@type":"ListItem","position":3,"name":"Plante","item":"https:\/\/www.irbab-kbivb.be\/fr\/category\/betterave\/plante\/"},{"@type":"ListItem","position":4,"name":"Semences","item":"https:\/\/www.irbab-kbivb.be\/fr\/category\/betterave\/plante\/semences\/"},{"@type":"ListItem","position":5,"name":"Qualit\u00e9 des graines 2015"}]},{"@type":"WebSite","@id":"https:\/\/www.irbab-kbivb.be\/#website","url":"https:\/\/www.irbab-kbivb.be\/","name":"IRBAB-KBIVB","description":"Koninklijk Belgisch Instituut tot Verbetering van de Biet vzw | Institut Royal Belge pour l&#039;Am\u00e9lioration de la Betterave asbl","potentialAction":[{"@type":"SearchAction","target":{"@type":"EntryPoint","urlTemplate":"https:\/\/www.irbab-kbivb.be\/?s={search_term_string}"},"query-input":{"@type":"PropertyValueSpecification","valueRequired":true,"valueName":"search_term_string"}}],"inLanguage":"fr-FR"},{"@type":"Person","@id":"https:\/\/www.irbab-kbivb.be\/#\/schema\/person\/dad6fe34d3ac93cce3720797f132a2e5","name":"Marion","image":{"@type":"ImageObject","inLanguage":"fr-FR","@id":"https:\/\/secure.gravatar.com\/avatar\/05aacf3b7aaf804eb748ec4466641d1174d8526a14e65b425d918689da98856a?s=96&d=mm&r=g","url":"https:\/\/secure.gravatar.com\/avatar\/05aacf3b7aaf804eb748ec4466641d1174d8526a14e65b425d918689da98856a?s=96&d=mm&r=g","contentUrl":"https:\/\/secure.gravatar.com\/avatar\/05aacf3b7aaf804eb748ec4466641d1174d8526a14e65b425d918689da98856a?s=96&d=mm&r=g","caption":"Marion"},"url":"https:\/\/www.irbab-kbivb.be\/fr\/author\/anja\/"}]}},"_links":{"self":[{"href":"https:\/\/www.irbab-kbivb.be\/fr\/wp-json\/wp\/v2\/posts\/2997","targetHints":{"allow":["GET"]}}],"collection":[{"href":"https:\/\/www.irbab-kbivb.be\/fr\/wp-json\/wp\/v2\/posts"}],"about":[{"href":"https:\/\/www.irbab-kbivb.be\/fr\/wp-json\/wp\/v2\/types\/post"}],"author":[{"embeddable":true,"href":"https:\/\/www.irbab-kbivb.be\/fr\/wp-json\/wp\/v2\/users\/3"}],"replies":[{"embeddable":true,"href":"https:\/\/www.irbab-kbivb.be\/fr\/wp-json\/wp\/v2\/comments?post=2997"}],"version-history":[{"count":2,"href":"https:\/\/www.irbab-kbivb.be\/fr\/wp-json\/wp\/v2\/posts\/2997\/revisions"}],"predecessor-version":[{"id":4765,"href":"https:\/\/www.irbab-kbivb.be\/fr\/wp-json\/wp\/v2\/posts\/2997\/revisions\/4765"}],"wp:featuredmedia":[{"embeddable":true,"href":"https:\/\/www.irbab-kbivb.be\/fr\/wp-json\/wp\/v2\/media\/4763"}],"wp:attachment":[{"href":"https:\/\/www.irbab-kbivb.be\/fr\/wp-json\/wp\/v2\/media?parent=2997"}],"wp:term":[{"taxonomy":"category","embeddable":true,"href":"https:\/\/www.irbab-kbivb.be\/fr\/wp-json\/wp\/v2\/categories?post=2997"},{"taxonomy":"post_tag","embeddable":true,"href":"https:\/\/www.irbab-kbivb.be\/fr\/wp-json\/wp\/v2\/tags?post=2997"}],"curies":[{"name":"wp","href":"https:\/\/api.w.org\/{rel}","templated":true}]}}