{"id":28602,"date":"2026-09-03T14:52:51","date_gmt":"2026-09-03T12:52:51","guid":{"rendered":"https:\/\/www.irbab-kbivb.be\/?p=28602"},"modified":"2026-09-03T14:52:56","modified_gmt":"2026-09-03T12:52:56","slug":"3-septembre-maladies-foliaires-les-maladies-foliaires-fongiques-continuent-de-se-developper-legerement","status":"publish","type":"post","link":"https:\/\/www.irbab-kbivb.be\/fr\/3-septembre-maladies-foliaires-les-maladies-foliaires-fongiques-continuent-de-se-developper-legerement\/","title":{"rendered":"3 septembre: Maladies foliaires\u00a0: Les maladies foliaires fongiques continuent de se d\u00e9velopper l\u00e9g\u00e8rement."},"content":{"rendered":"\n<figure class=\"wp-block-image size-full\"><a href=\"https:\/\/www.irbab-kbivb.be\/wp-content\/uploads\/2026\/09\/Kaart-FR-03-09-2026.png\"><img loading=\"lazy\" decoding=\"async\" width=\"800\" height=\"526\" src=\"https:\/\/www.irbab-kbivb.be\/wp-content\/uploads\/2026\/09\/Kaart-FR-03-09-2026.png\" alt=\"\" class=\"wp-image-28594\" srcset=\"https:\/\/www.irbab-kbivb.be\/wp-content\/uploads\/2026\/09\/Kaart-FR-03-09-2026.png 800w, https:\/\/www.irbab-kbivb.be\/wp-content\/uploads\/2026\/09\/Kaart-FR-03-09-2026-300x197.png 300w, https:\/\/www.irbab-kbivb.be\/wp-content\/uploads\/2026\/09\/Kaart-FR-03-09-2026-768x505.png 768w\" sizes=\"auto, (max-width: 800px) 100vw, 800px\" \/><\/a><\/figure>\n\n\n\n<p>La pression de la cercosporiose reste globalement stable voir l\u00e9g\u00e8rement en hausse. Entre-temps, pr\u00e8s de la moiti\u00e9 des parcelles ont atteint le deuxi\u00e8me seuil de traitement pour la cercosporiose. Sur 12 % de ces parcelles, le seuil a \u00e9t\u00e9 d\u00e9pass\u00e9 pour la troisi\u00e8me fois. L\u2019o\u00efdium et la rouille ont \u00e9galement \u00e9t\u00e9 davantage observ\u00e9s localement au cours de la semaine derni\u00e8re. Consultez la situation actuelle sur notre site internet : <a href=\"https:\/\/www.google.com\/maps\/d\/edit?hl=fr&amp;mid=1pcpeOp7dMomqyZnbnsD81hQWazH6u_w&amp;ll=50.44259958413889%2C5.617649089435028&amp;z=10\">Carte des maladies foliaires<\/a>.<\/p>\n<p>Vous pouvez \u00e9galement suivre nos parcelles d&#8217;observation en chicor\u00e9e via\u00a0: <a href=\"https:\/\/www.google.com\/maps\/d\/u\/0\/viewer?mid=1v7yioZAjihEU4lLFmIKBRaSJjoUS1VE&amp;femb=1&amp;ll=50.59410444310526%2C4.4363769999999825&amp;z=9\">Carte des maladies foliaires Chicor\u00e9e<\/a>.<\/p>\n<p>La pluie, altern\u00e9e avec des journ\u00e9es chaudes, nous oblige \u00e0 rester vigilants et \u00e0 suivre attentivement l\u2019\u00e9volution des maladies foliaires. Lors d\u2019un \u00e9ventuel traitement, tenez \u00e9galement compte de la vari\u00e9t\u00e9 et de la date pr\u00e9vue d\u2019arrachage. Un traitement fongicide r\u00e9alis\u00e9 dans les 45 jours pr\u00e9c\u00e9dant l\u2019arrachage n\u2019apporte pas de plus-value \u00e9conomique.<\/p>\n<p>Un traitement n\u2019est indiqu\u00e9 que lorsque le seuil de nuisibilit\u00e9 en vigueur est d\u00e9pass\u00e9. Les seuils de nuisibilit\u00e9 relev\u00e9s sont de 20 % pour la cercosporiose et la ramulariose, et de 30 % pour l\u2019o\u00efdium et la rouille. Vous trouverez davantage d&#8217;informations dans notre <a href=\"https:\/\/www.irbab-kbivb.be\/wp-content\/uploads\/2026\/07\/Fungi-memo-2026-FR-light2.pdf\">Fongi Memo<\/a>.<\/p>\n","protected":false},"excerpt":{"rendered":"<p>La pression de la cercosporiose reste globalement stable voir l\u00e9g\u00e8rement en hausse. Entre-temps, pr\u00e8s de la moiti\u00e9 des parcelles ont atteint le deuxi\u00e8me seuil de traitement pour la cercosporiose. Sur 12 % de ces parcelles, le seuil a \u00e9t\u00e9 d\u00e9pass\u00e9 pour la troisi\u00e8me fois. L\u2019o\u00efdium et la rouille ont \u00e9galement \u00e9t\u00e9 davantage observ\u00e9s localement au [&hellip;]<\/p>\n","protected":false},"author":3,"featured_media":28594,"comment_status":"closed","ping_status":"closed","sticky":false,"template":"","format":"standard","meta":{"iawp_total_views":33,"footnotes":""},"categories":[2,221,129],"tags":[243],"class_list":["post-28602","post","type-post","status-publish","format-standard","has-post-thumbnail","hentry","category-betterave","category-maladies-foliaires","category-protection-des-plantes","tag-messages"],"yoast_head":"<!-- This site is optimized with the Yoast SEO plugin v28.4 - https:\/\/yoast.com\/product\/yoast-seo-wordpress\/ -->\n<title>3 septembre: Maladies foliaires\u00a0: Les maladies foliaires fongiques continuent de se d\u00e9velopper l\u00e9g\u00e8rement. - IRBAB-KBIVB<\/title>\n<meta name=\"robots\" content=\"index, follow, max-snippet:-1, max-image-preview:large, max-video-preview:-1\" \/>\n<link rel=\"canonical\" href=\"https:\/\/www.irbab-kbivb.be\/fr\/3-septembre-maladies-foliaires-les-maladies-foliaires-fongiques-continuent-de-se-developper-legerement\/\" \/>\n<meta property=\"og:locale\" content=\"fr_FR\" \/>\n<meta property=\"og:type\" content=\"article\" \/>\n<meta property=\"og:title\" content=\"3 septembre: Maladies foliaires\u00a0: Les maladies foliaires fongiques continuent de se d\u00e9velopper l\u00e9g\u00e8rement. - IRBAB-KBIVB\" \/>\n<meta property=\"og:description\" content=\"La pression de la cercosporiose reste globalement stable voir l\u00e9g\u00e8rement en hausse. Entre-temps, pr\u00e8s de la moiti\u00e9 des parcelles ont atteint le deuxi\u00e8me seuil de traitement pour la cercosporiose. Sur 12 % de ces parcelles, le seuil a \u00e9t\u00e9 d\u00e9pass\u00e9 pour la troisi\u00e8me fois. L\u2019o\u00efdium et la rouille ont \u00e9galement \u00e9t\u00e9 davantage observ\u00e9s localement au [&hellip;]\" \/>\n<meta property=\"og:url\" content=\"https:\/\/www.irbab-kbivb.be\/fr\/3-septembre-maladies-foliaires-les-maladies-foliaires-fongiques-continuent-de-se-developper-legerement\/\" \/>\n<meta property=\"og:site_name\" content=\"IRBAB-KBIVB\" \/>\n<meta property=\"article:published_time\" content=\"2026-09-03T12:52:51+00:00\" \/>\n<meta property=\"article:modified_time\" content=\"2026-09-03T12:52:56+00:00\" \/>\n<meta property=\"og:image\" content=\"https:\/\/www.irbab-kbivb.be\/wp-content\/uploads\/2026\/09\/Kaart-FR-03-09-2026.png\" \/>\n\t<meta property=\"og:image:width\" content=\"800\" \/>\n\t<meta property=\"og:image:height\" content=\"526\" \/>\n\t<meta property=\"og:image:type\" content=\"image\/png\" \/>\n<meta name=\"author\" content=\"Marion\" \/>\n<meta name=\"twitter:card\" content=\"summary_large_image\" \/>\n<meta name=\"twitter:label1\" content=\"\u00c9crit par\" \/>\n\t<meta name=\"twitter:data1\" content=\"Marion\" \/>\n\t<meta name=\"twitter:label2\" content=\"Dur\u00e9e de lecture estim\u00e9e\" \/>\n\t<meta name=\"twitter:data2\" content=\"2 minutes\" \/>\n<script type=\"application\/ld+json\" class=\"yoast-schema-graph\">{\"@context\":\"https:\\\/\\\/schema.org\",\"@graph\":[{\"@type\":\"Article\",\"@id\":\"https:\\\/\\\/www.irbab-kbivb.be\\\/fr\\\/3-septembre-maladies-foliaires-les-maladies-foliaires-fongiques-continuent-de-se-developper-legerement\\\/#article\",\"isPartOf\":{\"@id\":\"https:\\\/\\\/www.irbab-kbivb.be\\\/fr\\\/3-septembre-maladies-foliaires-les-maladies-foliaires-fongiques-continuent-de-se-developper-legerement\\\/\"},\"author\":{\"name\":\"Marion\",\"@id\":\"https:\\\/\\\/www.irbab-kbivb.be\\\/#\\\/schema\\\/person\\\/dad6fe34d3ac93cce3720797f132a2e5\"},\"headline\":\"3 septembre: Maladies foliaires\u00a0: Les maladies foliaires fongiques continuent de se d\u00e9velopper l\u00e9g\u00e8rement.\",\"datePublished\":\"2026-09-03T12:52:51+00:00\",\"dateModified\":\"2026-09-03T12:52:56+00:00\",\"mainEntityOfPage\":{\"@id\":\"https:\\\/\\\/www.irbab-kbivb.be\\\/fr\\\/3-septembre-maladies-foliaires-les-maladies-foliaires-fongiques-continuent-de-se-developper-legerement\\\/\"},\"wordCount\":221,\"image\":{\"@id\":\"https:\\\/\\\/www.irbab-kbivb.be\\\/fr\\\/3-septembre-maladies-foliaires-les-maladies-foliaires-fongiques-continuent-de-se-developper-legerement\\\/#primaryimage\"},\"thumbnailUrl\":\"https:\\\/\\\/www.irbab-kbivb.be\\\/wp-content\\\/uploads\\\/2026\\\/09\\\/Kaart-FR-03-09-2026.png\",\"keywords\":[\"Messages\"],\"articleSection\":[\"Betterave\",\"Maladies foliaires\",\"Protection des plantes\"],\"inLanguage\":\"fr-FR\"},{\"@type\":\"WebPage\",\"@id\":\"https:\\\/\\\/www.irbab-kbivb.be\\\/fr\\\/3-septembre-maladies-foliaires-les-maladies-foliaires-fongiques-continuent-de-se-developper-legerement\\\/\",\"url\":\"https:\\\/\\\/www.irbab-kbivb.be\\\/fr\\\/3-septembre-maladies-foliaires-les-maladies-foliaires-fongiques-continuent-de-se-developper-legerement\\\/\",\"name\":\"3 septembre: Maladies foliaires\u00a0: Les maladies foliaires fongiques continuent de se d\u00e9velopper l\u00e9g\u00e8rement. - IRBAB-KBIVB\",\"isPartOf\":{\"@id\":\"https:\\\/\\\/www.irbab-kbivb.be\\\/#website\"},\"primaryImageOfPage\":{\"@id\":\"https:\\\/\\\/www.irbab-kbivb.be\\\/fr\\\/3-septembre-maladies-foliaires-les-maladies-foliaires-fongiques-continuent-de-se-developper-legerement\\\/#primaryimage\"},\"image\":{\"@id\":\"https:\\\/\\\/www.irbab-kbivb.be\\\/fr\\\/3-septembre-maladies-foliaires-les-maladies-foliaires-fongiques-continuent-de-se-developper-legerement\\\/#primaryimage\"},\"thumbnailUrl\":\"https:\\\/\\\/www.irbab-kbivb.be\\\/wp-content\\\/uploads\\\/2026\\\/09\\\/Kaart-FR-03-09-2026.png\",\"datePublished\":\"2026-09-03T12:52:51+00:00\",\"dateModified\":\"2026-09-03T12:52:56+00:00\",\"author\":{\"@id\":\"https:\\\/\\\/www.irbab-kbivb.be\\\/#\\\/schema\\\/person\\\/dad6fe34d3ac93cce3720797f132a2e5\"},\"breadcrumb\":{\"@id\":\"https:\\\/\\\/www.irbab-kbivb.be\\\/fr\\\/3-septembre-maladies-foliaires-les-maladies-foliaires-fongiques-continuent-de-se-developper-legerement\\\/#breadcrumb\"},\"inLanguage\":\"fr-FR\",\"potentialAction\":[{\"@type\":\"ReadAction\",\"target\":[\"https:\\\/\\\/www.irbab-kbivb.be\\\/fr\\\/3-septembre-maladies-foliaires-les-maladies-foliaires-fongiques-continuent-de-se-developper-legerement\\\/\"]}]},{\"@type\":\"ImageObject\",\"inLanguage\":\"fr-FR\",\"@id\":\"https:\\\/\\\/www.irbab-kbivb.be\\\/fr\\\/3-septembre-maladies-foliaires-les-maladies-foliaires-fongiques-continuent-de-se-developper-legerement\\\/#primaryimage\",\"url\":\"https:\\\/\\\/www.irbab-kbivb.be\\\/wp-content\\\/uploads\\\/2026\\\/09\\\/Kaart-FR-03-09-2026.png\",\"contentUrl\":\"https:\\\/\\\/www.irbab-kbivb.be\\\/wp-content\\\/uploads\\\/2026\\\/09\\\/Kaart-FR-03-09-2026.png\",\"width\":800,\"height\":526},{\"@type\":\"BreadcrumbList\",\"@id\":\"https:\\\/\\\/www.irbab-kbivb.be\\\/fr\\\/3-septembre-maladies-foliaires-les-maladies-foliaires-fongiques-continuent-de-se-developper-legerement\\\/#breadcrumb\",\"itemListElement\":[{\"@type\":\"ListItem\",\"position\":1,\"name\":\"Home\",\"item\":\"https:\\\/\\\/www.irbab-kbivb.be\\\/fr\\\/\"},{\"@type\":\"ListItem\",\"position\":2,\"name\":\"Betterave\",\"item\":\"https:\\\/\\\/www.irbab-kbivb.be\\\/fr\\\/category\\\/betterave\\\/\"},{\"@type\":\"ListItem\",\"position\":3,\"name\":\"3 septembre: Maladies foliaires\u00a0: Les maladies foliaires fongiques continuent de se d\u00e9velopper l\u00e9g\u00e8rement.\"}]},{\"@type\":\"WebSite\",\"@id\":\"https:\\\/\\\/www.irbab-kbivb.be\\\/#website\",\"url\":\"https:\\\/\\\/www.irbab-kbivb.be\\\/\",\"name\":\"IRBAB-KBIVB\",\"description\":\"Koninklijk Belgisch Instituut tot Verbetering van de Biet vzw | Institut Royal Belge pour l&#039;Am\u00e9lioration de la Betterave asbl\",\"potentialAction\":[{\"@type\":\"SearchAction\",\"target\":{\"@type\":\"EntryPoint\",\"urlTemplate\":\"https:\\\/\\\/www.irbab-kbivb.be\\\/?s={search_term_string}\"},\"query-input\":{\"@type\":\"PropertyValueSpecification\",\"valueRequired\":true,\"valueName\":\"search_term_string\"}}],\"inLanguage\":\"fr-FR\"},{\"@type\":\"Person\",\"@id\":\"https:\\\/\\\/www.irbab-kbivb.be\\\/#\\\/schema\\\/person\\\/dad6fe34d3ac93cce3720797f132a2e5\",\"name\":\"Marion\",\"image\":{\"@type\":\"ImageObject\",\"inLanguage\":\"fr-FR\",\"@id\":\"https:\\\/\\\/secure.gravatar.com\\\/avatar\\\/05aacf3b7aaf804eb748ec4466641d1174d8526a14e65b425d918689da98856a?s=96&d=mm&r=g\",\"url\":\"https:\\\/\\\/secure.gravatar.com\\\/avatar\\\/05aacf3b7aaf804eb748ec4466641d1174d8526a14e65b425d918689da98856a?s=96&d=mm&r=g\",\"contentUrl\":\"https:\\\/\\\/secure.gravatar.com\\\/avatar\\\/05aacf3b7aaf804eb748ec4466641d1174d8526a14e65b425d918689da98856a?s=96&d=mm&r=g\",\"caption\":\"Marion\"},\"url\":\"https:\\\/\\\/www.irbab-kbivb.be\\\/fr\\\/author\\\/anja\\\/\"}]}<\/script>\n<!-- \/ Yoast SEO plugin. -->","yoast_head_json":{"title":"3 septembre: Maladies foliaires\u00a0: Les maladies foliaires fongiques continuent de se d\u00e9velopper l\u00e9g\u00e8rement. - IRBAB-KBIVB","robots":{"index":"index","follow":"follow","max-snippet":"max-snippet:-1","max-image-preview":"max-image-preview:large","max-video-preview":"max-video-preview:-1"},"canonical":"https:\/\/www.irbab-kbivb.be\/fr\/3-septembre-maladies-foliaires-les-maladies-foliaires-fongiques-continuent-de-se-developper-legerement\/","og_locale":"fr_FR","og_type":"article","og_title":"3 septembre: Maladies foliaires\u00a0: Les maladies foliaires fongiques continuent de se d\u00e9velopper l\u00e9g\u00e8rement. - IRBAB-KBIVB","og_description":"La pression de la cercosporiose reste globalement stable voir l\u00e9g\u00e8rement en hausse. Entre-temps, pr\u00e8s de la moiti\u00e9 des parcelles ont atteint le deuxi\u00e8me seuil de traitement pour la cercosporiose. Sur 12 % de ces parcelles, le seuil a \u00e9t\u00e9 d\u00e9pass\u00e9 pour la troisi\u00e8me fois. L\u2019o\u00efdium et la rouille ont \u00e9galement \u00e9t\u00e9 davantage observ\u00e9s localement au [&hellip;]","og_url":"https:\/\/www.irbab-kbivb.be\/fr\/3-septembre-maladies-foliaires-les-maladies-foliaires-fongiques-continuent-de-se-developper-legerement\/","og_site_name":"IRBAB-KBIVB","article_published_time":"2026-09-03T12:52:51+00:00","article_modified_time":"2026-09-03T12:52:56+00:00","og_image":[{"width":800,"height":526,"url":"https:\/\/www.irbab-kbivb.be\/wp-content\/uploads\/2026\/09\/Kaart-FR-03-09-2026.png","type":"image\/png"}],"author":"Marion","twitter_card":"summary_large_image","twitter_misc":{"\u00c9crit par":"Marion","Dur\u00e9e de lecture estim\u00e9e":"2 minutes"},"schema":{"@context":"https:\/\/schema.org","@graph":[{"@type":"Article","@id":"https:\/\/www.irbab-kbivb.be\/fr\/3-septembre-maladies-foliaires-les-maladies-foliaires-fongiques-continuent-de-se-developper-legerement\/#article","isPartOf":{"@id":"https:\/\/www.irbab-kbivb.be\/fr\/3-septembre-maladies-foliaires-les-maladies-foliaires-fongiques-continuent-de-se-developper-legerement\/"},"author":{"name":"Marion","@id":"https:\/\/www.irbab-kbivb.be\/#\/schema\/person\/dad6fe34d3ac93cce3720797f132a2e5"},"headline":"3 septembre: Maladies foliaires\u00a0: Les maladies foliaires fongiques continuent de se d\u00e9velopper l\u00e9g\u00e8rement.","datePublished":"2026-09-03T12:52:51+00:00","dateModified":"2026-09-03T12:52:56+00:00","mainEntityOfPage":{"@id":"https:\/\/www.irbab-kbivb.be\/fr\/3-septembre-maladies-foliaires-les-maladies-foliaires-fongiques-continuent-de-se-developper-legerement\/"},"wordCount":221,"image":{"@id":"https:\/\/www.irbab-kbivb.be\/fr\/3-septembre-maladies-foliaires-les-maladies-foliaires-fongiques-continuent-de-se-developper-legerement\/#primaryimage"},"thumbnailUrl":"https:\/\/www.irbab-kbivb.be\/wp-content\/uploads\/2026\/09\/Kaart-FR-03-09-2026.png","keywords":["Messages"],"articleSection":["Betterave","Maladies foliaires","Protection des plantes"],"inLanguage":"fr-FR"},{"@type":"WebPage","@id":"https:\/\/www.irbab-kbivb.be\/fr\/3-septembre-maladies-foliaires-les-maladies-foliaires-fongiques-continuent-de-se-developper-legerement\/","url":"https:\/\/www.irbab-kbivb.be\/fr\/3-septembre-maladies-foliaires-les-maladies-foliaires-fongiques-continuent-de-se-developper-legerement\/","name":"3 septembre: Maladies foliaires\u00a0: Les maladies foliaires fongiques continuent de se d\u00e9velopper l\u00e9g\u00e8rement. - IRBAB-KBIVB","isPartOf":{"@id":"https:\/\/www.irbab-kbivb.be\/#website"},"primaryImageOfPage":{"@id":"https:\/\/www.irbab-kbivb.be\/fr\/3-septembre-maladies-foliaires-les-maladies-foliaires-fongiques-continuent-de-se-developper-legerement\/#primaryimage"},"image":{"@id":"https:\/\/www.irbab-kbivb.be\/fr\/3-septembre-maladies-foliaires-les-maladies-foliaires-fongiques-continuent-de-se-developper-legerement\/#primaryimage"},"thumbnailUrl":"https:\/\/www.irbab-kbivb.be\/wp-content\/uploads\/2026\/09\/Kaart-FR-03-09-2026.png","datePublished":"2026-09-03T12:52:51+00:00","dateModified":"2026-09-03T12:52:56+00:00","author":{"@id":"https:\/\/www.irbab-kbivb.be\/#\/schema\/person\/dad6fe34d3ac93cce3720797f132a2e5"},"breadcrumb":{"@id":"https:\/\/www.irbab-kbivb.be\/fr\/3-septembre-maladies-foliaires-les-maladies-foliaires-fongiques-continuent-de-se-developper-legerement\/#breadcrumb"},"inLanguage":"fr-FR","potentialAction":[{"@type":"ReadAction","target":["https:\/\/www.irbab-kbivb.be\/fr\/3-septembre-maladies-foliaires-les-maladies-foliaires-fongiques-continuent-de-se-developper-legerement\/"]}]},{"@type":"ImageObject","inLanguage":"fr-FR","@id":"https:\/\/www.irbab-kbivb.be\/fr\/3-septembre-maladies-foliaires-les-maladies-foliaires-fongiques-continuent-de-se-developper-legerement\/#primaryimage","url":"https:\/\/www.irbab-kbivb.be\/wp-content\/uploads\/2026\/09\/Kaart-FR-03-09-2026.png","contentUrl":"https:\/\/www.irbab-kbivb.be\/wp-content\/uploads\/2026\/09\/Kaart-FR-03-09-2026.png","width":800,"height":526},{"@type":"BreadcrumbList","@id":"https:\/\/www.irbab-kbivb.be\/fr\/3-septembre-maladies-foliaires-les-maladies-foliaires-fongiques-continuent-de-se-developper-legerement\/#breadcrumb","itemListElement":[{"@type":"ListItem","position":1,"name":"Home","item":"https:\/\/www.irbab-kbivb.be\/fr\/"},{"@type":"ListItem","position":2,"name":"Betterave","item":"https:\/\/www.irbab-kbivb.be\/fr\/category\/betterave\/"},{"@type":"ListItem","position":3,"name":"3 septembre: Maladies foliaires\u00a0: Les maladies foliaires fongiques continuent de se d\u00e9velopper l\u00e9g\u00e8rement."}]},{"@type":"WebSite","@id":"https:\/\/www.irbab-kbivb.be\/#website","url":"https:\/\/www.irbab-kbivb.be\/","name":"IRBAB-KBIVB","description":"Koninklijk Belgisch Instituut tot Verbetering van de Biet vzw | Institut Royal Belge pour l&#039;Am\u00e9lioration de la Betterave asbl","potentialAction":[{"@type":"SearchAction","target":{"@type":"EntryPoint","urlTemplate":"https:\/\/www.irbab-kbivb.be\/?s={search_term_string}"},"query-input":{"@type":"PropertyValueSpecification","valueRequired":true,"valueName":"search_term_string"}}],"inLanguage":"fr-FR"},{"@type":"Person","@id":"https:\/\/www.irbab-kbivb.be\/#\/schema\/person\/dad6fe34d3ac93cce3720797f132a2e5","name":"Marion","image":{"@type":"ImageObject","inLanguage":"fr-FR","@id":"https:\/\/secure.gravatar.com\/avatar\/05aacf3b7aaf804eb748ec4466641d1174d8526a14e65b425d918689da98856a?s=96&d=mm&r=g","url":"https:\/\/secure.gravatar.com\/avatar\/05aacf3b7aaf804eb748ec4466641d1174d8526a14e65b425d918689da98856a?s=96&d=mm&r=g","contentUrl":"https:\/\/secure.gravatar.com\/avatar\/05aacf3b7aaf804eb748ec4466641d1174d8526a14e65b425d918689da98856a?s=96&d=mm&r=g","caption":"Marion"},"url":"https:\/\/www.irbab-kbivb.be\/fr\/author\/anja\/"}]}},"_links":{"self":[{"href":"https:\/\/www.irbab-kbivb.be\/fr\/wp-json\/wp\/v2\/posts\/28602","targetHints":{"allow":["GET"]}}],"collection":[{"href":"https:\/\/www.irbab-kbivb.be\/fr\/wp-json\/wp\/v2\/posts"}],"about":[{"href":"https:\/\/www.irbab-kbivb.be\/fr\/wp-json\/wp\/v2\/types\/post"}],"author":[{"embeddable":true,"href":"https:\/\/www.irbab-kbivb.be\/fr\/wp-json\/wp\/v2\/users\/3"}],"replies":[{"embeddable":true,"href":"https:\/\/www.irbab-kbivb.be\/fr\/wp-json\/wp\/v2\/comments?post=28602"}],"version-history":[{"count":1,"href":"https:\/\/www.irbab-kbivb.be\/fr\/wp-json\/wp\/v2\/posts\/28602\/revisions"}],"predecessor-version":[{"id":28603,"href":"https:\/\/www.irbab-kbivb.be\/fr\/wp-json\/wp\/v2\/posts\/28602\/revisions\/28603"}],"wp:featuredmedia":[{"embeddable":true,"href":"https:\/\/www.irbab-kbivb.be\/fr\/wp-json\/wp\/v2\/media\/28594"}],"wp:attachment":[{"href":"https:\/\/www.irbab-kbivb.be\/fr\/wp-json\/wp\/v2\/media?parent=28602"}],"wp:term":[{"taxonomy":"category","embeddable":true,"href":"https:\/\/www.irbab-kbivb.be\/fr\/wp-json\/wp\/v2\/categories?post=28602"},{"taxonomy":"post_tag","embeddable":true,"href":"https:\/\/www.irbab-kbivb.be\/fr\/wp-json\/wp\/v2\/tags?post=28602"}],"curies":[{"name":"wp","href":"https:\/\/api.w.org\/{rel}","templated":true}]}}