{"id":27922,"date":"2026-04-23T15:35:44","date_gmt":"2026-04-23T13:35:44","guid":{"rendered":"https:\/\/www.irbab-kbivb.be\/?p=27922"},"modified":"2026-04-23T15:35:48","modified_gmt":"2026-04-23T13:35:48","slug":"bonne-levee-generale-premiers-pucerons-observes-2","status":"publish","type":"post","link":"https:\/\/www.irbab-kbivb.be\/fr\/bonne-levee-generale-premiers-pucerons-observes-2\/","title":{"rendered":"Bonne lev\u00e9e g\u00e9n\u00e9rale, premiers pucerons observ\u00e9s"},"content":{"rendered":"\n<p><a href=\"https:\/\/www.irbab-kbivb.be\/wp-content\/uploads\/2026\/04\/korstvorming.jpg\"><img loading=\"lazy\" decoding=\"async\" class=\"alignleft size-full wp-image-27901\" src=\"https:\/\/www.irbab-kbivb.be\/wp-content\/uploads\/2026\/04\/korstvorming.jpg\" alt=\"\" width=\"800\" height=\"450\" \/><\/a><\/p>\n\n\n\n<p>\u00a0<\/p>\n<p>La lev\u00e9e des betteraves et des chicor\u00e9es se d\u00e9roule globalement bien, m\u00eame si des irr\u00e9gularit\u00e9s sont signal\u00e9es localement. Les parcelles sem\u00e9es \u00e0 la mi-mars rencontrent parfois des probl\u00e8mes li\u00e9s \u00e0 la formation d\u2019une cro\u00fbte, tandis que les semis de d\u00e9but \u00e0 mi-avril sont p\u00e9nalis\u00e9s par des conditions s\u00e8ches qui compliquent la germination et la lev\u00e9e.<\/p>\n<p>Les premiers pucerons verts <u>ail\u00e9s<\/u> ont \u00e9t\u00e9 observ\u00e9s sur environ 5 % des parcelles suivies. Sur un site, des pucerons apt\u00e8res ont \u00e9galement \u00e9t\u00e9 observ\u00e9s, sur une parcelle sans traitement de semences Buteo Start (uniquement Force). Leur nombre est toutefois rest\u00e9 <strong>inf\u00e9rieur au seuil de nuisibilit\u00e9 de 2 pucerons verts apt\u00e8res par 10 plantes<\/strong>, ce qui ne justifie pas de traitement.<\/p>\n<p>Le traitement de semences Buteo Start prot\u00e8ge les plantes jusqu\u2019au stade 2 feuilles \u00e9tal\u00e9es. \u00c0 partir de ce stade, il est important de suivre attentivement les parcelles en raison du risque d\u2019arriv\u00e9e de pucerons.<\/p>\n<p>Pour plus d\u2019informations sur les pucerons et les insecticides disponibles, vous pouvez consulter notre article <a href=\"https:\/\/www.irbab-kbivb.be\/wp-content\/uploads\/2026\/04\/Betteravier-avril-2026_IRBAB-1.pdf\">Insect\u2019 Memo 2026.<\/a><\/p>\n<p><a href=\"https:\/\/www.irbab-kbivb.be\/wp-content\/uploads\/2026\/04\/Kaart-FR-23-04-2026.png\"><img loading=\"lazy\" decoding=\"async\" class=\"alignleft size-full wp-image-27897\" src=\"https:\/\/www.irbab-kbivb.be\/wp-content\/uploads\/2026\/04\/Kaart-FR-23-04-2026.png\" alt=\"\" width=\"800\" height=\"384\" srcset=\"https:\/\/www.irbab-kbivb.be\/wp-content\/uploads\/2026\/04\/Kaart-FR-23-04-2026.png 800w, https:\/\/www.irbab-kbivb.be\/wp-content\/uploads\/2026\/04\/Kaart-FR-23-04-2026-300x144.png 300w, https:\/\/www.irbab-kbivb.be\/wp-content\/uploads\/2026\/04\/Kaart-FR-23-04-2026-768x369.png 768w\" sizes=\"auto, (max-width: 800px) 100vw, 800px\" \/><\/a><\/p>\n\n\n\n<p>\u00a0<\/p>\n<p>La carte des pucerons est disponible sur notre site : <a href=\"https:\/\/www.irbab-kbivb.be\/fr\/cartographie-champs-dobservations\/mai-juin-2026-carte-avertissement-pucerons-verts-betteraves\/\">avertissement pucerons verts<\/a>.<br \/>La lev\u00e9e des parcelles de notre r\u00e9seau peut \u00eatre suivie via : <a href=\"https:\/\/www.irbab-kbivb.be\/fr\/cartographie-champs-dobservations\/mars-avril-2026-semis-pourcentage-de-levee-et-developpement-de-culture-betteraves\/\">lev\u00e9e betteraves<\/a>\u00a0 et <a href=\"https:\/\/www.irbab-kbivb.be\/fr\/irbab-asbl\/mars-avril-2026-semis-pourcentage-de-levee-et-developpement-de-la-culture-chicorees\/\">lev\u00e9e chicor\u00e9e<\/a>.<\/p>\n<p>\u00a0<\/p>\n<p>\u00a0<\/p>\n","protected":false},"excerpt":{"rendered":"<p>\u00a0 La lev\u00e9e des betteraves et des chicor\u00e9es se d\u00e9roule globalement bien, m\u00eame si des irr\u00e9gularit\u00e9s sont signal\u00e9es localement. Les parcelles sem\u00e9es \u00e0 la mi-mars rencontrent parfois des probl\u00e8mes li\u00e9s \u00e0 la formation d\u2019une cro\u00fbte, tandis que les semis de d\u00e9but \u00e0 mi-avril sont p\u00e9nalis\u00e9s par des conditions s\u00e8ches qui compliquent la germination et la [&hellip;]<\/p>\n","protected":false},"author":3,"featured_media":27901,"comment_status":"closed","ping_status":"open","sticky":false,"template":"","format":"standard","meta":{"iawp_total_views":319,"footnotes":""},"categories":[2,129,222],"tags":[243],"class_list":["post-27922","post","type-post","status-publish","format-standard","has-post-thumbnail","hentry","category-betterave","category-protection-des-plantes","category-ravageurs","tag-messages"],"yoast_head":"<!-- This site is optimized with the Yoast SEO plugin v27.5 - https:\/\/yoast.com\/product\/yoast-seo-wordpress\/ -->\n<title>Bonne lev\u00e9e g\u00e9n\u00e9rale, premiers pucerons observ\u00e9s - IRBAB-KBIVB<\/title>\n<meta name=\"robots\" content=\"index, follow, max-snippet:-1, max-image-preview:large, max-video-preview:-1\" \/>\n<link rel=\"canonical\" href=\"https:\/\/www.irbab-kbivb.be\/fr\/bonne-levee-generale-premiers-pucerons-observes-2\/\" \/>\n<meta property=\"og:locale\" content=\"fr_FR\" \/>\n<meta property=\"og:type\" content=\"article\" \/>\n<meta property=\"og:title\" content=\"Bonne lev\u00e9e g\u00e9n\u00e9rale, premiers pucerons observ\u00e9s - IRBAB-KBIVB\" \/>\n<meta property=\"og:description\" content=\"\u00a0 La lev\u00e9e des betteraves et des chicor\u00e9es se d\u00e9roule globalement bien, m\u00eame si des irr\u00e9gularit\u00e9s sont signal\u00e9es localement. Les parcelles sem\u00e9es \u00e0 la mi-mars rencontrent parfois des probl\u00e8mes li\u00e9s \u00e0 la formation d\u2019une cro\u00fbte, tandis que les semis de d\u00e9but \u00e0 mi-avril sont p\u00e9nalis\u00e9s par des conditions s\u00e8ches qui compliquent la germination et la [&hellip;]\" \/>\n<meta property=\"og:url\" content=\"https:\/\/www.irbab-kbivb.be\/fr\/bonne-levee-generale-premiers-pucerons-observes-2\/\" \/>\n<meta property=\"og:site_name\" content=\"IRBAB-KBIVB\" \/>\n<meta property=\"article:published_time\" content=\"2026-04-23T13:35:44+00:00\" \/>\n<meta property=\"article:modified_time\" content=\"2026-04-23T13:35:48+00:00\" \/>\n<meta property=\"og:image\" content=\"https:\/\/www.irbab-kbivb.be\/wp-content\/uploads\/2026\/04\/korstvorming.jpg\" \/>\n\t<meta property=\"og:image:width\" content=\"800\" \/>\n\t<meta property=\"og:image:height\" content=\"450\" \/>\n\t<meta property=\"og:image:type\" content=\"image\/jpeg\" \/>\n<meta name=\"author\" content=\"Marion\" \/>\n<meta name=\"twitter:card\" content=\"summary_large_image\" \/>\n<meta name=\"twitter:label1\" content=\"\u00c9crit par\" \/>\n\t<meta name=\"twitter:data1\" content=\"Marion\" \/>\n\t<meta name=\"twitter:label2\" content=\"Dur\u00e9e de lecture estim\u00e9e\" \/>\n\t<meta name=\"twitter:data2\" content=\"2 minutes\" \/>\n<script type=\"application\/ld+json\" class=\"yoast-schema-graph\">{\"@context\":\"https:\\\/\\\/schema.org\",\"@graph\":[{\"@type\":\"Article\",\"@id\":\"https:\\\/\\\/www.irbab-kbivb.be\\\/fr\\\/bonne-levee-generale-premiers-pucerons-observes-2\\\/#article\",\"isPartOf\":{\"@id\":\"https:\\\/\\\/www.irbab-kbivb.be\\\/fr\\\/bonne-levee-generale-premiers-pucerons-observes-2\\\/\"},\"author\":{\"name\":\"Marion\",\"@id\":\"https:\\\/\\\/www.irbab-kbivb.be\\\/#\\\/schema\\\/person\\\/dad6fe34d3ac93cce3720797f132a2e5\"},\"headline\":\"Bonne lev\u00e9e g\u00e9n\u00e9rale, premiers pucerons observ\u00e9s\",\"datePublished\":\"2026-04-23T13:35:44+00:00\",\"dateModified\":\"2026-04-23T13:35:48+00:00\",\"mainEntityOfPage\":{\"@id\":\"https:\\\/\\\/www.irbab-kbivb.be\\\/fr\\\/bonne-levee-generale-premiers-pucerons-observes-2\\\/\"},\"wordCount\":230,\"image\":{\"@id\":\"https:\\\/\\\/www.irbab-kbivb.be\\\/fr\\\/bonne-levee-generale-premiers-pucerons-observes-2\\\/#primaryimage\"},\"thumbnailUrl\":\"https:\\\/\\\/www.irbab-kbivb.be\\\/wp-content\\\/uploads\\\/2026\\\/04\\\/korstvorming.jpg\",\"keywords\":[\"Messages\"],\"articleSection\":[\"Betterave\",\"Protection des plantes\",\"Ravageurs\"],\"inLanguage\":\"fr-FR\"},{\"@type\":\"WebPage\",\"@id\":\"https:\\\/\\\/www.irbab-kbivb.be\\\/fr\\\/bonne-levee-generale-premiers-pucerons-observes-2\\\/\",\"url\":\"https:\\\/\\\/www.irbab-kbivb.be\\\/fr\\\/bonne-levee-generale-premiers-pucerons-observes-2\\\/\",\"name\":\"Bonne lev\u00e9e g\u00e9n\u00e9rale, premiers pucerons observ\u00e9s - IRBAB-KBIVB\",\"isPartOf\":{\"@id\":\"https:\\\/\\\/www.irbab-kbivb.be\\\/#website\"},\"primaryImageOfPage\":{\"@id\":\"https:\\\/\\\/www.irbab-kbivb.be\\\/fr\\\/bonne-levee-generale-premiers-pucerons-observes-2\\\/#primaryimage\"},\"image\":{\"@id\":\"https:\\\/\\\/www.irbab-kbivb.be\\\/fr\\\/bonne-levee-generale-premiers-pucerons-observes-2\\\/#primaryimage\"},\"thumbnailUrl\":\"https:\\\/\\\/www.irbab-kbivb.be\\\/wp-content\\\/uploads\\\/2026\\\/04\\\/korstvorming.jpg\",\"datePublished\":\"2026-04-23T13:35:44+00:00\",\"dateModified\":\"2026-04-23T13:35:48+00:00\",\"author\":{\"@id\":\"https:\\\/\\\/www.irbab-kbivb.be\\\/#\\\/schema\\\/person\\\/dad6fe34d3ac93cce3720797f132a2e5\"},\"breadcrumb\":{\"@id\":\"https:\\\/\\\/www.irbab-kbivb.be\\\/fr\\\/bonne-levee-generale-premiers-pucerons-observes-2\\\/#breadcrumb\"},\"inLanguage\":\"fr-FR\",\"potentialAction\":[{\"@type\":\"ReadAction\",\"target\":[\"https:\\\/\\\/www.irbab-kbivb.be\\\/fr\\\/bonne-levee-generale-premiers-pucerons-observes-2\\\/\"]}]},{\"@type\":\"ImageObject\",\"inLanguage\":\"fr-FR\",\"@id\":\"https:\\\/\\\/www.irbab-kbivb.be\\\/fr\\\/bonne-levee-generale-premiers-pucerons-observes-2\\\/#primaryimage\",\"url\":\"https:\\\/\\\/www.irbab-kbivb.be\\\/wp-content\\\/uploads\\\/2026\\\/04\\\/korstvorming.jpg\",\"contentUrl\":\"https:\\\/\\\/www.irbab-kbivb.be\\\/wp-content\\\/uploads\\\/2026\\\/04\\\/korstvorming.jpg\",\"width\":800,\"height\":450},{\"@type\":\"BreadcrumbList\",\"@id\":\"https:\\\/\\\/www.irbab-kbivb.be\\\/fr\\\/bonne-levee-generale-premiers-pucerons-observes-2\\\/#breadcrumb\",\"itemListElement\":[{\"@type\":\"ListItem\",\"position\":1,\"name\":\"Home\",\"item\":\"https:\\\/\\\/www.irbab-kbivb.be\\\/fr\\\/\"},{\"@type\":\"ListItem\",\"position\":2,\"name\":\"Betterave\",\"item\":\"https:\\\/\\\/www.irbab-kbivb.be\\\/fr\\\/category\\\/betterave\\\/\"},{\"@type\":\"ListItem\",\"position\":3,\"name\":\"Bonne lev\u00e9e g\u00e9n\u00e9rale, premiers pucerons observ\u00e9s\"}]},{\"@type\":\"WebSite\",\"@id\":\"https:\\\/\\\/www.irbab-kbivb.be\\\/#website\",\"url\":\"https:\\\/\\\/www.irbab-kbivb.be\\\/\",\"name\":\"IRBAB-KBIVB\",\"description\":\"Koninklijk Belgisch Instituut tot Verbetering van de Biet vzw | Institut Royal Belge pour l&#039;Am\u00e9lioration de la Betterave asbl\",\"potentialAction\":[{\"@type\":\"SearchAction\",\"target\":{\"@type\":\"EntryPoint\",\"urlTemplate\":\"https:\\\/\\\/www.irbab-kbivb.be\\\/?s={search_term_string}\"},\"query-input\":{\"@type\":\"PropertyValueSpecification\",\"valueRequired\":true,\"valueName\":\"search_term_string\"}}],\"inLanguage\":\"fr-FR\"},{\"@type\":\"Person\",\"@id\":\"https:\\\/\\\/www.irbab-kbivb.be\\\/#\\\/schema\\\/person\\\/dad6fe34d3ac93cce3720797f132a2e5\",\"name\":\"Marion\",\"image\":{\"@type\":\"ImageObject\",\"inLanguage\":\"fr-FR\",\"@id\":\"https:\\\/\\\/secure.gravatar.com\\\/avatar\\\/05aacf3b7aaf804eb748ec4466641d1174d8526a14e65b425d918689da98856a?s=96&d=mm&r=g\",\"url\":\"https:\\\/\\\/secure.gravatar.com\\\/avatar\\\/05aacf3b7aaf804eb748ec4466641d1174d8526a14e65b425d918689da98856a?s=96&d=mm&r=g\",\"contentUrl\":\"https:\\\/\\\/secure.gravatar.com\\\/avatar\\\/05aacf3b7aaf804eb748ec4466641d1174d8526a14e65b425d918689da98856a?s=96&d=mm&r=g\",\"caption\":\"Marion\"},\"url\":\"https:\\\/\\\/www.irbab-kbivb.be\\\/fr\\\/author\\\/anja\\\/\"}]}<\/script>\n<!-- \/ Yoast SEO plugin. -->","yoast_head_json":{"title":"Bonne lev\u00e9e g\u00e9n\u00e9rale, premiers pucerons observ\u00e9s - IRBAB-KBIVB","robots":{"index":"index","follow":"follow","max-snippet":"max-snippet:-1","max-image-preview":"max-image-preview:large","max-video-preview":"max-video-preview:-1"},"canonical":"https:\/\/www.irbab-kbivb.be\/fr\/bonne-levee-generale-premiers-pucerons-observes-2\/","og_locale":"fr_FR","og_type":"article","og_title":"Bonne lev\u00e9e g\u00e9n\u00e9rale, premiers pucerons observ\u00e9s - IRBAB-KBIVB","og_description":"\u00a0 La lev\u00e9e des betteraves et des chicor\u00e9es se d\u00e9roule globalement bien, m\u00eame si des irr\u00e9gularit\u00e9s sont signal\u00e9es localement. Les parcelles sem\u00e9es \u00e0 la mi-mars rencontrent parfois des probl\u00e8mes li\u00e9s \u00e0 la formation d\u2019une cro\u00fbte, tandis que les semis de d\u00e9but \u00e0 mi-avril sont p\u00e9nalis\u00e9s par des conditions s\u00e8ches qui compliquent la germination et la [&hellip;]","og_url":"https:\/\/www.irbab-kbivb.be\/fr\/bonne-levee-generale-premiers-pucerons-observes-2\/","og_site_name":"IRBAB-KBIVB","article_published_time":"2026-04-23T13:35:44+00:00","article_modified_time":"2026-04-23T13:35:48+00:00","og_image":[{"width":800,"height":450,"url":"https:\/\/www.irbab-kbivb.be\/wp-content\/uploads\/2026\/04\/korstvorming.jpg","type":"image\/jpeg"}],"author":"Marion","twitter_card":"summary_large_image","twitter_misc":{"\u00c9crit par":"Marion","Dur\u00e9e de lecture estim\u00e9e":"2 minutes"},"schema":{"@context":"https:\/\/schema.org","@graph":[{"@type":"Article","@id":"https:\/\/www.irbab-kbivb.be\/fr\/bonne-levee-generale-premiers-pucerons-observes-2\/#article","isPartOf":{"@id":"https:\/\/www.irbab-kbivb.be\/fr\/bonne-levee-generale-premiers-pucerons-observes-2\/"},"author":{"name":"Marion","@id":"https:\/\/www.irbab-kbivb.be\/#\/schema\/person\/dad6fe34d3ac93cce3720797f132a2e5"},"headline":"Bonne lev\u00e9e g\u00e9n\u00e9rale, premiers pucerons observ\u00e9s","datePublished":"2026-04-23T13:35:44+00:00","dateModified":"2026-04-23T13:35:48+00:00","mainEntityOfPage":{"@id":"https:\/\/www.irbab-kbivb.be\/fr\/bonne-levee-generale-premiers-pucerons-observes-2\/"},"wordCount":230,"image":{"@id":"https:\/\/www.irbab-kbivb.be\/fr\/bonne-levee-generale-premiers-pucerons-observes-2\/#primaryimage"},"thumbnailUrl":"https:\/\/www.irbab-kbivb.be\/wp-content\/uploads\/2026\/04\/korstvorming.jpg","keywords":["Messages"],"articleSection":["Betterave","Protection des plantes","Ravageurs"],"inLanguage":"fr-FR"},{"@type":"WebPage","@id":"https:\/\/www.irbab-kbivb.be\/fr\/bonne-levee-generale-premiers-pucerons-observes-2\/","url":"https:\/\/www.irbab-kbivb.be\/fr\/bonne-levee-generale-premiers-pucerons-observes-2\/","name":"Bonne lev\u00e9e g\u00e9n\u00e9rale, premiers pucerons observ\u00e9s - IRBAB-KBIVB","isPartOf":{"@id":"https:\/\/www.irbab-kbivb.be\/#website"},"primaryImageOfPage":{"@id":"https:\/\/www.irbab-kbivb.be\/fr\/bonne-levee-generale-premiers-pucerons-observes-2\/#primaryimage"},"image":{"@id":"https:\/\/www.irbab-kbivb.be\/fr\/bonne-levee-generale-premiers-pucerons-observes-2\/#primaryimage"},"thumbnailUrl":"https:\/\/www.irbab-kbivb.be\/wp-content\/uploads\/2026\/04\/korstvorming.jpg","datePublished":"2026-04-23T13:35:44+00:00","dateModified":"2026-04-23T13:35:48+00:00","author":{"@id":"https:\/\/www.irbab-kbivb.be\/#\/schema\/person\/dad6fe34d3ac93cce3720797f132a2e5"},"breadcrumb":{"@id":"https:\/\/www.irbab-kbivb.be\/fr\/bonne-levee-generale-premiers-pucerons-observes-2\/#breadcrumb"},"inLanguage":"fr-FR","potentialAction":[{"@type":"ReadAction","target":["https:\/\/www.irbab-kbivb.be\/fr\/bonne-levee-generale-premiers-pucerons-observes-2\/"]}]},{"@type":"ImageObject","inLanguage":"fr-FR","@id":"https:\/\/www.irbab-kbivb.be\/fr\/bonne-levee-generale-premiers-pucerons-observes-2\/#primaryimage","url":"https:\/\/www.irbab-kbivb.be\/wp-content\/uploads\/2026\/04\/korstvorming.jpg","contentUrl":"https:\/\/www.irbab-kbivb.be\/wp-content\/uploads\/2026\/04\/korstvorming.jpg","width":800,"height":450},{"@type":"BreadcrumbList","@id":"https:\/\/www.irbab-kbivb.be\/fr\/bonne-levee-generale-premiers-pucerons-observes-2\/#breadcrumb","itemListElement":[{"@type":"ListItem","position":1,"name":"Home","item":"https:\/\/www.irbab-kbivb.be\/fr\/"},{"@type":"ListItem","position":2,"name":"Betterave","item":"https:\/\/www.irbab-kbivb.be\/fr\/category\/betterave\/"},{"@type":"ListItem","position":3,"name":"Bonne lev\u00e9e g\u00e9n\u00e9rale, premiers pucerons observ\u00e9s"}]},{"@type":"WebSite","@id":"https:\/\/www.irbab-kbivb.be\/#website","url":"https:\/\/www.irbab-kbivb.be\/","name":"IRBAB-KBIVB","description":"Koninklijk Belgisch Instituut tot Verbetering van de Biet vzw | Institut Royal Belge pour l&#039;Am\u00e9lioration de la Betterave asbl","potentialAction":[{"@type":"SearchAction","target":{"@type":"EntryPoint","urlTemplate":"https:\/\/www.irbab-kbivb.be\/?s={search_term_string}"},"query-input":{"@type":"PropertyValueSpecification","valueRequired":true,"valueName":"search_term_string"}}],"inLanguage":"fr-FR"},{"@type":"Person","@id":"https:\/\/www.irbab-kbivb.be\/#\/schema\/person\/dad6fe34d3ac93cce3720797f132a2e5","name":"Marion","image":{"@type":"ImageObject","inLanguage":"fr-FR","@id":"https:\/\/secure.gravatar.com\/avatar\/05aacf3b7aaf804eb748ec4466641d1174d8526a14e65b425d918689da98856a?s=96&d=mm&r=g","url":"https:\/\/secure.gravatar.com\/avatar\/05aacf3b7aaf804eb748ec4466641d1174d8526a14e65b425d918689da98856a?s=96&d=mm&r=g","contentUrl":"https:\/\/secure.gravatar.com\/avatar\/05aacf3b7aaf804eb748ec4466641d1174d8526a14e65b425d918689da98856a?s=96&d=mm&r=g","caption":"Marion"},"url":"https:\/\/www.irbab-kbivb.be\/fr\/author\/anja\/"}]}},"_links":{"self":[{"href":"https:\/\/www.irbab-kbivb.be\/fr\/wp-json\/wp\/v2\/posts\/27922","targetHints":{"allow":["GET"]}}],"collection":[{"href":"https:\/\/www.irbab-kbivb.be\/fr\/wp-json\/wp\/v2\/posts"}],"about":[{"href":"https:\/\/www.irbab-kbivb.be\/fr\/wp-json\/wp\/v2\/types\/post"}],"author":[{"embeddable":true,"href":"https:\/\/www.irbab-kbivb.be\/fr\/wp-json\/wp\/v2\/users\/3"}],"replies":[{"embeddable":true,"href":"https:\/\/www.irbab-kbivb.be\/fr\/wp-json\/wp\/v2\/comments?post=27922"}],"version-history":[{"count":2,"href":"https:\/\/www.irbab-kbivb.be\/fr\/wp-json\/wp\/v2\/posts\/27922\/revisions"}],"predecessor-version":[{"id":27924,"href":"https:\/\/www.irbab-kbivb.be\/fr\/wp-json\/wp\/v2\/posts\/27922\/revisions\/27924"}],"wp:featuredmedia":[{"embeddable":true,"href":"https:\/\/www.irbab-kbivb.be\/fr\/wp-json\/wp\/v2\/media\/27901"}],"wp:attachment":[{"href":"https:\/\/www.irbab-kbivb.be\/fr\/wp-json\/wp\/v2\/media?parent=27922"}],"wp:term":[{"taxonomy":"category","embeddable":true,"href":"https:\/\/www.irbab-kbivb.be\/fr\/wp-json\/wp\/v2\/categories?post=27922"},{"taxonomy":"post_tag","embeddable":true,"href":"https:\/\/www.irbab-kbivb.be\/fr\/wp-json\/wp\/v2\/tags?post=27922"}],"curies":[{"name":"wp","href":"https:\/\/api.w.org\/{rel}","templated":true}]}}