{"id":27809,"date":"2026-04-09T12:19:27","date_gmt":"2026-04-09T10:19:27","guid":{"rendered":"https:\/\/www.irbab-kbivb.be\/?p=27809"},"modified":"2026-04-09T12:19:30","modified_gmt":"2026-04-09T10:19:30","slug":"developpement-cultural-les-semis-ont-repris","status":"publish","type":"post","link":"https:\/\/www.irbab-kbivb.be\/fr\/developpement-cultural-les-semis-ont-repris\/","title":{"rendered":"D\u00e9veloppement cultural\u00a0: Les semis ont repris"},"content":{"rendered":"\n<p><a href=\"https:\/\/www.irbab-kbivb.be\/wp-content\/uploads\/2026\/04\/Uitzaai.jpg\"><img loading=\"lazy\" decoding=\"async\" class=\"alignleft size-full wp-image-27804\" src=\"https:\/\/www.irbab-kbivb.be\/wp-content\/uploads\/2026\/04\/Uitzaai.jpg\" alt=\"\" width=\"400\" height=\"225\" \/><\/a><\/p>\n\n\n\n<p>\u00a0<\/p>\n<p>\u00a0<\/p>\n<p>\u00a0<\/p>\n<p>\u00a0<\/p>\n<p>\u00a0<\/p>\n<p>\u00a0<\/p>\n<p>Les semis de betteraves et de chicor\u00e9es ont repris cette semaine. Le week-end pass\u00e9, 22% de l\u2019emblavement de betteraves et 7% de l\u2019emblavement de chicor\u00e9es \u00e9taient sem\u00e9s. Ces pourcentages \u00e9volueront rapidement cette semaine.<\/p>\n<p>Les betteraves sem\u00e9es il y a 2 semaines sont g\u00e9n\u00e9ralement lev\u00e9es, bien qu\u2019elles soient parfois frein\u00e9es \u00e0 cause de la formation d\u2019une cro\u00fbte de battance. Par contre, les adventices sont d\u00e9j\u00e0 bien pr\u00e9sentes et n\u00e9cessitent donc d\u2019intervenir rapidement.<\/p>\n<p>\u00a0<\/p>\n<p>\u00a0<\/p>\n","protected":false},"excerpt":{"rendered":"<p>\u00a0 \u00a0 \u00a0 \u00a0 \u00a0 \u00a0 Les semis de betteraves et de chicor\u00e9es ont repris cette semaine. Le week-end pass\u00e9, 22% de l\u2019emblavement de betteraves et 7% de l\u2019emblavement de chicor\u00e9es \u00e9taient sem\u00e9s. Ces pourcentages \u00e9volueront rapidement cette semaine. Les betteraves sem\u00e9es il y a 2 semaines sont g\u00e9n\u00e9ralement lev\u00e9es, bien qu\u2019elles soient parfois frein\u00e9es [&hellip;]<\/p>\n","protected":false},"author":3,"featured_media":27804,"comment_status":"closed","ping_status":"open","sticky":false,"template":"","format":"standard","meta":{"iawp_total_views":248,"footnotes":""},"categories":[2,206,142,220],"tags":[243],"class_list":["post-27809","post","type-post","status-publish","format-standard","has-post-thumbnail","hentry","category-betterave","category-developpement-cultural","category-plante","category-semences","tag-messages"],"yoast_head":"<!-- This site is optimized with the Yoast SEO plugin v27.5 - https:\/\/yoast.com\/product\/yoast-seo-wordpress\/ -->\n<title>D\u00e9veloppement cultural\u00a0: Les semis ont repris - IRBAB-KBIVB<\/title>\n<meta name=\"robots\" content=\"index, follow, max-snippet:-1, max-image-preview:large, max-video-preview:-1\" \/>\n<link rel=\"canonical\" href=\"https:\/\/www.irbab-kbivb.be\/fr\/developpement-cultural-les-semis-ont-repris\/\" \/>\n<meta property=\"og:locale\" content=\"fr_FR\" \/>\n<meta property=\"og:type\" content=\"article\" \/>\n<meta property=\"og:title\" content=\"D\u00e9veloppement cultural\u00a0: Les semis ont repris - IRBAB-KBIVB\" \/>\n<meta property=\"og:description\" content=\"\u00a0 \u00a0 \u00a0 \u00a0 \u00a0 \u00a0 Les semis de betteraves et de chicor\u00e9es ont repris cette semaine. Le week-end pass\u00e9, 22% de l\u2019emblavement de betteraves et 7% de l\u2019emblavement de chicor\u00e9es \u00e9taient sem\u00e9s. Ces pourcentages \u00e9volueront rapidement cette semaine. Les betteraves sem\u00e9es il y a 2 semaines sont g\u00e9n\u00e9ralement lev\u00e9es, bien qu\u2019elles soient parfois frein\u00e9es [&hellip;]\" \/>\n<meta property=\"og:url\" content=\"https:\/\/www.irbab-kbivb.be\/fr\/developpement-cultural-les-semis-ont-repris\/\" \/>\n<meta property=\"og:site_name\" content=\"IRBAB-KBIVB\" \/>\n<meta property=\"article:published_time\" content=\"2026-04-09T10:19:27+00:00\" \/>\n<meta property=\"article:modified_time\" content=\"2026-04-09T10:19:30+00:00\" \/>\n<meta property=\"og:image\" content=\"https:\/\/www.irbab-kbivb.be\/wp-content\/uploads\/2026\/04\/Uitzaai.jpg\" \/>\n\t<meta property=\"og:image:width\" content=\"400\" \/>\n\t<meta property=\"og:image:height\" content=\"225\" \/>\n\t<meta property=\"og:image:type\" content=\"image\/jpeg\" \/>\n<meta name=\"author\" content=\"Marion\" \/>\n<meta name=\"twitter:card\" content=\"summary_large_image\" \/>\n<meta name=\"twitter:label1\" content=\"\u00c9crit par\" \/>\n\t<meta name=\"twitter:data1\" content=\"Marion\" \/>\n\t<meta name=\"twitter:label2\" content=\"Dur\u00e9e de lecture estim\u00e9e\" \/>\n\t<meta name=\"twitter:data2\" content=\"1 minute\" \/>\n<script type=\"application\/ld+json\" class=\"yoast-schema-graph\">{\"@context\":\"https:\\\/\\\/schema.org\",\"@graph\":[{\"@type\":\"Article\",\"@id\":\"https:\\\/\\\/www.irbab-kbivb.be\\\/fr\\\/developpement-cultural-les-semis-ont-repris\\\/#article\",\"isPartOf\":{\"@id\":\"https:\\\/\\\/www.irbab-kbivb.be\\\/fr\\\/developpement-cultural-les-semis-ont-repris\\\/\"},\"author\":{\"name\":\"Marion\",\"@id\":\"https:\\\/\\\/www.irbab-kbivb.be\\\/#\\\/schema\\\/person\\\/dad6fe34d3ac93cce3720797f132a2e5\"},\"headline\":\"D\u00e9veloppement cultural\u00a0: Les semis ont repris\",\"datePublished\":\"2026-04-09T10:19:27+00:00\",\"dateModified\":\"2026-04-09T10:19:30+00:00\",\"mainEntityOfPage\":{\"@id\":\"https:\\\/\\\/www.irbab-kbivb.be\\\/fr\\\/developpement-cultural-les-semis-ont-repris\\\/\"},\"wordCount\":91,\"image\":{\"@id\":\"https:\\\/\\\/www.irbab-kbivb.be\\\/fr\\\/developpement-cultural-les-semis-ont-repris\\\/#primaryimage\"},\"thumbnailUrl\":\"https:\\\/\\\/www.irbab-kbivb.be\\\/wp-content\\\/uploads\\\/2026\\\/04\\\/Uitzaai.jpg\",\"keywords\":[\"Messages\"],\"articleSection\":[\"Betterave\",\"D\u00e9veloppement cultural\",\"Plante\",\"Semences\"],\"inLanguage\":\"fr-FR\"},{\"@type\":\"WebPage\",\"@id\":\"https:\\\/\\\/www.irbab-kbivb.be\\\/fr\\\/developpement-cultural-les-semis-ont-repris\\\/\",\"url\":\"https:\\\/\\\/www.irbab-kbivb.be\\\/fr\\\/developpement-cultural-les-semis-ont-repris\\\/\",\"name\":\"D\u00e9veloppement cultural\u00a0: Les semis ont repris - IRBAB-KBIVB\",\"isPartOf\":{\"@id\":\"https:\\\/\\\/www.irbab-kbivb.be\\\/#website\"},\"primaryImageOfPage\":{\"@id\":\"https:\\\/\\\/www.irbab-kbivb.be\\\/fr\\\/developpement-cultural-les-semis-ont-repris\\\/#primaryimage\"},\"image\":{\"@id\":\"https:\\\/\\\/www.irbab-kbivb.be\\\/fr\\\/developpement-cultural-les-semis-ont-repris\\\/#primaryimage\"},\"thumbnailUrl\":\"https:\\\/\\\/www.irbab-kbivb.be\\\/wp-content\\\/uploads\\\/2026\\\/04\\\/Uitzaai.jpg\",\"datePublished\":\"2026-04-09T10:19:27+00:00\",\"dateModified\":\"2026-04-09T10:19:30+00:00\",\"author\":{\"@id\":\"https:\\\/\\\/www.irbab-kbivb.be\\\/#\\\/schema\\\/person\\\/dad6fe34d3ac93cce3720797f132a2e5\"},\"breadcrumb\":{\"@id\":\"https:\\\/\\\/www.irbab-kbivb.be\\\/fr\\\/developpement-cultural-les-semis-ont-repris\\\/#breadcrumb\"},\"inLanguage\":\"fr-FR\",\"potentialAction\":[{\"@type\":\"ReadAction\",\"target\":[\"https:\\\/\\\/www.irbab-kbivb.be\\\/fr\\\/developpement-cultural-les-semis-ont-repris\\\/\"]}]},{\"@type\":\"ImageObject\",\"inLanguage\":\"fr-FR\",\"@id\":\"https:\\\/\\\/www.irbab-kbivb.be\\\/fr\\\/developpement-cultural-les-semis-ont-repris\\\/#primaryimage\",\"url\":\"https:\\\/\\\/www.irbab-kbivb.be\\\/wp-content\\\/uploads\\\/2026\\\/04\\\/Uitzaai.jpg\",\"contentUrl\":\"https:\\\/\\\/www.irbab-kbivb.be\\\/wp-content\\\/uploads\\\/2026\\\/04\\\/Uitzaai.jpg\",\"width\":400,\"height\":225},{\"@type\":\"BreadcrumbList\",\"@id\":\"https:\\\/\\\/www.irbab-kbivb.be\\\/fr\\\/developpement-cultural-les-semis-ont-repris\\\/#breadcrumb\",\"itemListElement\":[{\"@type\":\"ListItem\",\"position\":1,\"name\":\"Home\",\"item\":\"https:\\\/\\\/www.irbab-kbivb.be\\\/fr\\\/\"},{\"@type\":\"ListItem\",\"position\":2,\"name\":\"Betterave\",\"item\":\"https:\\\/\\\/www.irbab-kbivb.be\\\/fr\\\/category\\\/betterave\\\/\"},{\"@type\":\"ListItem\",\"position\":3,\"name\":\"D\u00e9veloppement cultural\u00a0: Les semis ont repris\"}]},{\"@type\":\"WebSite\",\"@id\":\"https:\\\/\\\/www.irbab-kbivb.be\\\/#website\",\"url\":\"https:\\\/\\\/www.irbab-kbivb.be\\\/\",\"name\":\"IRBAB-KBIVB\",\"description\":\"Koninklijk Belgisch Instituut tot Verbetering van de Biet vzw | Institut Royal Belge pour l&#039;Am\u00e9lioration de la Betterave asbl\",\"potentialAction\":[{\"@type\":\"SearchAction\",\"target\":{\"@type\":\"EntryPoint\",\"urlTemplate\":\"https:\\\/\\\/www.irbab-kbivb.be\\\/?s={search_term_string}\"},\"query-input\":{\"@type\":\"PropertyValueSpecification\",\"valueRequired\":true,\"valueName\":\"search_term_string\"}}],\"inLanguage\":\"fr-FR\"},{\"@type\":\"Person\",\"@id\":\"https:\\\/\\\/www.irbab-kbivb.be\\\/#\\\/schema\\\/person\\\/dad6fe34d3ac93cce3720797f132a2e5\",\"name\":\"Marion\",\"image\":{\"@type\":\"ImageObject\",\"inLanguage\":\"fr-FR\",\"@id\":\"https:\\\/\\\/secure.gravatar.com\\\/avatar\\\/05aacf3b7aaf804eb748ec4466641d1174d8526a14e65b425d918689da98856a?s=96&d=mm&r=g\",\"url\":\"https:\\\/\\\/secure.gravatar.com\\\/avatar\\\/05aacf3b7aaf804eb748ec4466641d1174d8526a14e65b425d918689da98856a?s=96&d=mm&r=g\",\"contentUrl\":\"https:\\\/\\\/secure.gravatar.com\\\/avatar\\\/05aacf3b7aaf804eb748ec4466641d1174d8526a14e65b425d918689da98856a?s=96&d=mm&r=g\",\"caption\":\"Marion\"},\"url\":\"https:\\\/\\\/www.irbab-kbivb.be\\\/fr\\\/author\\\/anja\\\/\"}]}<\/script>\n<!-- \/ Yoast SEO plugin. -->","yoast_head_json":{"title":"D\u00e9veloppement cultural\u00a0: Les semis ont repris - IRBAB-KBIVB","robots":{"index":"index","follow":"follow","max-snippet":"max-snippet:-1","max-image-preview":"max-image-preview:large","max-video-preview":"max-video-preview:-1"},"canonical":"https:\/\/www.irbab-kbivb.be\/fr\/developpement-cultural-les-semis-ont-repris\/","og_locale":"fr_FR","og_type":"article","og_title":"D\u00e9veloppement cultural\u00a0: Les semis ont repris - IRBAB-KBIVB","og_description":"\u00a0 \u00a0 \u00a0 \u00a0 \u00a0 \u00a0 Les semis de betteraves et de chicor\u00e9es ont repris cette semaine. Le week-end pass\u00e9, 22% de l\u2019emblavement de betteraves et 7% de l\u2019emblavement de chicor\u00e9es \u00e9taient sem\u00e9s. Ces pourcentages \u00e9volueront rapidement cette semaine. Les betteraves sem\u00e9es il y a 2 semaines sont g\u00e9n\u00e9ralement lev\u00e9es, bien qu\u2019elles soient parfois frein\u00e9es [&hellip;]","og_url":"https:\/\/www.irbab-kbivb.be\/fr\/developpement-cultural-les-semis-ont-repris\/","og_site_name":"IRBAB-KBIVB","article_published_time":"2026-04-09T10:19:27+00:00","article_modified_time":"2026-04-09T10:19:30+00:00","og_image":[{"width":400,"height":225,"url":"https:\/\/www.irbab-kbivb.be\/wp-content\/uploads\/2026\/04\/Uitzaai.jpg","type":"image\/jpeg"}],"author":"Marion","twitter_card":"summary_large_image","twitter_misc":{"\u00c9crit par":"Marion","Dur\u00e9e de lecture estim\u00e9e":"1 minute"},"schema":{"@context":"https:\/\/schema.org","@graph":[{"@type":"Article","@id":"https:\/\/www.irbab-kbivb.be\/fr\/developpement-cultural-les-semis-ont-repris\/#article","isPartOf":{"@id":"https:\/\/www.irbab-kbivb.be\/fr\/developpement-cultural-les-semis-ont-repris\/"},"author":{"name":"Marion","@id":"https:\/\/www.irbab-kbivb.be\/#\/schema\/person\/dad6fe34d3ac93cce3720797f132a2e5"},"headline":"D\u00e9veloppement cultural\u00a0: Les semis ont repris","datePublished":"2026-04-09T10:19:27+00:00","dateModified":"2026-04-09T10:19:30+00:00","mainEntityOfPage":{"@id":"https:\/\/www.irbab-kbivb.be\/fr\/developpement-cultural-les-semis-ont-repris\/"},"wordCount":91,"image":{"@id":"https:\/\/www.irbab-kbivb.be\/fr\/developpement-cultural-les-semis-ont-repris\/#primaryimage"},"thumbnailUrl":"https:\/\/www.irbab-kbivb.be\/wp-content\/uploads\/2026\/04\/Uitzaai.jpg","keywords":["Messages"],"articleSection":["Betterave","D\u00e9veloppement cultural","Plante","Semences"],"inLanguage":"fr-FR"},{"@type":"WebPage","@id":"https:\/\/www.irbab-kbivb.be\/fr\/developpement-cultural-les-semis-ont-repris\/","url":"https:\/\/www.irbab-kbivb.be\/fr\/developpement-cultural-les-semis-ont-repris\/","name":"D\u00e9veloppement cultural\u00a0: Les semis ont repris - IRBAB-KBIVB","isPartOf":{"@id":"https:\/\/www.irbab-kbivb.be\/#website"},"primaryImageOfPage":{"@id":"https:\/\/www.irbab-kbivb.be\/fr\/developpement-cultural-les-semis-ont-repris\/#primaryimage"},"image":{"@id":"https:\/\/www.irbab-kbivb.be\/fr\/developpement-cultural-les-semis-ont-repris\/#primaryimage"},"thumbnailUrl":"https:\/\/www.irbab-kbivb.be\/wp-content\/uploads\/2026\/04\/Uitzaai.jpg","datePublished":"2026-04-09T10:19:27+00:00","dateModified":"2026-04-09T10:19:30+00:00","author":{"@id":"https:\/\/www.irbab-kbivb.be\/#\/schema\/person\/dad6fe34d3ac93cce3720797f132a2e5"},"breadcrumb":{"@id":"https:\/\/www.irbab-kbivb.be\/fr\/developpement-cultural-les-semis-ont-repris\/#breadcrumb"},"inLanguage":"fr-FR","potentialAction":[{"@type":"ReadAction","target":["https:\/\/www.irbab-kbivb.be\/fr\/developpement-cultural-les-semis-ont-repris\/"]}]},{"@type":"ImageObject","inLanguage":"fr-FR","@id":"https:\/\/www.irbab-kbivb.be\/fr\/developpement-cultural-les-semis-ont-repris\/#primaryimage","url":"https:\/\/www.irbab-kbivb.be\/wp-content\/uploads\/2026\/04\/Uitzaai.jpg","contentUrl":"https:\/\/www.irbab-kbivb.be\/wp-content\/uploads\/2026\/04\/Uitzaai.jpg","width":400,"height":225},{"@type":"BreadcrumbList","@id":"https:\/\/www.irbab-kbivb.be\/fr\/developpement-cultural-les-semis-ont-repris\/#breadcrumb","itemListElement":[{"@type":"ListItem","position":1,"name":"Home","item":"https:\/\/www.irbab-kbivb.be\/fr\/"},{"@type":"ListItem","position":2,"name":"Betterave","item":"https:\/\/www.irbab-kbivb.be\/fr\/category\/betterave\/"},{"@type":"ListItem","position":3,"name":"D\u00e9veloppement cultural\u00a0: Les semis ont repris"}]},{"@type":"WebSite","@id":"https:\/\/www.irbab-kbivb.be\/#website","url":"https:\/\/www.irbab-kbivb.be\/","name":"IRBAB-KBIVB","description":"Koninklijk Belgisch Instituut tot Verbetering van de Biet vzw | Institut Royal Belge pour l&#039;Am\u00e9lioration de la Betterave asbl","potentialAction":[{"@type":"SearchAction","target":{"@type":"EntryPoint","urlTemplate":"https:\/\/www.irbab-kbivb.be\/?s={search_term_string}"},"query-input":{"@type":"PropertyValueSpecification","valueRequired":true,"valueName":"search_term_string"}}],"inLanguage":"fr-FR"},{"@type":"Person","@id":"https:\/\/www.irbab-kbivb.be\/#\/schema\/person\/dad6fe34d3ac93cce3720797f132a2e5","name":"Marion","image":{"@type":"ImageObject","inLanguage":"fr-FR","@id":"https:\/\/secure.gravatar.com\/avatar\/05aacf3b7aaf804eb748ec4466641d1174d8526a14e65b425d918689da98856a?s=96&d=mm&r=g","url":"https:\/\/secure.gravatar.com\/avatar\/05aacf3b7aaf804eb748ec4466641d1174d8526a14e65b425d918689da98856a?s=96&d=mm&r=g","contentUrl":"https:\/\/secure.gravatar.com\/avatar\/05aacf3b7aaf804eb748ec4466641d1174d8526a14e65b425d918689da98856a?s=96&d=mm&r=g","caption":"Marion"},"url":"https:\/\/www.irbab-kbivb.be\/fr\/author\/anja\/"}]}},"_links":{"self":[{"href":"https:\/\/www.irbab-kbivb.be\/fr\/wp-json\/wp\/v2\/posts\/27809","targetHints":{"allow":["GET"]}}],"collection":[{"href":"https:\/\/www.irbab-kbivb.be\/fr\/wp-json\/wp\/v2\/posts"}],"about":[{"href":"https:\/\/www.irbab-kbivb.be\/fr\/wp-json\/wp\/v2\/types\/post"}],"author":[{"embeddable":true,"href":"https:\/\/www.irbab-kbivb.be\/fr\/wp-json\/wp\/v2\/users\/3"}],"replies":[{"embeddable":true,"href":"https:\/\/www.irbab-kbivb.be\/fr\/wp-json\/wp\/v2\/comments?post=27809"}],"version-history":[{"count":3,"href":"https:\/\/www.irbab-kbivb.be\/fr\/wp-json\/wp\/v2\/posts\/27809\/revisions"}],"predecessor-version":[{"id":27813,"href":"https:\/\/www.irbab-kbivb.be\/fr\/wp-json\/wp\/v2\/posts\/27809\/revisions\/27813"}],"wp:featuredmedia":[{"embeddable":true,"href":"https:\/\/www.irbab-kbivb.be\/fr\/wp-json\/wp\/v2\/media\/27804"}],"wp:attachment":[{"href":"https:\/\/www.irbab-kbivb.be\/fr\/wp-json\/wp\/v2\/media?parent=27809"}],"wp:term":[{"taxonomy":"category","embeddable":true,"href":"https:\/\/www.irbab-kbivb.be\/fr\/wp-json\/wp\/v2\/categories?post=27809"},{"taxonomy":"post_tag","embeddable":true,"href":"https:\/\/www.irbab-kbivb.be\/fr\/wp-json\/wp\/v2\/tags?post=27809"}],"curies":[{"name":"wp","href":"https:\/\/api.w.org\/{rel}","templated":true}]}}