{"id":27577,"date":"2026-03-13T15:39:42","date_gmt":"2026-03-13T14:39:42","guid":{"rendered":"https:\/\/www.irbab-kbivb.be\/?p=27577"},"modified":"2026-03-13T15:39:45","modified_gmt":"2026-03-13T14:39:45","slug":"far-memo-2026-betteravier-mars-2026","status":"publish","type":"post","link":"https:\/\/www.irbab-kbivb.be\/fr\/far-memo-2026-betteravier-mars-2026\/","title":{"rendered":"FAR MEMO 2026 (Betteravier mars 2026)"},"content":{"rendered":"\n<p><em>Extrait de l\u2019article publi\u00e9 dans \u2018le Betteravier\u2019 de mars 2026<\/em><\/p>\n<p>Le printemps de la saison 2025 a \u00e9t\u00e9 marqu\u00e9 par des conditions m\u00e9t\u00e9orologiques chaudes et s\u00e8ches. Cela a permis de commencer les semis de betteraves d\u00e8s la mi -mars. Fin mars, d\u00e9but avril, on estimait que pr\u00e8s de 90 % de la superficie en betteraves sucri\u00e8res \u00e9tait d\u00e9j\u00e0 sem\u00e9e. La p\u00e9riode chaude et s\u00e8che qui a suivi peu apr\u00e8s le semis a entra\u00een\u00e9, par endroits, des lev\u00e9es \u00e9chelonn\u00e9es. Cela a eu une influence directe sur la lutte contre les adventices. Afin de maximiser la lev\u00e9e des betteraves dans ce cas, il est important de privil\u00e9gier des herbicides tr\u00e8s s\u00e9lectifs qui ne nuisent pas au d\u00e9veloppement des betteraves en cours de lev\u00e9e. En m\u00eame temps, le respect d\u2019intervalles courts est crucial pour maintenir la population d\u2019adventices sous contr\u00f4le.<\/p>\n<p><br \/>Auteurs : Cyrille Crismer &amp; Wout Joris<\/p>\n<p><em>L\u2019article complet peut \u00eatre t\u00e9l\u00e9charg\u00e9\u00a0<a href=\"https:\/\/www.irbab-kbivb.be\/wp-content\/uploads\/2026\/03\/Far-memo-FR.pdf\"><span style=\"color: #339966;\">ici<\/span><\/a>.<\/em><\/p>\n","protected":false},"excerpt":{"rendered":"<p>Extrait de l\u2019article publi\u00e9 dans \u2018le Betteravier\u2019 de mars 2026 Le printemps de la saison 2025 a \u00e9t\u00e9 marqu\u00e9 par des conditions m\u00e9t\u00e9orologiques chaudes et s\u00e8ches. Cela a permis de commencer les semis de betteraves d\u00e8s la mi -mars. Fin mars, d\u00e9but avril, on estimait que pr\u00e8s de 90 % de la superficie en betteraves [&hellip;]<\/p>\n","protected":false},"author":3,"featured_media":0,"comment_status":"closed","ping_status":"open","sticky":false,"template":"","format":"standard","meta":{"iawp_total_views":188,"footnotes":""},"categories":[209,2,129],"tags":[169],"class_list":["post-27577","post","type-post","status-publish","format-standard","hentry","category-adventices","category-betterave","category-protection-des-plantes","tag-articles-presentations"],"yoast_head":"<!-- This site is optimized with the Yoast SEO plugin v27.5 - https:\/\/yoast.com\/product\/yoast-seo-wordpress\/ -->\n<title>FAR MEMO 2026 (Betteravier mars 2026) - IRBAB-KBIVB<\/title>\n<meta name=\"robots\" content=\"index, follow, max-snippet:-1, max-image-preview:large, max-video-preview:-1\" \/>\n<link rel=\"canonical\" href=\"https:\/\/www.irbab-kbivb.be\/fr\/far-memo-2026-betteravier-mars-2026\/\" \/>\n<meta property=\"og:locale\" content=\"fr_FR\" \/>\n<meta property=\"og:type\" content=\"article\" \/>\n<meta property=\"og:title\" content=\"FAR MEMO 2026 (Betteravier mars 2026) - IRBAB-KBIVB\" \/>\n<meta property=\"og:description\" content=\"Extrait de l\u2019article publi\u00e9 dans \u2018le Betteravier\u2019 de mars 2026 Le printemps de la saison 2025 a \u00e9t\u00e9 marqu\u00e9 par des conditions m\u00e9t\u00e9orologiques chaudes et s\u00e8ches. Cela a permis de commencer les semis de betteraves d\u00e8s la mi -mars. Fin mars, d\u00e9but avril, on estimait que pr\u00e8s de 90 % de la superficie en betteraves [&hellip;]\" \/>\n<meta property=\"og:url\" content=\"https:\/\/www.irbab-kbivb.be\/fr\/far-memo-2026-betteravier-mars-2026\/\" \/>\n<meta property=\"og:site_name\" content=\"IRBAB-KBIVB\" \/>\n<meta property=\"article:published_time\" content=\"2026-03-13T14:39:42+00:00\" \/>\n<meta property=\"article:modified_time\" content=\"2026-03-13T14:39:45+00:00\" \/>\n<meta name=\"author\" content=\"Marion\" \/>\n<meta name=\"twitter:card\" content=\"summary_large_image\" \/>\n<meta name=\"twitter:label1\" content=\"\u00c9crit par\" \/>\n\t<meta name=\"twitter:data1\" content=\"Marion\" \/>\n\t<meta name=\"twitter:label2\" content=\"Dur\u00e9e de lecture estim\u00e9e\" \/>\n\t<meta name=\"twitter:data2\" content=\"1 minute\" \/>\n<script type=\"application\/ld+json\" class=\"yoast-schema-graph\">{\"@context\":\"https:\\\/\\\/schema.org\",\"@graph\":[{\"@type\":\"Article\",\"@id\":\"https:\\\/\\\/www.irbab-kbivb.be\\\/fr\\\/far-memo-2026-betteravier-mars-2026\\\/#article\",\"isPartOf\":{\"@id\":\"https:\\\/\\\/www.irbab-kbivb.be\\\/fr\\\/far-memo-2026-betteravier-mars-2026\\\/\"},\"author\":{\"name\":\"Marion\",\"@id\":\"https:\\\/\\\/www.irbab-kbivb.be\\\/#\\\/schema\\\/person\\\/dad6fe34d3ac93cce3720797f132a2e5\"},\"headline\":\"FAR MEMO 2026 (Betteravier mars 2026)\",\"datePublished\":\"2026-03-13T14:39:42+00:00\",\"dateModified\":\"2026-03-13T14:39:45+00:00\",\"mainEntityOfPage\":{\"@id\":\"https:\\\/\\\/www.irbab-kbivb.be\\\/fr\\\/far-memo-2026-betteravier-mars-2026\\\/\"},\"wordCount\":178,\"keywords\":[\"Articles\"],\"articleSection\":[\"Adventices\",\"Betterave\",\"Protection des plantes\"],\"inLanguage\":\"fr-FR\"},{\"@type\":\"WebPage\",\"@id\":\"https:\\\/\\\/www.irbab-kbivb.be\\\/fr\\\/far-memo-2026-betteravier-mars-2026\\\/\",\"url\":\"https:\\\/\\\/www.irbab-kbivb.be\\\/fr\\\/far-memo-2026-betteravier-mars-2026\\\/\",\"name\":\"FAR MEMO 2026 (Betteravier mars 2026) - IRBAB-KBIVB\",\"isPartOf\":{\"@id\":\"https:\\\/\\\/www.irbab-kbivb.be\\\/#website\"},\"datePublished\":\"2026-03-13T14:39:42+00:00\",\"dateModified\":\"2026-03-13T14:39:45+00:00\",\"author\":{\"@id\":\"https:\\\/\\\/www.irbab-kbivb.be\\\/#\\\/schema\\\/person\\\/dad6fe34d3ac93cce3720797f132a2e5\"},\"breadcrumb\":{\"@id\":\"https:\\\/\\\/www.irbab-kbivb.be\\\/fr\\\/far-memo-2026-betteravier-mars-2026\\\/#breadcrumb\"},\"inLanguage\":\"fr-FR\",\"potentialAction\":[{\"@type\":\"ReadAction\",\"target\":[\"https:\\\/\\\/www.irbab-kbivb.be\\\/fr\\\/far-memo-2026-betteravier-mars-2026\\\/\"]}]},{\"@type\":\"BreadcrumbList\",\"@id\":\"https:\\\/\\\/www.irbab-kbivb.be\\\/fr\\\/far-memo-2026-betteravier-mars-2026\\\/#breadcrumb\",\"itemListElement\":[{\"@type\":\"ListItem\",\"position\":1,\"name\":\"Home\",\"item\":\"https:\\\/\\\/www.irbab-kbivb.be\\\/fr\\\/\"},{\"@type\":\"ListItem\",\"position\":2,\"name\":\"Betterave\",\"item\":\"https:\\\/\\\/www.irbab-kbivb.be\\\/fr\\\/category\\\/betterave\\\/\"},{\"@type\":\"ListItem\",\"position\":3,\"name\":\"FAR MEMO 2026 (Betteravier mars 2026)\"}]},{\"@type\":\"WebSite\",\"@id\":\"https:\\\/\\\/www.irbab-kbivb.be\\\/#website\",\"url\":\"https:\\\/\\\/www.irbab-kbivb.be\\\/\",\"name\":\"IRBAB-KBIVB\",\"description\":\"Koninklijk Belgisch Instituut tot Verbetering van de Biet vzw | Institut Royal Belge pour l&#039;Am\u00e9lioration de la Betterave asbl\",\"potentialAction\":[{\"@type\":\"SearchAction\",\"target\":{\"@type\":\"EntryPoint\",\"urlTemplate\":\"https:\\\/\\\/www.irbab-kbivb.be\\\/?s={search_term_string}\"},\"query-input\":{\"@type\":\"PropertyValueSpecification\",\"valueRequired\":true,\"valueName\":\"search_term_string\"}}],\"inLanguage\":\"fr-FR\"},{\"@type\":\"Person\",\"@id\":\"https:\\\/\\\/www.irbab-kbivb.be\\\/#\\\/schema\\\/person\\\/dad6fe34d3ac93cce3720797f132a2e5\",\"name\":\"Marion\",\"image\":{\"@type\":\"ImageObject\",\"inLanguage\":\"fr-FR\",\"@id\":\"https:\\\/\\\/secure.gravatar.com\\\/avatar\\\/05aacf3b7aaf804eb748ec4466641d1174d8526a14e65b425d918689da98856a?s=96&d=mm&r=g\",\"url\":\"https:\\\/\\\/secure.gravatar.com\\\/avatar\\\/05aacf3b7aaf804eb748ec4466641d1174d8526a14e65b425d918689da98856a?s=96&d=mm&r=g\",\"contentUrl\":\"https:\\\/\\\/secure.gravatar.com\\\/avatar\\\/05aacf3b7aaf804eb748ec4466641d1174d8526a14e65b425d918689da98856a?s=96&d=mm&r=g\",\"caption\":\"Marion\"},\"url\":\"https:\\\/\\\/www.irbab-kbivb.be\\\/fr\\\/author\\\/anja\\\/\"}]}<\/script>\n<!-- \/ Yoast SEO plugin. -->","yoast_head_json":{"title":"FAR MEMO 2026 (Betteravier mars 2026) - IRBAB-KBIVB","robots":{"index":"index","follow":"follow","max-snippet":"max-snippet:-1","max-image-preview":"max-image-preview:large","max-video-preview":"max-video-preview:-1"},"canonical":"https:\/\/www.irbab-kbivb.be\/fr\/far-memo-2026-betteravier-mars-2026\/","og_locale":"fr_FR","og_type":"article","og_title":"FAR MEMO 2026 (Betteravier mars 2026) - IRBAB-KBIVB","og_description":"Extrait de l\u2019article publi\u00e9 dans \u2018le Betteravier\u2019 de mars 2026 Le printemps de la saison 2025 a \u00e9t\u00e9 marqu\u00e9 par des conditions m\u00e9t\u00e9orologiques chaudes et s\u00e8ches. Cela a permis de commencer les semis de betteraves d\u00e8s la mi -mars. Fin mars, d\u00e9but avril, on estimait que pr\u00e8s de 90 % de la superficie en betteraves [&hellip;]","og_url":"https:\/\/www.irbab-kbivb.be\/fr\/far-memo-2026-betteravier-mars-2026\/","og_site_name":"IRBAB-KBIVB","article_published_time":"2026-03-13T14:39:42+00:00","article_modified_time":"2026-03-13T14:39:45+00:00","author":"Marion","twitter_card":"summary_large_image","twitter_misc":{"\u00c9crit par":"Marion","Dur\u00e9e de lecture estim\u00e9e":"1 minute"},"schema":{"@context":"https:\/\/schema.org","@graph":[{"@type":"Article","@id":"https:\/\/www.irbab-kbivb.be\/fr\/far-memo-2026-betteravier-mars-2026\/#article","isPartOf":{"@id":"https:\/\/www.irbab-kbivb.be\/fr\/far-memo-2026-betteravier-mars-2026\/"},"author":{"name":"Marion","@id":"https:\/\/www.irbab-kbivb.be\/#\/schema\/person\/dad6fe34d3ac93cce3720797f132a2e5"},"headline":"FAR MEMO 2026 (Betteravier mars 2026)","datePublished":"2026-03-13T14:39:42+00:00","dateModified":"2026-03-13T14:39:45+00:00","mainEntityOfPage":{"@id":"https:\/\/www.irbab-kbivb.be\/fr\/far-memo-2026-betteravier-mars-2026\/"},"wordCount":178,"keywords":["Articles"],"articleSection":["Adventices","Betterave","Protection des plantes"],"inLanguage":"fr-FR"},{"@type":"WebPage","@id":"https:\/\/www.irbab-kbivb.be\/fr\/far-memo-2026-betteravier-mars-2026\/","url":"https:\/\/www.irbab-kbivb.be\/fr\/far-memo-2026-betteravier-mars-2026\/","name":"FAR MEMO 2026 (Betteravier mars 2026) - IRBAB-KBIVB","isPartOf":{"@id":"https:\/\/www.irbab-kbivb.be\/#website"},"datePublished":"2026-03-13T14:39:42+00:00","dateModified":"2026-03-13T14:39:45+00:00","author":{"@id":"https:\/\/www.irbab-kbivb.be\/#\/schema\/person\/dad6fe34d3ac93cce3720797f132a2e5"},"breadcrumb":{"@id":"https:\/\/www.irbab-kbivb.be\/fr\/far-memo-2026-betteravier-mars-2026\/#breadcrumb"},"inLanguage":"fr-FR","potentialAction":[{"@type":"ReadAction","target":["https:\/\/www.irbab-kbivb.be\/fr\/far-memo-2026-betteravier-mars-2026\/"]}]},{"@type":"BreadcrumbList","@id":"https:\/\/www.irbab-kbivb.be\/fr\/far-memo-2026-betteravier-mars-2026\/#breadcrumb","itemListElement":[{"@type":"ListItem","position":1,"name":"Home","item":"https:\/\/www.irbab-kbivb.be\/fr\/"},{"@type":"ListItem","position":2,"name":"Betterave","item":"https:\/\/www.irbab-kbivb.be\/fr\/category\/betterave\/"},{"@type":"ListItem","position":3,"name":"FAR MEMO 2026 (Betteravier mars 2026)"}]},{"@type":"WebSite","@id":"https:\/\/www.irbab-kbivb.be\/#website","url":"https:\/\/www.irbab-kbivb.be\/","name":"IRBAB-KBIVB","description":"Koninklijk Belgisch Instituut tot Verbetering van de Biet vzw | Institut Royal Belge pour l&#039;Am\u00e9lioration de la Betterave asbl","potentialAction":[{"@type":"SearchAction","target":{"@type":"EntryPoint","urlTemplate":"https:\/\/www.irbab-kbivb.be\/?s={search_term_string}"},"query-input":{"@type":"PropertyValueSpecification","valueRequired":true,"valueName":"search_term_string"}}],"inLanguage":"fr-FR"},{"@type":"Person","@id":"https:\/\/www.irbab-kbivb.be\/#\/schema\/person\/dad6fe34d3ac93cce3720797f132a2e5","name":"Marion","image":{"@type":"ImageObject","inLanguage":"fr-FR","@id":"https:\/\/secure.gravatar.com\/avatar\/05aacf3b7aaf804eb748ec4466641d1174d8526a14e65b425d918689da98856a?s=96&d=mm&r=g","url":"https:\/\/secure.gravatar.com\/avatar\/05aacf3b7aaf804eb748ec4466641d1174d8526a14e65b425d918689da98856a?s=96&d=mm&r=g","contentUrl":"https:\/\/secure.gravatar.com\/avatar\/05aacf3b7aaf804eb748ec4466641d1174d8526a14e65b425d918689da98856a?s=96&d=mm&r=g","caption":"Marion"},"url":"https:\/\/www.irbab-kbivb.be\/fr\/author\/anja\/"}]}},"_links":{"self":[{"href":"https:\/\/www.irbab-kbivb.be\/fr\/wp-json\/wp\/v2\/posts\/27577","targetHints":{"allow":["GET"]}}],"collection":[{"href":"https:\/\/www.irbab-kbivb.be\/fr\/wp-json\/wp\/v2\/posts"}],"about":[{"href":"https:\/\/www.irbab-kbivb.be\/fr\/wp-json\/wp\/v2\/types\/post"}],"author":[{"embeddable":true,"href":"https:\/\/www.irbab-kbivb.be\/fr\/wp-json\/wp\/v2\/users\/3"}],"replies":[{"embeddable":true,"href":"https:\/\/www.irbab-kbivb.be\/fr\/wp-json\/wp\/v2\/comments?post=27577"}],"version-history":[{"count":1,"href":"https:\/\/www.irbab-kbivb.be\/fr\/wp-json\/wp\/v2\/posts\/27577\/revisions"}],"predecessor-version":[{"id":27578,"href":"https:\/\/www.irbab-kbivb.be\/fr\/wp-json\/wp\/v2\/posts\/27577\/revisions\/27578"}],"wp:attachment":[{"href":"https:\/\/www.irbab-kbivb.be\/fr\/wp-json\/wp\/v2\/media?parent=27577"}],"wp:term":[{"taxonomy":"category","embeddable":true,"href":"https:\/\/www.irbab-kbivb.be\/fr\/wp-json\/wp\/v2\/categories?post=27577"},{"taxonomy":"post_tag","embeddable":true,"href":"https:\/\/www.irbab-kbivb.be\/fr\/wp-json\/wp\/v2\/tags?post=27577"}],"curies":[{"name":"wp","href":"https:\/\/api.w.org\/{rel}","templated":true}]}}