{"id":26726,"date":"2025-07-07T15:22:42","date_gmt":"2025-07-07T13:22:42","guid":{"rendered":"https:\/\/www.irbab-kbivb.be\/?p=26726"},"modified":"2025-07-07T15:22:46","modified_gmt":"2025-07-07T13:22:46","slug":"fongi-memo-2025-betteravier-juillet-2025","status":"publish","type":"post","link":"https:\/\/www.irbab-kbivb.be\/fr\/fongi-memo-2025-betteravier-juillet-2025\/","title":{"rendered":"FONGI MEMO 2025 (Betteravier juillet 2025)"},"content":{"rendered":"\n\n\n<p><em>Extrait de l\u2019article publi\u00e9 dans \u2018le Betteravier\u2019 de juillet 2025<\/em><\/p>\n<p>On croyait 2023 comme \u00ab\u00a0du jamais vu\u00a0\u00bb, l\u2019ann\u00e9e 2024 est de loin l\u2019ann\u00e9e la plus dommageable pour la cercosporiose que la Belgique ait connu.<\/p>\n<p>Les conditions climatiques particuli\u00e8res de 2024 ont cr\u00e9\u00e9 les conditions optimales pour son d\u00e9veloppement. Mais pas que! Ce n\u2019est pas seulement la Belgique qui a souffert, c\u2019est l\u2019ensemble de la culture betteravi\u00e8re europ\u00e9enne qui a \u00e9t\u00e9 attaqu\u00e9e par la virulence de cette maladie foliaire.<\/p>\n<p>Auteurs: Andr\u00e9 Wauters<\/p>\n<hr \/>\n<p><em>L\u2019article complet avec chiffres peut \u00eatre t\u00e9l\u00e9charg\u00e9\u00a0<a href=\"https:\/\/www.irbab-kbivb.be\/wp-content\/uploads\/2025\/07\/BT-25.06-Fongimemo-FR.pdf\">ici<\/a>.<\/em><\/p>\n","protected":false},"excerpt":{"rendered":"<p>Extrait de l\u2019article publi\u00e9 dans \u2018le Betteravier\u2019 de juillet 2025 On croyait 2023 comme \u00ab\u00a0du jamais vu\u00a0\u00bb, l\u2019ann\u00e9e 2024 est de loin l\u2019ann\u00e9e la plus dommageable pour la cercosporiose que la Belgique ait connu. Les conditions climatiques particuli\u00e8res de 2024 ont cr\u00e9\u00e9 les conditions optimales pour son d\u00e9veloppement. Mais pas que! Ce n\u2019est pas seulement [&hellip;]<\/p>\n","protected":false},"author":3,"featured_media":0,"comment_status":"closed","ping_status":"open","sticky":false,"template":"","format":"standard","meta":{"iawp_total_views":23,"footnotes":""},"categories":[2,221,129],"tags":[169],"class_list":["post-26726","post","type-post","status-publish","format-standard","hentry","category-betterave","category-maladies-foliaires","category-protection-des-plantes","tag-articles-presentations"],"yoast_head":"<!-- This site is optimized with the Yoast SEO plugin v27.5 - https:\/\/yoast.com\/product\/yoast-seo-wordpress\/ -->\n<title>FONGI MEMO 2025 (Betteravier juillet 2025) - IRBAB-KBIVB<\/title>\n<meta name=\"robots\" content=\"index, follow, max-snippet:-1, max-image-preview:large, max-video-preview:-1\" \/>\n<link rel=\"canonical\" href=\"https:\/\/www.irbab-kbivb.be\/fr\/fongi-memo-2025-betteravier-juillet-2025\/\" \/>\n<meta property=\"og:locale\" content=\"fr_FR\" \/>\n<meta property=\"og:type\" content=\"article\" \/>\n<meta property=\"og:title\" content=\"FONGI MEMO 2025 (Betteravier juillet 2025) - IRBAB-KBIVB\" \/>\n<meta property=\"og:description\" content=\"Extrait de l\u2019article publi\u00e9 dans \u2018le Betteravier\u2019 de juillet 2025 On croyait 2023 comme \u00ab\u00a0du jamais vu\u00a0\u00bb, l\u2019ann\u00e9e 2024 est de loin l\u2019ann\u00e9e la plus dommageable pour la cercosporiose que la Belgique ait connu. Les conditions climatiques particuli\u00e8res de 2024 ont cr\u00e9\u00e9 les conditions optimales pour son d\u00e9veloppement. Mais pas que! Ce n\u2019est pas seulement [&hellip;]\" \/>\n<meta property=\"og:url\" content=\"https:\/\/www.irbab-kbivb.be\/fr\/fongi-memo-2025-betteravier-juillet-2025\/\" \/>\n<meta property=\"og:site_name\" content=\"IRBAB-KBIVB\" \/>\n<meta property=\"article:published_time\" content=\"2025-07-07T13:22:42+00:00\" \/>\n<meta property=\"article:modified_time\" content=\"2025-07-07T13:22:46+00:00\" \/>\n<meta name=\"author\" content=\"Marion\" \/>\n<meta name=\"twitter:card\" content=\"summary_large_image\" \/>\n<meta name=\"twitter:label1\" content=\"\u00c9crit par\" \/>\n\t<meta name=\"twitter:data1\" content=\"Marion\" \/>\n\t<meta name=\"twitter:label2\" content=\"Dur\u00e9e de lecture estim\u00e9e\" \/>\n\t<meta name=\"twitter:data2\" content=\"1 minute\" \/>\n<script type=\"application\/ld+json\" class=\"yoast-schema-graph\">{\"@context\":\"https:\\\/\\\/schema.org\",\"@graph\":[{\"@type\":\"Article\",\"@id\":\"https:\\\/\\\/www.irbab-kbivb.be\\\/fr\\\/fongi-memo-2025-betteravier-juillet-2025\\\/#article\",\"isPartOf\":{\"@id\":\"https:\\\/\\\/www.irbab-kbivb.be\\\/fr\\\/fongi-memo-2025-betteravier-juillet-2025\\\/\"},\"author\":{\"name\":\"Marion\",\"@id\":\"https:\\\/\\\/www.irbab-kbivb.be\\\/#\\\/schema\\\/person\\\/dad6fe34d3ac93cce3720797f132a2e5\"},\"headline\":\"FONGI MEMO 2025 (Betteravier juillet 2025)\",\"datePublished\":\"2025-07-07T13:22:42+00:00\",\"dateModified\":\"2025-07-07T13:22:46+00:00\",\"mainEntityOfPage\":{\"@id\":\"https:\\\/\\\/www.irbab-kbivb.be\\\/fr\\\/fongi-memo-2025-betteravier-juillet-2025\\\/\"},\"wordCount\":105,\"keywords\":[\"Articles\"],\"articleSection\":[\"Betterave\",\"Maladies foliaires\",\"Protection des plantes\"],\"inLanguage\":\"fr-FR\"},{\"@type\":\"WebPage\",\"@id\":\"https:\\\/\\\/www.irbab-kbivb.be\\\/fr\\\/fongi-memo-2025-betteravier-juillet-2025\\\/\",\"url\":\"https:\\\/\\\/www.irbab-kbivb.be\\\/fr\\\/fongi-memo-2025-betteravier-juillet-2025\\\/\",\"name\":\"FONGI MEMO 2025 (Betteravier juillet 2025) - IRBAB-KBIVB\",\"isPartOf\":{\"@id\":\"https:\\\/\\\/www.irbab-kbivb.be\\\/#website\"},\"datePublished\":\"2025-07-07T13:22:42+00:00\",\"dateModified\":\"2025-07-07T13:22:46+00:00\",\"author\":{\"@id\":\"https:\\\/\\\/www.irbab-kbivb.be\\\/#\\\/schema\\\/person\\\/dad6fe34d3ac93cce3720797f132a2e5\"},\"breadcrumb\":{\"@id\":\"https:\\\/\\\/www.irbab-kbivb.be\\\/fr\\\/fongi-memo-2025-betteravier-juillet-2025\\\/#breadcrumb\"},\"inLanguage\":\"fr-FR\",\"potentialAction\":[{\"@type\":\"ReadAction\",\"target\":[\"https:\\\/\\\/www.irbab-kbivb.be\\\/fr\\\/fongi-memo-2025-betteravier-juillet-2025\\\/\"]}]},{\"@type\":\"BreadcrumbList\",\"@id\":\"https:\\\/\\\/www.irbab-kbivb.be\\\/fr\\\/fongi-memo-2025-betteravier-juillet-2025\\\/#breadcrumb\",\"itemListElement\":[{\"@type\":\"ListItem\",\"position\":1,\"name\":\"Home\",\"item\":\"https:\\\/\\\/www.irbab-kbivb.be\\\/fr\\\/\"},{\"@type\":\"ListItem\",\"position\":2,\"name\":\"Bieten\",\"item\":\"https:\\\/\\\/www.irbab-kbivb.be\\\/category\\\/bieten\\\/\"},{\"@type\":\"ListItem\",\"position\":3,\"name\":\"FONGI MEMO 2025 (Betteravier juillet 2025)\"}]},{\"@type\":\"WebSite\",\"@id\":\"https:\\\/\\\/www.irbab-kbivb.be\\\/#website\",\"url\":\"https:\\\/\\\/www.irbab-kbivb.be\\\/\",\"name\":\"IRBAB-KBIVB\",\"description\":\"Koninklijk Belgisch Instituut tot Verbetering van de Biet vzw | Institut Royal Belge pour l&#039;Am\u00e9lioration de la Betterave asbl\",\"potentialAction\":[{\"@type\":\"SearchAction\",\"target\":{\"@type\":\"EntryPoint\",\"urlTemplate\":\"https:\\\/\\\/www.irbab-kbivb.be\\\/?s={search_term_string}\"},\"query-input\":{\"@type\":\"PropertyValueSpecification\",\"valueRequired\":true,\"valueName\":\"search_term_string\"}}],\"inLanguage\":\"fr-FR\"},{\"@type\":\"Person\",\"@id\":\"https:\\\/\\\/www.irbab-kbivb.be\\\/#\\\/schema\\\/person\\\/dad6fe34d3ac93cce3720797f132a2e5\",\"name\":\"Marion\",\"image\":{\"@type\":\"ImageObject\",\"inLanguage\":\"fr-FR\",\"@id\":\"https:\\\/\\\/secure.gravatar.com\\\/avatar\\\/05aacf3b7aaf804eb748ec4466641d1174d8526a14e65b425d918689da98856a?s=96&d=mm&r=g\",\"url\":\"https:\\\/\\\/secure.gravatar.com\\\/avatar\\\/05aacf3b7aaf804eb748ec4466641d1174d8526a14e65b425d918689da98856a?s=96&d=mm&r=g\",\"contentUrl\":\"https:\\\/\\\/secure.gravatar.com\\\/avatar\\\/05aacf3b7aaf804eb748ec4466641d1174d8526a14e65b425d918689da98856a?s=96&d=mm&r=g\",\"caption\":\"Marion\"},\"url\":\"https:\\\/\\\/www.irbab-kbivb.be\\\/fr\\\/author\\\/anja\\\/\"}]}<\/script>\n<!-- \/ Yoast SEO plugin. -->","yoast_head_json":{"title":"FONGI MEMO 2025 (Betteravier juillet 2025) - IRBAB-KBIVB","robots":{"index":"index","follow":"follow","max-snippet":"max-snippet:-1","max-image-preview":"max-image-preview:large","max-video-preview":"max-video-preview:-1"},"canonical":"https:\/\/www.irbab-kbivb.be\/fr\/fongi-memo-2025-betteravier-juillet-2025\/","og_locale":"fr_FR","og_type":"article","og_title":"FONGI MEMO 2025 (Betteravier juillet 2025) - IRBAB-KBIVB","og_description":"Extrait de l\u2019article publi\u00e9 dans \u2018le Betteravier\u2019 de juillet 2025 On croyait 2023 comme \u00ab\u00a0du jamais vu\u00a0\u00bb, l\u2019ann\u00e9e 2024 est de loin l\u2019ann\u00e9e la plus dommageable pour la cercosporiose que la Belgique ait connu. Les conditions climatiques particuli\u00e8res de 2024 ont cr\u00e9\u00e9 les conditions optimales pour son d\u00e9veloppement. Mais pas que! Ce n\u2019est pas seulement [&hellip;]","og_url":"https:\/\/www.irbab-kbivb.be\/fr\/fongi-memo-2025-betteravier-juillet-2025\/","og_site_name":"IRBAB-KBIVB","article_published_time":"2025-07-07T13:22:42+00:00","article_modified_time":"2025-07-07T13:22:46+00:00","author":"Marion","twitter_card":"summary_large_image","twitter_misc":{"\u00c9crit par":"Marion","Dur\u00e9e de lecture estim\u00e9e":"1 minute"},"schema":{"@context":"https:\/\/schema.org","@graph":[{"@type":"Article","@id":"https:\/\/www.irbab-kbivb.be\/fr\/fongi-memo-2025-betteravier-juillet-2025\/#article","isPartOf":{"@id":"https:\/\/www.irbab-kbivb.be\/fr\/fongi-memo-2025-betteravier-juillet-2025\/"},"author":{"name":"Marion","@id":"https:\/\/www.irbab-kbivb.be\/#\/schema\/person\/dad6fe34d3ac93cce3720797f132a2e5"},"headline":"FONGI MEMO 2025 (Betteravier juillet 2025)","datePublished":"2025-07-07T13:22:42+00:00","dateModified":"2025-07-07T13:22:46+00:00","mainEntityOfPage":{"@id":"https:\/\/www.irbab-kbivb.be\/fr\/fongi-memo-2025-betteravier-juillet-2025\/"},"wordCount":105,"keywords":["Articles"],"articleSection":["Betterave","Maladies foliaires","Protection des plantes"],"inLanguage":"fr-FR"},{"@type":"WebPage","@id":"https:\/\/www.irbab-kbivb.be\/fr\/fongi-memo-2025-betteravier-juillet-2025\/","url":"https:\/\/www.irbab-kbivb.be\/fr\/fongi-memo-2025-betteravier-juillet-2025\/","name":"FONGI MEMO 2025 (Betteravier juillet 2025) - IRBAB-KBIVB","isPartOf":{"@id":"https:\/\/www.irbab-kbivb.be\/#website"},"datePublished":"2025-07-07T13:22:42+00:00","dateModified":"2025-07-07T13:22:46+00:00","author":{"@id":"https:\/\/www.irbab-kbivb.be\/#\/schema\/person\/dad6fe34d3ac93cce3720797f132a2e5"},"breadcrumb":{"@id":"https:\/\/www.irbab-kbivb.be\/fr\/fongi-memo-2025-betteravier-juillet-2025\/#breadcrumb"},"inLanguage":"fr-FR","potentialAction":[{"@type":"ReadAction","target":["https:\/\/www.irbab-kbivb.be\/fr\/fongi-memo-2025-betteravier-juillet-2025\/"]}]},{"@type":"BreadcrumbList","@id":"https:\/\/www.irbab-kbivb.be\/fr\/fongi-memo-2025-betteravier-juillet-2025\/#breadcrumb","itemListElement":[{"@type":"ListItem","position":1,"name":"Home","item":"https:\/\/www.irbab-kbivb.be\/fr\/"},{"@type":"ListItem","position":2,"name":"Bieten","item":"https:\/\/www.irbab-kbivb.be\/category\/bieten\/"},{"@type":"ListItem","position":3,"name":"FONGI MEMO 2025 (Betteravier juillet 2025)"}]},{"@type":"WebSite","@id":"https:\/\/www.irbab-kbivb.be\/#website","url":"https:\/\/www.irbab-kbivb.be\/","name":"IRBAB-KBIVB","description":"Koninklijk Belgisch Instituut tot Verbetering van de Biet vzw | Institut Royal Belge pour l&#039;Am\u00e9lioration de la Betterave asbl","potentialAction":[{"@type":"SearchAction","target":{"@type":"EntryPoint","urlTemplate":"https:\/\/www.irbab-kbivb.be\/?s={search_term_string}"},"query-input":{"@type":"PropertyValueSpecification","valueRequired":true,"valueName":"search_term_string"}}],"inLanguage":"fr-FR"},{"@type":"Person","@id":"https:\/\/www.irbab-kbivb.be\/#\/schema\/person\/dad6fe34d3ac93cce3720797f132a2e5","name":"Marion","image":{"@type":"ImageObject","inLanguage":"fr-FR","@id":"https:\/\/secure.gravatar.com\/avatar\/05aacf3b7aaf804eb748ec4466641d1174d8526a14e65b425d918689da98856a?s=96&d=mm&r=g","url":"https:\/\/secure.gravatar.com\/avatar\/05aacf3b7aaf804eb748ec4466641d1174d8526a14e65b425d918689da98856a?s=96&d=mm&r=g","contentUrl":"https:\/\/secure.gravatar.com\/avatar\/05aacf3b7aaf804eb748ec4466641d1174d8526a14e65b425d918689da98856a?s=96&d=mm&r=g","caption":"Marion"},"url":"https:\/\/www.irbab-kbivb.be\/fr\/author\/anja\/"}]}},"_links":{"self":[{"href":"https:\/\/www.irbab-kbivb.be\/fr\/wp-json\/wp\/v2\/posts\/26726","targetHints":{"allow":["GET"]}}],"collection":[{"href":"https:\/\/www.irbab-kbivb.be\/fr\/wp-json\/wp\/v2\/posts"}],"about":[{"href":"https:\/\/www.irbab-kbivb.be\/fr\/wp-json\/wp\/v2\/types\/post"}],"author":[{"embeddable":true,"href":"https:\/\/www.irbab-kbivb.be\/fr\/wp-json\/wp\/v2\/users\/3"}],"replies":[{"embeddable":true,"href":"https:\/\/www.irbab-kbivb.be\/fr\/wp-json\/wp\/v2\/comments?post=26726"}],"version-history":[{"count":1,"href":"https:\/\/www.irbab-kbivb.be\/fr\/wp-json\/wp\/v2\/posts\/26726\/revisions"}],"predecessor-version":[{"id":26727,"href":"https:\/\/www.irbab-kbivb.be\/fr\/wp-json\/wp\/v2\/posts\/26726\/revisions\/26727"}],"wp:attachment":[{"href":"https:\/\/www.irbab-kbivb.be\/fr\/wp-json\/wp\/v2\/media?parent=26726"}],"wp:term":[{"taxonomy":"category","embeddable":true,"href":"https:\/\/www.irbab-kbivb.be\/fr\/wp-json\/wp\/v2\/categories?post=26726"},{"taxonomy":"post_tag","embeddable":true,"href":"https:\/\/www.irbab-kbivb.be\/fr\/wp-json\/wp\/v2\/tags?post=26726"}],"curies":[{"name":"wp","href":"https:\/\/api.w.org\/{rel}","templated":true}]}}