{"id":26703,"date":"2025-06-27T15:32:44","date_gmt":"2025-06-27T13:32:44","guid":{"rendered":"https:\/\/www.irbab-kbivb.be\/?p=26703"},"modified":"2025-06-27T15:32:47","modified_gmt":"2025-06-27T13:32:47","slug":"maladies-foliaires-la-saison-des-maladies-foliaires-a-demarre","status":"publish","type":"post","link":"https:\/\/www.irbab-kbivb.be\/fr\/maladies-foliaires-la-saison-des-maladies-foliaires-a-demarre\/","title":{"rendered":"Maladies foliaires : La saison des maladies foliaires a d\u00e9marr\u00e9"},"content":{"rendered":"\n\n\n\n\n<p><a href=\"https:\/\/www.irbab-kbivb.be\/wp-content\/uploads\/2025\/06\/afbeelding-FR-27-06-2025.jpg\"><img loading=\"lazy\" decoding=\"async\" class=\"rounded aligncenter wp-image-26704 size-full\" src=\"https:\/\/www.irbab-kbivb.be\/wp-content\/uploads\/2025\/06\/afbeelding-FR-27-06-2025.jpg\" alt=\"\" width=\"606\" height=\"399\" srcset=\"https:\/\/www.irbab-kbivb.be\/wp-content\/uploads\/2025\/06\/afbeelding-FR-27-06-2025.jpg 606w, https:\/\/www.irbab-kbivb.be\/wp-content\/uploads\/2025\/06\/afbeelding-FR-27-06-2025-300x198.jpg 300w\" sizes=\"auto, (max-width: 606px) 100vw, 606px\" \/><\/a><\/p>\n<p>Cette semaine, la premi\u00e8re carte des maladies foliaires est disponible en ligne, via ce lien : <a href=\"https:\/\/www.google.com\/maps\/d\/edit?mid=1d0AGa618B_fIkArWT4lvEqf6n7fyRSk&amp;usp=sharing\">Carte Maladies Foliaires<\/a>.<\/p>\n<p>Cette carte montre la situation pour les diff\u00e9rentes maladies \u00e0 travers le pays.<\/p>\n<p>La majorit\u00e9 des parcelles est pour l\u2019instant encore exempte de maladies, ce qui est une bonne nouvelle. Cependant, les premi\u00e8res taches de cercosporiose ont d\u00e9j\u00e0 \u00e9t\u00e9 observ\u00e9es dans cinq parcelles, pour lesquelles un traitement est recommand\u00e9. Quelques taches de rouille ont \u00e9galement \u00e9t\u00e9 rep\u00e9r\u00e9es sur certaines parcelles, mais celles-ci restent bien en dessous du seuil d\u2019alerte et ne n\u00e9cessitent pas de traitement pour le moment.<\/p>\n<p>Seuils de nuisibilit\u00e9 pour les maladies foliaires :<\/p>\n<table style=\"width: 100%; height: 374px;\" width=\"611\">\n<tbody>\n<tr style=\"height: 34px;\">\n<td style=\"height: 34px;\" width=\"180\">\n<p>Seuil de nuisibilit\u00e9<\/p>\n<\/td>\n<td style=\"height: 34px;\" width=\"217\">\n<p>Jusqu\u2019au 20 ao\u00fbt<\/p>\n<\/td>\n<td style=\"height: 34px;\" width=\"214\">\n<p>Apr\u00e8s le 20 ao\u00fbt<\/p>\n<\/td>\n<\/tr>\n<tr style=\"height: 192px;\">\n<td style=\"height: 192px;\" width=\"180\">\n<p>Cercosporiose<\/p>\n<\/td>\n<td style=\"height: 192px;\" width=\"217\">\n<p>\u00c0 partir des premiers sympt\u00f4mes<br \/>(Apr\u00e8s le premier traitement, un seuil de 5 % de feuilles atteintes s\u2019applique)<\/p>\n<\/td>\n<td style=\"height: 192px;\" width=\"214\">\n<p>20 % feuilles touch\u00e9es<\/p>\n<\/td>\n<\/tr>\n<tr style=\"height: 74px;\">\n<td style=\"height: 74px;\" width=\"180\">\n<p>Ramulariose<\/p>\n<\/td>\n<td style=\"height: 74px;\" width=\"217\">\n<p>5 % feuilles touch\u00e9es<\/p>\n<\/td>\n<td style=\"height: 74px;\" width=\"214\">\n<p>20 % feuilles touch\u00e9es<\/p>\n<\/td>\n<\/tr>\n<tr style=\"height: 74px;\">\n<td style=\"height: 74px;\" width=\"180\">\n<p>O\u00efdium \/ Rouille<\/p>\n<\/td>\n<td style=\"height: 74px;\" width=\"217\">\n<p>15 % feuilles touch\u00e9es<\/p>\n<\/td>\n<td style=\"height: 74px;\" width=\"214\">\n<p>30 % feuilles touch\u00e9es<\/p>\n<\/td>\n<\/tr>\n<\/tbody>\n<\/table>\n<p>Afin de maintenir la pression des maladies aussi faible que possible, nous recommandons d\u2019utiliser les produits ci-dessous\u00a0:<\/p>\n<table>\n<tbody>\n<tr>\n<td rowspan=\"2\" width=\"151\">\n<p>Premier traitement (T1)<\/p>\n<\/td>\n<td width=\"178\">\n<p>Panorama 0,6 L\/ha<\/p>\n<\/td>\n<td width=\"276\">\n<p>Prothioconazole (250 g\/L) + metconazole (90g\/L)<\/p>\n<\/td>\n<\/tr>\n<tr>\n<td width=\"178\">\n<p><strong>OU<\/strong> Propulse 1,2 L\/ha<\/p>\n<\/td>\n<td width=\"276\">\n<p>Prothioconazole (125 g\/L) + fluopyram (125 g\/L)<\/p>\n<\/td>\n<\/tr>\n<tr>\n<td width=\"151\">\n<p>Deuxi\u00e8me traitement (T2)<\/p>\n<\/td>\n<td width=\"178\">\n<p>Spyrale 1 L\/ha<\/p>\n<\/td>\n<td width=\"276\">\n<p>Difenoconazole (100 g\/L) + fenpropidin (375 g\/L)<\/p>\n<\/td>\n<\/tr>\n<tr>\n<td rowspan=\"2\" width=\"151\">\n<p>Troisi\u00e8me traitement (T3)<\/p>\n<\/td>\n<td width=\"178\">\n<p>Propulse 1,2 L\/ha<\/p>\n<\/td>\n<td width=\"276\">\n<p>Prothioconazole (125 g\/L) + fluopyram (125 g\/L)<\/p>\n<\/td>\n<\/tr>\n<tr>\n<td width=\"178\">\n<p><strong>OU<\/strong> Panorama 0,6 L\/ha<\/p>\n<\/td>\n<td width=\"276\">\n<p>Prothioconazole (250 g\/L) + metconazole (90g\/L)<\/p>\n<\/td>\n<\/tr>\n<\/tbody>\n<\/table>\n<p>Il reste important de combiner et d\u2019alterner les substances actives dans le cadre de la gestion de la r\u00e9sistance.<\/p>\n<p>Il est conseill\u00e9 de r\u00e9observer la parcelle deux semaines apr\u00e8s un traitement. Cela permet de d\u00e9tecter \u00e0 temps l\u2019\u00e9ventuelle apparition de nouvelles infections.<br \/>Un suivi rigoureux permet d\u2019intervenir pr\u00e9cocement et d\u2019\u00e9viter des pertes de rendement.<\/p>\n","protected":false},"excerpt":{"rendered":"<p>Cette semaine, la premi\u00e8re carte des maladies foliaires est disponible en ligne, via ce lien : Carte Maladies Foliaires. Cette carte montre la situation pour les diff\u00e9rentes maladies \u00e0 travers le pays. La majorit\u00e9 des parcelles est pour l\u2019instant encore exempte de maladies, ce qui est une bonne nouvelle. Cependant, les premi\u00e8res taches de cercosporiose [&hellip;]<\/p>\n","protected":false},"author":3,"featured_media":26704,"comment_status":"closed","ping_status":"open","sticky":false,"template":"","format":"standard","meta":{"iawp_total_views":4,"footnotes":""},"categories":[2,221,129],"tags":[243],"class_list":["post-26703","post","type-post","status-publish","format-standard","has-post-thumbnail","hentry","category-betterave","category-maladies-foliaires","category-protection-des-plantes","tag-messages"],"yoast_head":"<!-- This site is optimized with the Yoast SEO plugin v27.5 - https:\/\/yoast.com\/product\/yoast-seo-wordpress\/ -->\n<title>Maladies foliaires : La saison des maladies foliaires a d\u00e9marr\u00e9 - IRBAB-KBIVB<\/title>\n<meta name=\"robots\" content=\"index, follow, max-snippet:-1, max-image-preview:large, max-video-preview:-1\" \/>\n<link rel=\"canonical\" href=\"https:\/\/www.irbab-kbivb.be\/fr\/maladies-foliaires-la-saison-des-maladies-foliaires-a-demarre\/\" \/>\n<meta property=\"og:locale\" content=\"fr_FR\" \/>\n<meta property=\"og:type\" content=\"article\" \/>\n<meta property=\"og:title\" content=\"Maladies foliaires : La saison des maladies foliaires a d\u00e9marr\u00e9 - IRBAB-KBIVB\" \/>\n<meta property=\"og:description\" content=\"Cette semaine, la premi\u00e8re carte des maladies foliaires est disponible en ligne, via ce lien : Carte Maladies Foliaires. Cette carte montre la situation pour les diff\u00e9rentes maladies \u00e0 travers le pays. La majorit\u00e9 des parcelles est pour l\u2019instant encore exempte de maladies, ce qui est une bonne nouvelle. Cependant, les premi\u00e8res taches de cercosporiose [&hellip;]\" \/>\n<meta property=\"og:url\" content=\"https:\/\/www.irbab-kbivb.be\/fr\/maladies-foliaires-la-saison-des-maladies-foliaires-a-demarre\/\" \/>\n<meta property=\"og:site_name\" content=\"IRBAB-KBIVB\" \/>\n<meta property=\"article:published_time\" content=\"2025-06-27T13:32:44+00:00\" \/>\n<meta property=\"article:modified_time\" content=\"2025-06-27T13:32:47+00:00\" \/>\n<meta property=\"og:image\" content=\"https:\/\/www.irbab-kbivb.be\/wp-content\/uploads\/2025\/06\/afbeelding-FR-27-06-2025.jpg\" \/>\n\t<meta property=\"og:image:width\" content=\"606\" \/>\n\t<meta property=\"og:image:height\" content=\"399\" \/>\n\t<meta property=\"og:image:type\" content=\"image\/jpeg\" \/>\n<meta name=\"author\" content=\"Marion\" \/>\n<meta name=\"twitter:card\" content=\"summary_large_image\" \/>\n<meta name=\"twitter:label1\" content=\"\u00c9crit par\" \/>\n\t<meta name=\"twitter:data1\" content=\"Marion\" \/>\n\t<meta name=\"twitter:label2\" content=\"Dur\u00e9e de lecture estim\u00e9e\" \/>\n\t<meta name=\"twitter:data2\" content=\"2 minutes\" \/>\n<script type=\"application\/ld+json\" class=\"yoast-schema-graph\">{\"@context\":\"https:\\\/\\\/schema.org\",\"@graph\":[{\"@type\":\"Article\",\"@id\":\"https:\\\/\\\/www.irbab-kbivb.be\\\/fr\\\/maladies-foliaires-la-saison-des-maladies-foliaires-a-demarre\\\/#article\",\"isPartOf\":{\"@id\":\"https:\\\/\\\/www.irbab-kbivb.be\\\/fr\\\/maladies-foliaires-la-saison-des-maladies-foliaires-a-demarre\\\/\"},\"author\":{\"name\":\"Marion\",\"@id\":\"https:\\\/\\\/www.irbab-kbivb.be\\\/#\\\/schema\\\/person\\\/dad6fe34d3ac93cce3720797f132a2e5\"},\"headline\":\"Maladies foliaires : La saison des maladies foliaires a d\u00e9marr\u00e9\",\"datePublished\":\"2025-06-27T13:32:44+00:00\",\"dateModified\":\"2025-06-27T13:32:47+00:00\",\"mainEntityOfPage\":{\"@id\":\"https:\\\/\\\/www.irbab-kbivb.be\\\/fr\\\/maladies-foliaires-la-saison-des-maladies-foliaires-a-demarre\\\/\"},\"wordCount\":310,\"image\":{\"@id\":\"https:\\\/\\\/www.irbab-kbivb.be\\\/fr\\\/maladies-foliaires-la-saison-des-maladies-foliaires-a-demarre\\\/#primaryimage\"},\"thumbnailUrl\":\"https:\\\/\\\/www.irbab-kbivb.be\\\/wp-content\\\/uploads\\\/2025\\\/06\\\/afbeelding-FR-27-06-2025.jpg\",\"keywords\":[\"Messages\"],\"articleSection\":[\"Betterave\",\"Maladies foliaires\",\"Protection des plantes\"],\"inLanguage\":\"fr-FR\"},{\"@type\":\"WebPage\",\"@id\":\"https:\\\/\\\/www.irbab-kbivb.be\\\/fr\\\/maladies-foliaires-la-saison-des-maladies-foliaires-a-demarre\\\/\",\"url\":\"https:\\\/\\\/www.irbab-kbivb.be\\\/fr\\\/maladies-foliaires-la-saison-des-maladies-foliaires-a-demarre\\\/\",\"name\":\"Maladies foliaires : La saison des maladies foliaires a d\u00e9marr\u00e9 - IRBAB-KBIVB\",\"isPartOf\":{\"@id\":\"https:\\\/\\\/www.irbab-kbivb.be\\\/#website\"},\"primaryImageOfPage\":{\"@id\":\"https:\\\/\\\/www.irbab-kbivb.be\\\/fr\\\/maladies-foliaires-la-saison-des-maladies-foliaires-a-demarre\\\/#primaryimage\"},\"image\":{\"@id\":\"https:\\\/\\\/www.irbab-kbivb.be\\\/fr\\\/maladies-foliaires-la-saison-des-maladies-foliaires-a-demarre\\\/#primaryimage\"},\"thumbnailUrl\":\"https:\\\/\\\/www.irbab-kbivb.be\\\/wp-content\\\/uploads\\\/2025\\\/06\\\/afbeelding-FR-27-06-2025.jpg\",\"datePublished\":\"2025-06-27T13:32:44+00:00\",\"dateModified\":\"2025-06-27T13:32:47+00:00\",\"author\":{\"@id\":\"https:\\\/\\\/www.irbab-kbivb.be\\\/#\\\/schema\\\/person\\\/dad6fe34d3ac93cce3720797f132a2e5\"},\"breadcrumb\":{\"@id\":\"https:\\\/\\\/www.irbab-kbivb.be\\\/fr\\\/maladies-foliaires-la-saison-des-maladies-foliaires-a-demarre\\\/#breadcrumb\"},\"inLanguage\":\"fr-FR\",\"potentialAction\":[{\"@type\":\"ReadAction\",\"target\":[\"https:\\\/\\\/www.irbab-kbivb.be\\\/fr\\\/maladies-foliaires-la-saison-des-maladies-foliaires-a-demarre\\\/\"]}]},{\"@type\":\"ImageObject\",\"inLanguage\":\"fr-FR\",\"@id\":\"https:\\\/\\\/www.irbab-kbivb.be\\\/fr\\\/maladies-foliaires-la-saison-des-maladies-foliaires-a-demarre\\\/#primaryimage\",\"url\":\"https:\\\/\\\/www.irbab-kbivb.be\\\/wp-content\\\/uploads\\\/2025\\\/06\\\/afbeelding-FR-27-06-2025.jpg\",\"contentUrl\":\"https:\\\/\\\/www.irbab-kbivb.be\\\/wp-content\\\/uploads\\\/2025\\\/06\\\/afbeelding-FR-27-06-2025.jpg\",\"width\":606,\"height\":399},{\"@type\":\"BreadcrumbList\",\"@id\":\"https:\\\/\\\/www.irbab-kbivb.be\\\/fr\\\/maladies-foliaires-la-saison-des-maladies-foliaires-a-demarre\\\/#breadcrumb\",\"itemListElement\":[{\"@type\":\"ListItem\",\"position\":1,\"name\":\"Home\",\"item\":\"https:\\\/\\\/www.irbab-kbivb.be\\\/fr\\\/\"},{\"@type\":\"ListItem\",\"position\":2,\"name\":\"Bieten\",\"item\":\"https:\\\/\\\/www.irbab-kbivb.be\\\/category\\\/bieten\\\/\"},{\"@type\":\"ListItem\",\"position\":3,\"name\":\"Maladies foliaires : La saison des maladies foliaires a d\u00e9marr\u00e9\"}]},{\"@type\":\"WebSite\",\"@id\":\"https:\\\/\\\/www.irbab-kbivb.be\\\/#website\",\"url\":\"https:\\\/\\\/www.irbab-kbivb.be\\\/\",\"name\":\"IRBAB-KBIVB\",\"description\":\"Koninklijk Belgisch Instituut tot Verbetering van de Biet vzw | Institut Royal Belge pour l&#039;Am\u00e9lioration de la Betterave asbl\",\"potentialAction\":[{\"@type\":\"SearchAction\",\"target\":{\"@type\":\"EntryPoint\",\"urlTemplate\":\"https:\\\/\\\/www.irbab-kbivb.be\\\/?s={search_term_string}\"},\"query-input\":{\"@type\":\"PropertyValueSpecification\",\"valueRequired\":true,\"valueName\":\"search_term_string\"}}],\"inLanguage\":\"fr-FR\"},{\"@type\":\"Person\",\"@id\":\"https:\\\/\\\/www.irbab-kbivb.be\\\/#\\\/schema\\\/person\\\/dad6fe34d3ac93cce3720797f132a2e5\",\"name\":\"Marion\",\"image\":{\"@type\":\"ImageObject\",\"inLanguage\":\"fr-FR\",\"@id\":\"https:\\\/\\\/secure.gravatar.com\\\/avatar\\\/05aacf3b7aaf804eb748ec4466641d1174d8526a14e65b425d918689da98856a?s=96&d=mm&r=g\",\"url\":\"https:\\\/\\\/secure.gravatar.com\\\/avatar\\\/05aacf3b7aaf804eb748ec4466641d1174d8526a14e65b425d918689da98856a?s=96&d=mm&r=g\",\"contentUrl\":\"https:\\\/\\\/secure.gravatar.com\\\/avatar\\\/05aacf3b7aaf804eb748ec4466641d1174d8526a14e65b425d918689da98856a?s=96&d=mm&r=g\",\"caption\":\"Marion\"},\"url\":\"https:\\\/\\\/www.irbab-kbivb.be\\\/fr\\\/author\\\/anja\\\/\"}]}<\/script>\n<!-- \/ Yoast SEO plugin. -->","yoast_head_json":{"title":"Maladies foliaires : La saison des maladies foliaires a d\u00e9marr\u00e9 - IRBAB-KBIVB","robots":{"index":"index","follow":"follow","max-snippet":"max-snippet:-1","max-image-preview":"max-image-preview:large","max-video-preview":"max-video-preview:-1"},"canonical":"https:\/\/www.irbab-kbivb.be\/fr\/maladies-foliaires-la-saison-des-maladies-foliaires-a-demarre\/","og_locale":"fr_FR","og_type":"article","og_title":"Maladies foliaires : La saison des maladies foliaires a d\u00e9marr\u00e9 - IRBAB-KBIVB","og_description":"Cette semaine, la premi\u00e8re carte des maladies foliaires est disponible en ligne, via ce lien : Carte Maladies Foliaires. Cette carte montre la situation pour les diff\u00e9rentes maladies \u00e0 travers le pays. La majorit\u00e9 des parcelles est pour l\u2019instant encore exempte de maladies, ce qui est une bonne nouvelle. Cependant, les premi\u00e8res taches de cercosporiose [&hellip;]","og_url":"https:\/\/www.irbab-kbivb.be\/fr\/maladies-foliaires-la-saison-des-maladies-foliaires-a-demarre\/","og_site_name":"IRBAB-KBIVB","article_published_time":"2025-06-27T13:32:44+00:00","article_modified_time":"2025-06-27T13:32:47+00:00","og_image":[{"width":606,"height":399,"url":"https:\/\/www.irbab-kbivb.be\/wp-content\/uploads\/2025\/06\/afbeelding-FR-27-06-2025.jpg","type":"image\/jpeg"}],"author":"Marion","twitter_card":"summary_large_image","twitter_misc":{"\u00c9crit par":"Marion","Dur\u00e9e de lecture estim\u00e9e":"2 minutes"},"schema":{"@context":"https:\/\/schema.org","@graph":[{"@type":"Article","@id":"https:\/\/www.irbab-kbivb.be\/fr\/maladies-foliaires-la-saison-des-maladies-foliaires-a-demarre\/#article","isPartOf":{"@id":"https:\/\/www.irbab-kbivb.be\/fr\/maladies-foliaires-la-saison-des-maladies-foliaires-a-demarre\/"},"author":{"name":"Marion","@id":"https:\/\/www.irbab-kbivb.be\/#\/schema\/person\/dad6fe34d3ac93cce3720797f132a2e5"},"headline":"Maladies foliaires : La saison des maladies foliaires a d\u00e9marr\u00e9","datePublished":"2025-06-27T13:32:44+00:00","dateModified":"2025-06-27T13:32:47+00:00","mainEntityOfPage":{"@id":"https:\/\/www.irbab-kbivb.be\/fr\/maladies-foliaires-la-saison-des-maladies-foliaires-a-demarre\/"},"wordCount":310,"image":{"@id":"https:\/\/www.irbab-kbivb.be\/fr\/maladies-foliaires-la-saison-des-maladies-foliaires-a-demarre\/#primaryimage"},"thumbnailUrl":"https:\/\/www.irbab-kbivb.be\/wp-content\/uploads\/2025\/06\/afbeelding-FR-27-06-2025.jpg","keywords":["Messages"],"articleSection":["Betterave","Maladies foliaires","Protection des plantes"],"inLanguage":"fr-FR"},{"@type":"WebPage","@id":"https:\/\/www.irbab-kbivb.be\/fr\/maladies-foliaires-la-saison-des-maladies-foliaires-a-demarre\/","url":"https:\/\/www.irbab-kbivb.be\/fr\/maladies-foliaires-la-saison-des-maladies-foliaires-a-demarre\/","name":"Maladies foliaires : La saison des maladies foliaires a d\u00e9marr\u00e9 - IRBAB-KBIVB","isPartOf":{"@id":"https:\/\/www.irbab-kbivb.be\/#website"},"primaryImageOfPage":{"@id":"https:\/\/www.irbab-kbivb.be\/fr\/maladies-foliaires-la-saison-des-maladies-foliaires-a-demarre\/#primaryimage"},"image":{"@id":"https:\/\/www.irbab-kbivb.be\/fr\/maladies-foliaires-la-saison-des-maladies-foliaires-a-demarre\/#primaryimage"},"thumbnailUrl":"https:\/\/www.irbab-kbivb.be\/wp-content\/uploads\/2025\/06\/afbeelding-FR-27-06-2025.jpg","datePublished":"2025-06-27T13:32:44+00:00","dateModified":"2025-06-27T13:32:47+00:00","author":{"@id":"https:\/\/www.irbab-kbivb.be\/#\/schema\/person\/dad6fe34d3ac93cce3720797f132a2e5"},"breadcrumb":{"@id":"https:\/\/www.irbab-kbivb.be\/fr\/maladies-foliaires-la-saison-des-maladies-foliaires-a-demarre\/#breadcrumb"},"inLanguage":"fr-FR","potentialAction":[{"@type":"ReadAction","target":["https:\/\/www.irbab-kbivb.be\/fr\/maladies-foliaires-la-saison-des-maladies-foliaires-a-demarre\/"]}]},{"@type":"ImageObject","inLanguage":"fr-FR","@id":"https:\/\/www.irbab-kbivb.be\/fr\/maladies-foliaires-la-saison-des-maladies-foliaires-a-demarre\/#primaryimage","url":"https:\/\/www.irbab-kbivb.be\/wp-content\/uploads\/2025\/06\/afbeelding-FR-27-06-2025.jpg","contentUrl":"https:\/\/www.irbab-kbivb.be\/wp-content\/uploads\/2025\/06\/afbeelding-FR-27-06-2025.jpg","width":606,"height":399},{"@type":"BreadcrumbList","@id":"https:\/\/www.irbab-kbivb.be\/fr\/maladies-foliaires-la-saison-des-maladies-foliaires-a-demarre\/#breadcrumb","itemListElement":[{"@type":"ListItem","position":1,"name":"Home","item":"https:\/\/www.irbab-kbivb.be\/fr\/"},{"@type":"ListItem","position":2,"name":"Bieten","item":"https:\/\/www.irbab-kbivb.be\/category\/bieten\/"},{"@type":"ListItem","position":3,"name":"Maladies foliaires : La saison des maladies foliaires a d\u00e9marr\u00e9"}]},{"@type":"WebSite","@id":"https:\/\/www.irbab-kbivb.be\/#website","url":"https:\/\/www.irbab-kbivb.be\/","name":"IRBAB-KBIVB","description":"Koninklijk Belgisch Instituut tot Verbetering van de Biet vzw | Institut Royal Belge pour l&#039;Am\u00e9lioration de la Betterave asbl","potentialAction":[{"@type":"SearchAction","target":{"@type":"EntryPoint","urlTemplate":"https:\/\/www.irbab-kbivb.be\/?s={search_term_string}"},"query-input":{"@type":"PropertyValueSpecification","valueRequired":true,"valueName":"search_term_string"}}],"inLanguage":"fr-FR"},{"@type":"Person","@id":"https:\/\/www.irbab-kbivb.be\/#\/schema\/person\/dad6fe34d3ac93cce3720797f132a2e5","name":"Marion","image":{"@type":"ImageObject","inLanguage":"fr-FR","@id":"https:\/\/secure.gravatar.com\/avatar\/05aacf3b7aaf804eb748ec4466641d1174d8526a14e65b425d918689da98856a?s=96&d=mm&r=g","url":"https:\/\/secure.gravatar.com\/avatar\/05aacf3b7aaf804eb748ec4466641d1174d8526a14e65b425d918689da98856a?s=96&d=mm&r=g","contentUrl":"https:\/\/secure.gravatar.com\/avatar\/05aacf3b7aaf804eb748ec4466641d1174d8526a14e65b425d918689da98856a?s=96&d=mm&r=g","caption":"Marion"},"url":"https:\/\/www.irbab-kbivb.be\/fr\/author\/anja\/"}]}},"_links":{"self":[{"href":"https:\/\/www.irbab-kbivb.be\/fr\/wp-json\/wp\/v2\/posts\/26703","targetHints":{"allow":["GET"]}}],"collection":[{"href":"https:\/\/www.irbab-kbivb.be\/fr\/wp-json\/wp\/v2\/posts"}],"about":[{"href":"https:\/\/www.irbab-kbivb.be\/fr\/wp-json\/wp\/v2\/types\/post"}],"author":[{"embeddable":true,"href":"https:\/\/www.irbab-kbivb.be\/fr\/wp-json\/wp\/v2\/users\/3"}],"replies":[{"embeddable":true,"href":"https:\/\/www.irbab-kbivb.be\/fr\/wp-json\/wp\/v2\/comments?post=26703"}],"version-history":[{"count":3,"href":"https:\/\/www.irbab-kbivb.be\/fr\/wp-json\/wp\/v2\/posts\/26703\/revisions"}],"predecessor-version":[{"id":26712,"href":"https:\/\/www.irbab-kbivb.be\/fr\/wp-json\/wp\/v2\/posts\/26703\/revisions\/26712"}],"wp:featuredmedia":[{"embeddable":true,"href":"https:\/\/www.irbab-kbivb.be\/fr\/wp-json\/wp\/v2\/media\/26704"}],"wp:attachment":[{"href":"https:\/\/www.irbab-kbivb.be\/fr\/wp-json\/wp\/v2\/media?parent=26703"}],"wp:term":[{"taxonomy":"category","embeddable":true,"href":"https:\/\/www.irbab-kbivb.be\/fr\/wp-json\/wp\/v2\/categories?post=26703"},{"taxonomy":"post_tag","embeddable":true,"href":"https:\/\/www.irbab-kbivb.be\/fr\/wp-json\/wp\/v2\/tags?post=26703"}],"curies":[{"name":"wp","href":"https:\/\/api.w.org\/{rel}","templated":true}]}}