{"id":26682,"date":"2025-06-13T12:12:01","date_gmt":"2025-06-13T10:12:01","guid":{"rendered":"https:\/\/www.irbab-kbivb.be\/?p=26682"},"modified":"2025-06-13T12:12:06","modified_gmt":"2025-06-13T10:12:06","slug":"ravageurs-evolution-des-pucerons-noirs","status":"publish","type":"post","link":"https:\/\/www.irbab-kbivb.be\/fr\/ravageurs-evolution-des-pucerons-noirs\/","title":{"rendered":"Ravageurs\u00a0: Evolution des pucerons noirs"},"content":{"rendered":"\n<p><a href=\"https:\/\/www.irbab-kbivb.be\/wp-content\/uploads\/2025\/06\/Afbeelding-zwarte-bladluizen-13-06-2025.jpg\"><img loading=\"lazy\" decoding=\"async\" class=\"rounded alignleft wp-image-26680 size-medium\" src=\"https:\/\/www.irbab-kbivb.be\/wp-content\/uploads\/2025\/06\/Afbeelding-zwarte-bladluizen-13-06-2025-300x225.jpg\" alt=\"\" width=\"300\" height=\"225\" srcset=\"https:\/\/www.irbab-kbivb.be\/wp-content\/uploads\/2025\/06\/Afbeelding-zwarte-bladluizen-13-06-2025-300x225.jpg 300w, https:\/\/www.irbab-kbivb.be\/wp-content\/uploads\/2025\/06\/Afbeelding-zwarte-bladluizen-13-06-2025-768x576.jpg 768w, https:\/\/www.irbab-kbivb.be\/wp-content\/uploads\/2025\/06\/Afbeelding-zwarte-bladluizen-13-06-2025-810x608.jpg 810w, https:\/\/www.irbab-kbivb.be\/wp-content\/uploads\/2025\/06\/Afbeelding-zwarte-bladluizen-13-06-2025.jpg 1024w\" sizes=\"auto, (max-width: 300px) 100vw, 300px\" \/><\/a>Ces derniers jours, nous recevons un nombre croissant de signalements concernant des parcelles de betteraves sucri\u00e8res o\u00f9 des colonies de pucerons noirs (<em>Aphis fabae<\/em>) commencent \u00e0 se d\u00e9velopper activement. Cette augmentation reste toutefois tr\u00e8s localis\u00e9e : tous les champs ne sont pas touch\u00e9s, et la pression parasitaire varie consid\u00e9rablement d\u2019une parcelle \u00e0 l\u2019autre.<\/p>\n<p>\u00a0<\/p>\n<p>La pr\u00e9sence de pucerons noirs peut entra\u00eener des d\u00e9g\u00e2ts importants dus \u00e0 leur activit\u00e9 de succion. Ces insectes se nourrissent de la s\u00e8ve des plantes, provoquant des sympt\u00f4mes typiques tels que des feuilles d\u00e9form\u00e9es, enroul\u00e9es, et dans certains cas un ralentissement de la croissance. L\u2019excr\u00e9tion de miellat favorise \u00e9galement le d\u00e9veloppement de fumagine, ce qui r\u00e9duit la capacit\u00e9 photosynth\u00e9tique de la plante.<\/p>\n<p>\u00a0<\/p>\n<p>Les parcelles qui n\u2019ont pas encore re\u00e7u de traitement contre les pucerons doivent \u00eatre surveill\u00e9es avec une attention particuli\u00e8re. Comme les populations de pucerons verts sont rest\u00e9es sous contr\u00f4le et que le seuil d\u2019intervention n\u2019a pas \u00e9t\u00e9 d\u00e9pass\u00e9, aucun traitement n\u2019a \u00e9t\u00e9 effectu\u00e9 \u00e0 juste titre. Cependant, cela peut d\u00e9sormais offrir une opportunit\u00e9 aux pucerons noirs de s\u2019installer massivement.<\/p>\n<p>\u00a0<\/p>\n<p>M\u00eame apr\u00e8s la fermeture des rangs, les colonies de pucerons noirs peuvent continuer \u00e0 se d\u00e9velopper et provoquer un ralentissement de la croissance. Nous recommandons donc de continuer \u00e0 suivre attentivement les parcelles de betteraves, en portant une attention particuli\u00e8re aux colonies de pucerons noirs, m\u00eame \u00e0 ce stade de la saison. Lorsqu\u2019on observe des d\u00e9formations foliaires marqu\u00e9es et des plantes affaiblies par une forte pr\u00e9sence de pucerons, une intervention est pleinement justifi\u00e9e.<\/p>\n<p>\u00a0<\/p>\n<p>La carte avec la pression des pucerons (pucerons verts) est disponible ici : <a href=\"https:\/\/www.google.com\/maps\/d\/edit?mid=1mvuX3LDjXMTqfcCmTqUfNI3O3H-v_Fk&amp;usp=sharing\">Carte pression des pucerons<\/a><\/p>\n","protected":false},"excerpt":{"rendered":"<p>Ces derniers jours, nous recevons un nombre croissant de signalements concernant des parcelles de betteraves sucri\u00e8res o\u00f9 des colonies de pucerons noirs (Aphis fabae) commencent \u00e0 se d\u00e9velopper activement. Cette augmentation reste toutefois tr\u00e8s localis\u00e9e : tous les champs ne sont pas touch\u00e9s, et la pression parasitaire varie consid\u00e9rablement d\u2019une parcelle \u00e0 l\u2019autre. \u00a0 La [&hellip;]<\/p>\n","protected":false},"author":3,"featured_media":26680,"comment_status":"closed","ping_status":"open","sticky":false,"template":"","format":"standard","meta":{"iawp_total_views":8,"footnotes":""},"categories":[2,129,222],"tags":[243],"class_list":["post-26682","post","type-post","status-publish","format-standard","has-post-thumbnail","hentry","category-betterave","category-protection-des-plantes","category-ravageurs","tag-messages"],"yoast_head":"<!-- This site is optimized with the Yoast SEO plugin v27.5 - https:\/\/yoast.com\/product\/yoast-seo-wordpress\/ -->\n<title>Ravageurs\u00a0: Evolution des pucerons noirs - IRBAB-KBIVB<\/title>\n<meta name=\"robots\" content=\"index, follow, max-snippet:-1, max-image-preview:large, max-video-preview:-1\" \/>\n<link rel=\"canonical\" href=\"https:\/\/www.irbab-kbivb.be\/fr\/ravageurs-evolution-des-pucerons-noirs\/\" \/>\n<meta property=\"og:locale\" content=\"fr_FR\" \/>\n<meta property=\"og:type\" content=\"article\" \/>\n<meta property=\"og:title\" content=\"Ravageurs\u00a0: Evolution des pucerons noirs - IRBAB-KBIVB\" \/>\n<meta property=\"og:description\" content=\"Ces derniers jours, nous recevons un nombre croissant de signalements concernant des parcelles de betteraves sucri\u00e8res o\u00f9 des colonies de pucerons noirs (Aphis fabae) commencent \u00e0 se d\u00e9velopper activement. Cette augmentation reste toutefois tr\u00e8s localis\u00e9e : tous les champs ne sont pas touch\u00e9s, et la pression parasitaire varie consid\u00e9rablement d\u2019une parcelle \u00e0 l\u2019autre. \u00a0 La [&hellip;]\" \/>\n<meta property=\"og:url\" content=\"https:\/\/www.irbab-kbivb.be\/fr\/ravageurs-evolution-des-pucerons-noirs\/\" \/>\n<meta property=\"og:site_name\" content=\"IRBAB-KBIVB\" \/>\n<meta property=\"article:published_time\" content=\"2025-06-13T10:12:01+00:00\" \/>\n<meta property=\"article:modified_time\" content=\"2025-06-13T10:12:06+00:00\" \/>\n<meta property=\"og:image\" content=\"https:\/\/www.irbab-kbivb.be\/wp-content\/uploads\/2025\/06\/Afbeelding-zwarte-bladluizen-13-06-2025.jpg\" \/>\n\t<meta property=\"og:image:width\" content=\"1024\" \/>\n\t<meta property=\"og:image:height\" content=\"768\" \/>\n\t<meta property=\"og:image:type\" content=\"image\/jpeg\" \/>\n<meta name=\"author\" content=\"Marion\" \/>\n<meta name=\"twitter:card\" content=\"summary_large_image\" \/>\n<meta name=\"twitter:label1\" content=\"\u00c9crit par\" \/>\n\t<meta name=\"twitter:data1\" content=\"Marion\" \/>\n\t<meta name=\"twitter:label2\" content=\"Dur\u00e9e de lecture estim\u00e9e\" \/>\n\t<meta name=\"twitter:data2\" content=\"2 minutes\" \/>\n<script type=\"application\/ld+json\" class=\"yoast-schema-graph\">{\"@context\":\"https:\\\/\\\/schema.org\",\"@graph\":[{\"@type\":\"Article\",\"@id\":\"https:\\\/\\\/www.irbab-kbivb.be\\\/fr\\\/ravageurs-evolution-des-pucerons-noirs\\\/#article\",\"isPartOf\":{\"@id\":\"https:\\\/\\\/www.irbab-kbivb.be\\\/fr\\\/ravageurs-evolution-des-pucerons-noirs\\\/\"},\"author\":{\"name\":\"Marion\",\"@id\":\"https:\\\/\\\/www.irbab-kbivb.be\\\/#\\\/schema\\\/person\\\/dad6fe34d3ac93cce3720797f132a2e5\"},\"headline\":\"Ravageurs\u00a0: Evolution des pucerons noirs\",\"datePublished\":\"2025-06-13T10:12:01+00:00\",\"dateModified\":\"2025-06-13T10:12:06+00:00\",\"mainEntityOfPage\":{\"@id\":\"https:\\\/\\\/www.irbab-kbivb.be\\\/fr\\\/ravageurs-evolution-des-pucerons-noirs\\\/\"},\"wordCount\":304,\"image\":{\"@id\":\"https:\\\/\\\/www.irbab-kbivb.be\\\/fr\\\/ravageurs-evolution-des-pucerons-noirs\\\/#primaryimage\"},\"thumbnailUrl\":\"https:\\\/\\\/www.irbab-kbivb.be\\\/wp-content\\\/uploads\\\/2025\\\/06\\\/Afbeelding-zwarte-bladluizen-13-06-2025.jpg\",\"keywords\":[\"Messages\"],\"articleSection\":[\"Betterave\",\"Protection des plantes\",\"Ravageurs\"],\"inLanguage\":\"fr-FR\"},{\"@type\":\"WebPage\",\"@id\":\"https:\\\/\\\/www.irbab-kbivb.be\\\/fr\\\/ravageurs-evolution-des-pucerons-noirs\\\/\",\"url\":\"https:\\\/\\\/www.irbab-kbivb.be\\\/fr\\\/ravageurs-evolution-des-pucerons-noirs\\\/\",\"name\":\"Ravageurs\u00a0: Evolution des pucerons noirs - IRBAB-KBIVB\",\"isPartOf\":{\"@id\":\"https:\\\/\\\/www.irbab-kbivb.be\\\/#website\"},\"primaryImageOfPage\":{\"@id\":\"https:\\\/\\\/www.irbab-kbivb.be\\\/fr\\\/ravageurs-evolution-des-pucerons-noirs\\\/#primaryimage\"},\"image\":{\"@id\":\"https:\\\/\\\/www.irbab-kbivb.be\\\/fr\\\/ravageurs-evolution-des-pucerons-noirs\\\/#primaryimage\"},\"thumbnailUrl\":\"https:\\\/\\\/www.irbab-kbivb.be\\\/wp-content\\\/uploads\\\/2025\\\/06\\\/Afbeelding-zwarte-bladluizen-13-06-2025.jpg\",\"datePublished\":\"2025-06-13T10:12:01+00:00\",\"dateModified\":\"2025-06-13T10:12:06+00:00\",\"author\":{\"@id\":\"https:\\\/\\\/www.irbab-kbivb.be\\\/#\\\/schema\\\/person\\\/dad6fe34d3ac93cce3720797f132a2e5\"},\"breadcrumb\":{\"@id\":\"https:\\\/\\\/www.irbab-kbivb.be\\\/fr\\\/ravageurs-evolution-des-pucerons-noirs\\\/#breadcrumb\"},\"inLanguage\":\"fr-FR\",\"potentialAction\":[{\"@type\":\"ReadAction\",\"target\":[\"https:\\\/\\\/www.irbab-kbivb.be\\\/fr\\\/ravageurs-evolution-des-pucerons-noirs\\\/\"]}]},{\"@type\":\"ImageObject\",\"inLanguage\":\"fr-FR\",\"@id\":\"https:\\\/\\\/www.irbab-kbivb.be\\\/fr\\\/ravageurs-evolution-des-pucerons-noirs\\\/#primaryimage\",\"url\":\"https:\\\/\\\/www.irbab-kbivb.be\\\/wp-content\\\/uploads\\\/2025\\\/06\\\/Afbeelding-zwarte-bladluizen-13-06-2025.jpg\",\"contentUrl\":\"https:\\\/\\\/www.irbab-kbivb.be\\\/wp-content\\\/uploads\\\/2025\\\/06\\\/Afbeelding-zwarte-bladluizen-13-06-2025.jpg\",\"width\":1024,\"height\":768},{\"@type\":\"BreadcrumbList\",\"@id\":\"https:\\\/\\\/www.irbab-kbivb.be\\\/fr\\\/ravageurs-evolution-des-pucerons-noirs\\\/#breadcrumb\",\"itemListElement\":[{\"@type\":\"ListItem\",\"position\":1,\"name\":\"Home\",\"item\":\"https:\\\/\\\/www.irbab-kbivb.be\\\/fr\\\/\"},{\"@type\":\"ListItem\",\"position\":2,\"name\":\"Bieten\",\"item\":\"https:\\\/\\\/www.irbab-kbivb.be\\\/category\\\/bieten\\\/\"},{\"@type\":\"ListItem\",\"position\":3,\"name\":\"Ravageurs\u00a0: Evolution des pucerons noirs\"}]},{\"@type\":\"WebSite\",\"@id\":\"https:\\\/\\\/www.irbab-kbivb.be\\\/#website\",\"url\":\"https:\\\/\\\/www.irbab-kbivb.be\\\/\",\"name\":\"IRBAB-KBIVB\",\"description\":\"Koninklijk Belgisch Instituut tot Verbetering van de Biet vzw | Institut Royal Belge pour l&#039;Am\u00e9lioration de la Betterave asbl\",\"potentialAction\":[{\"@type\":\"SearchAction\",\"target\":{\"@type\":\"EntryPoint\",\"urlTemplate\":\"https:\\\/\\\/www.irbab-kbivb.be\\\/?s={search_term_string}\"},\"query-input\":{\"@type\":\"PropertyValueSpecification\",\"valueRequired\":true,\"valueName\":\"search_term_string\"}}],\"inLanguage\":\"fr-FR\"},{\"@type\":\"Person\",\"@id\":\"https:\\\/\\\/www.irbab-kbivb.be\\\/#\\\/schema\\\/person\\\/dad6fe34d3ac93cce3720797f132a2e5\",\"name\":\"Marion\",\"image\":{\"@type\":\"ImageObject\",\"inLanguage\":\"fr-FR\",\"@id\":\"https:\\\/\\\/secure.gravatar.com\\\/avatar\\\/05aacf3b7aaf804eb748ec4466641d1174d8526a14e65b425d918689da98856a?s=96&d=mm&r=g\",\"url\":\"https:\\\/\\\/secure.gravatar.com\\\/avatar\\\/05aacf3b7aaf804eb748ec4466641d1174d8526a14e65b425d918689da98856a?s=96&d=mm&r=g\",\"contentUrl\":\"https:\\\/\\\/secure.gravatar.com\\\/avatar\\\/05aacf3b7aaf804eb748ec4466641d1174d8526a14e65b425d918689da98856a?s=96&d=mm&r=g\",\"caption\":\"Marion\"},\"url\":\"https:\\\/\\\/www.irbab-kbivb.be\\\/fr\\\/author\\\/anja\\\/\"}]}<\/script>\n<!-- \/ Yoast SEO plugin. -->","yoast_head_json":{"title":"Ravageurs\u00a0: Evolution des pucerons noirs - IRBAB-KBIVB","robots":{"index":"index","follow":"follow","max-snippet":"max-snippet:-1","max-image-preview":"max-image-preview:large","max-video-preview":"max-video-preview:-1"},"canonical":"https:\/\/www.irbab-kbivb.be\/fr\/ravageurs-evolution-des-pucerons-noirs\/","og_locale":"fr_FR","og_type":"article","og_title":"Ravageurs\u00a0: Evolution des pucerons noirs - IRBAB-KBIVB","og_description":"Ces derniers jours, nous recevons un nombre croissant de signalements concernant des parcelles de betteraves sucri\u00e8res o\u00f9 des colonies de pucerons noirs (Aphis fabae) commencent \u00e0 se d\u00e9velopper activement. Cette augmentation reste toutefois tr\u00e8s localis\u00e9e : tous les champs ne sont pas touch\u00e9s, et la pression parasitaire varie consid\u00e9rablement d\u2019une parcelle \u00e0 l\u2019autre. \u00a0 La [&hellip;]","og_url":"https:\/\/www.irbab-kbivb.be\/fr\/ravageurs-evolution-des-pucerons-noirs\/","og_site_name":"IRBAB-KBIVB","article_published_time":"2025-06-13T10:12:01+00:00","article_modified_time":"2025-06-13T10:12:06+00:00","og_image":[{"width":1024,"height":768,"url":"https:\/\/www.irbab-kbivb.be\/wp-content\/uploads\/2025\/06\/Afbeelding-zwarte-bladluizen-13-06-2025.jpg","type":"image\/jpeg"}],"author":"Marion","twitter_card":"summary_large_image","twitter_misc":{"\u00c9crit par":"Marion","Dur\u00e9e de lecture estim\u00e9e":"2 minutes"},"schema":{"@context":"https:\/\/schema.org","@graph":[{"@type":"Article","@id":"https:\/\/www.irbab-kbivb.be\/fr\/ravageurs-evolution-des-pucerons-noirs\/#article","isPartOf":{"@id":"https:\/\/www.irbab-kbivb.be\/fr\/ravageurs-evolution-des-pucerons-noirs\/"},"author":{"name":"Marion","@id":"https:\/\/www.irbab-kbivb.be\/#\/schema\/person\/dad6fe34d3ac93cce3720797f132a2e5"},"headline":"Ravageurs\u00a0: Evolution des pucerons noirs","datePublished":"2025-06-13T10:12:01+00:00","dateModified":"2025-06-13T10:12:06+00:00","mainEntityOfPage":{"@id":"https:\/\/www.irbab-kbivb.be\/fr\/ravageurs-evolution-des-pucerons-noirs\/"},"wordCount":304,"image":{"@id":"https:\/\/www.irbab-kbivb.be\/fr\/ravageurs-evolution-des-pucerons-noirs\/#primaryimage"},"thumbnailUrl":"https:\/\/www.irbab-kbivb.be\/wp-content\/uploads\/2025\/06\/Afbeelding-zwarte-bladluizen-13-06-2025.jpg","keywords":["Messages"],"articleSection":["Betterave","Protection des plantes","Ravageurs"],"inLanguage":"fr-FR"},{"@type":"WebPage","@id":"https:\/\/www.irbab-kbivb.be\/fr\/ravageurs-evolution-des-pucerons-noirs\/","url":"https:\/\/www.irbab-kbivb.be\/fr\/ravageurs-evolution-des-pucerons-noirs\/","name":"Ravageurs\u00a0: Evolution des pucerons noirs - IRBAB-KBIVB","isPartOf":{"@id":"https:\/\/www.irbab-kbivb.be\/#website"},"primaryImageOfPage":{"@id":"https:\/\/www.irbab-kbivb.be\/fr\/ravageurs-evolution-des-pucerons-noirs\/#primaryimage"},"image":{"@id":"https:\/\/www.irbab-kbivb.be\/fr\/ravageurs-evolution-des-pucerons-noirs\/#primaryimage"},"thumbnailUrl":"https:\/\/www.irbab-kbivb.be\/wp-content\/uploads\/2025\/06\/Afbeelding-zwarte-bladluizen-13-06-2025.jpg","datePublished":"2025-06-13T10:12:01+00:00","dateModified":"2025-06-13T10:12:06+00:00","author":{"@id":"https:\/\/www.irbab-kbivb.be\/#\/schema\/person\/dad6fe34d3ac93cce3720797f132a2e5"},"breadcrumb":{"@id":"https:\/\/www.irbab-kbivb.be\/fr\/ravageurs-evolution-des-pucerons-noirs\/#breadcrumb"},"inLanguage":"fr-FR","potentialAction":[{"@type":"ReadAction","target":["https:\/\/www.irbab-kbivb.be\/fr\/ravageurs-evolution-des-pucerons-noirs\/"]}]},{"@type":"ImageObject","inLanguage":"fr-FR","@id":"https:\/\/www.irbab-kbivb.be\/fr\/ravageurs-evolution-des-pucerons-noirs\/#primaryimage","url":"https:\/\/www.irbab-kbivb.be\/wp-content\/uploads\/2025\/06\/Afbeelding-zwarte-bladluizen-13-06-2025.jpg","contentUrl":"https:\/\/www.irbab-kbivb.be\/wp-content\/uploads\/2025\/06\/Afbeelding-zwarte-bladluizen-13-06-2025.jpg","width":1024,"height":768},{"@type":"BreadcrumbList","@id":"https:\/\/www.irbab-kbivb.be\/fr\/ravageurs-evolution-des-pucerons-noirs\/#breadcrumb","itemListElement":[{"@type":"ListItem","position":1,"name":"Home","item":"https:\/\/www.irbab-kbivb.be\/fr\/"},{"@type":"ListItem","position":2,"name":"Bieten","item":"https:\/\/www.irbab-kbivb.be\/category\/bieten\/"},{"@type":"ListItem","position":3,"name":"Ravageurs\u00a0: Evolution des pucerons noirs"}]},{"@type":"WebSite","@id":"https:\/\/www.irbab-kbivb.be\/#website","url":"https:\/\/www.irbab-kbivb.be\/","name":"IRBAB-KBIVB","description":"Koninklijk Belgisch Instituut tot Verbetering van de Biet vzw | Institut Royal Belge pour l&#039;Am\u00e9lioration de la Betterave asbl","potentialAction":[{"@type":"SearchAction","target":{"@type":"EntryPoint","urlTemplate":"https:\/\/www.irbab-kbivb.be\/?s={search_term_string}"},"query-input":{"@type":"PropertyValueSpecification","valueRequired":true,"valueName":"search_term_string"}}],"inLanguage":"fr-FR"},{"@type":"Person","@id":"https:\/\/www.irbab-kbivb.be\/#\/schema\/person\/dad6fe34d3ac93cce3720797f132a2e5","name":"Marion","image":{"@type":"ImageObject","inLanguage":"fr-FR","@id":"https:\/\/secure.gravatar.com\/avatar\/05aacf3b7aaf804eb748ec4466641d1174d8526a14e65b425d918689da98856a?s=96&d=mm&r=g","url":"https:\/\/secure.gravatar.com\/avatar\/05aacf3b7aaf804eb748ec4466641d1174d8526a14e65b425d918689da98856a?s=96&d=mm&r=g","contentUrl":"https:\/\/secure.gravatar.com\/avatar\/05aacf3b7aaf804eb748ec4466641d1174d8526a14e65b425d918689da98856a?s=96&d=mm&r=g","caption":"Marion"},"url":"https:\/\/www.irbab-kbivb.be\/fr\/author\/anja\/"}]}},"_links":{"self":[{"href":"https:\/\/www.irbab-kbivb.be\/fr\/wp-json\/wp\/v2\/posts\/26682","targetHints":{"allow":["GET"]}}],"collection":[{"href":"https:\/\/www.irbab-kbivb.be\/fr\/wp-json\/wp\/v2\/posts"}],"about":[{"href":"https:\/\/www.irbab-kbivb.be\/fr\/wp-json\/wp\/v2\/types\/post"}],"author":[{"embeddable":true,"href":"https:\/\/www.irbab-kbivb.be\/fr\/wp-json\/wp\/v2\/users\/3"}],"replies":[{"embeddable":true,"href":"https:\/\/www.irbab-kbivb.be\/fr\/wp-json\/wp\/v2\/comments?post=26682"}],"version-history":[{"count":1,"href":"https:\/\/www.irbab-kbivb.be\/fr\/wp-json\/wp\/v2\/posts\/26682\/revisions"}],"predecessor-version":[{"id":26683,"href":"https:\/\/www.irbab-kbivb.be\/fr\/wp-json\/wp\/v2\/posts\/26682\/revisions\/26683"}],"wp:featuredmedia":[{"embeddable":true,"href":"https:\/\/www.irbab-kbivb.be\/fr\/wp-json\/wp\/v2\/media\/26680"}],"wp:attachment":[{"href":"https:\/\/www.irbab-kbivb.be\/fr\/wp-json\/wp\/v2\/media?parent=26682"}],"wp:term":[{"taxonomy":"category","embeddable":true,"href":"https:\/\/www.irbab-kbivb.be\/fr\/wp-json\/wp\/v2\/categories?post=26682"},{"taxonomy":"post_tag","embeddable":true,"href":"https:\/\/www.irbab-kbivb.be\/fr\/wp-json\/wp\/v2\/tags?post=26682"}],"curies":[{"name":"wp","href":"https:\/\/api.w.org\/{rel}","templated":true}]}}