{"id":26656,"date":"2025-06-12T10:52:30","date_gmt":"2025-06-12T08:52:30","guid":{"rendered":"https:\/\/www.irbab-kbivb.be\/?p=26656"},"modified":"2025-06-12T10:52:33","modified_gmt":"2025-06-12T08:52:33","slug":"invitation-college-des-producteurs","status":"publish","type":"post","link":"https:\/\/www.irbab-kbivb.be\/fr\/invitation-college-des-producteurs\/","title":{"rendered":"Invitation Coll\u00e8ge des Producteurs"},"content":{"rendered":"\n<p><a href=\"https:\/\/www.irbab-kbivb.be\/wp-content\/uploads\/2025\/06\/12-06-2025.png\"><img loading=\"lazy\" decoding=\"async\" class=\"rounded wp-image-26653 size-medium aligncenter\" src=\"https:\/\/www.irbab-kbivb.be\/wp-content\/uploads\/2025\/06\/12-06-2025-300x159.png\" alt=\"\" width=\"300\" height=\"159\" srcset=\"https:\/\/www.irbab-kbivb.be\/wp-content\/uploads\/2025\/06\/12-06-2025-300x159.png 300w, https:\/\/www.irbab-kbivb.be\/wp-content\/uploads\/2025\/06\/12-06-2025.png 560w\" sizes=\"auto, (max-width: 300px) 100vw, 300px\" \/><\/a>Le Coll\u00e8ge des Producteurs vous invite \u00e0 son Assembl\u00e9e sectorielle Grandes Cultures et Pommes de Terre, le <strong><u>lundi 16 juin \u00e0 19 heures,<\/u><\/strong> sur le th\u00e8me \u00ab\u00a0Carbon farming\u00a0: quelles opportunit\u00e9s en Wallonie.\u00a0\u00bb<\/p>\n<p>Cette r\u00e9union a pour objectif de vous permettre de vous forger votre propre opinion sur les enjeux et les perspectives du &#8220;business du carbone&#8221; dans le secteur des grandes cultures.<\/p>\n<p>Vous trouverez tous les d\u00e9tails dans cette<a href=\"https:\/\/www.irbab-kbivb.be\/wp-content\/uploads\/2025\/06\/Invitation-detaillee-2025-06-16_compressed.pdf\"><strong> <u>invitation<\/u><\/strong><\/a><\/p>\n<p><strong>Quand\u00a0: 16 juin \u00e0 19 heures<\/strong><\/p>\n<p><strong>O\u00f9\u00a0: Atrium de la Coop\u00e9rative Agricole, Rue de Sart-Dames-Avelines 8a, 6210 Les Bons Villers<\/strong><\/p>\n<p>Merci de confirmer votre pr\u00e9sence\u00a0<br \/>En remplissant le <a href=\"https:\/\/4u9c7.r.bh.d.sendibt3.com\/mk\/cl\/f\/sh\/6rqJfgqBpdQZRU6N1lyfw42AlLG\/6WPDGL8SFh8n\">formulaire ici\u00a0<\/a><br \/>Ou par email \u00e0 :<a href=\"https:\/\/4u9c7.r.bh.d.sendibt3.com\/mk\/cl\/f\/sh\/6rqJfgqBpdQZRU6N1lyfw42AlLG\/jlAApxsYtcC1\"> julien.beuvemery@collegedesproducteurs.be<\/a><br \/>Ou par t\u00e9l\u00e9phone au : 081 240 430<\/p>\n","protected":false},"excerpt":{"rendered":"<p>Le Coll\u00e8ge des Producteurs vous invite \u00e0 son Assembl\u00e9e sectorielle Grandes Cultures et Pommes de Terre, le lundi 16 juin \u00e0 19 heures, sur le th\u00e8me \u00ab\u00a0Carbon farming\u00a0: quelles opportunit\u00e9s en Wallonie.\u00a0\u00bb Cette r\u00e9union a pour objectif de vous permettre de vous forger votre propre opinion sur les enjeux et les perspectives du &#8220;business du [&hellip;]<\/p>\n","protected":false},"author":3,"featured_media":26653,"comment_status":"closed","ping_status":"open","sticky":false,"template":"","format":"standard","meta":{"iawp_total_views":0,"footnotes":""},"categories":[135],"tags":[243],"class_list":["post-26656","post","type-post","status-publish","format-standard","has-post-thumbnail","hentry","category-sol","tag-messages"],"yoast_head":"<!-- This site is optimized with the Yoast SEO plugin v27.5 - https:\/\/yoast.com\/product\/yoast-seo-wordpress\/ -->\n<title>Invitation Coll\u00e8ge des Producteurs - IRBAB-KBIVB<\/title>\n<meta name=\"robots\" content=\"index, follow, max-snippet:-1, max-image-preview:large, max-video-preview:-1\" \/>\n<link rel=\"canonical\" href=\"https:\/\/www.irbab-kbivb.be\/fr\/invitation-college-des-producteurs\/\" \/>\n<meta property=\"og:locale\" content=\"fr_FR\" \/>\n<meta property=\"og:type\" content=\"article\" \/>\n<meta property=\"og:title\" content=\"Invitation Coll\u00e8ge des Producteurs - IRBAB-KBIVB\" \/>\n<meta property=\"og:description\" content=\"Le Coll\u00e8ge des Producteurs vous invite \u00e0 son Assembl\u00e9e sectorielle Grandes Cultures et Pommes de Terre, le lundi 16 juin \u00e0 19 heures, sur le th\u00e8me \u00ab\u00a0Carbon farming\u00a0: quelles opportunit\u00e9s en Wallonie.\u00a0\u00bb Cette r\u00e9union a pour objectif de vous permettre de vous forger votre propre opinion sur les enjeux et les perspectives du &#8220;business du [&hellip;]\" \/>\n<meta property=\"og:url\" content=\"https:\/\/www.irbab-kbivb.be\/fr\/invitation-college-des-producteurs\/\" \/>\n<meta property=\"og:site_name\" content=\"IRBAB-KBIVB\" \/>\n<meta property=\"article:published_time\" content=\"2025-06-12T08:52:30+00:00\" \/>\n<meta property=\"article:modified_time\" content=\"2025-06-12T08:52:33+00:00\" \/>\n<meta property=\"og:image\" content=\"https:\/\/www.irbab-kbivb.be\/wp-content\/uploads\/2025\/06\/12-06-2025.png\" \/>\n\t<meta property=\"og:image:width\" content=\"560\" \/>\n\t<meta property=\"og:image:height\" content=\"297\" \/>\n\t<meta property=\"og:image:type\" content=\"image\/png\" \/>\n<meta name=\"author\" content=\"Marion\" \/>\n<meta name=\"twitter:card\" content=\"summary_large_image\" \/>\n<meta name=\"twitter:label1\" content=\"\u00c9crit par\" \/>\n\t<meta name=\"twitter:data1\" content=\"Marion\" \/>\n\t<meta name=\"twitter:label2\" content=\"Dur\u00e9e de lecture estim\u00e9e\" \/>\n\t<meta name=\"twitter:data2\" content=\"1 minute\" \/>\n<script type=\"application\/ld+json\" class=\"yoast-schema-graph\">{\"@context\":\"https:\\\/\\\/schema.org\",\"@graph\":[{\"@type\":\"Article\",\"@id\":\"https:\\\/\\\/www.irbab-kbivb.be\\\/fr\\\/invitation-college-des-producteurs\\\/#article\",\"isPartOf\":{\"@id\":\"https:\\\/\\\/www.irbab-kbivb.be\\\/fr\\\/invitation-college-des-producteurs\\\/\"},\"author\":{\"name\":\"Marion\",\"@id\":\"https:\\\/\\\/www.irbab-kbivb.be\\\/#\\\/schema\\\/person\\\/dad6fe34d3ac93cce3720797f132a2e5\"},\"headline\":\"Invitation Coll\u00e8ge des Producteurs\",\"datePublished\":\"2025-06-12T08:52:30+00:00\",\"dateModified\":\"2025-06-12T08:52:33+00:00\",\"mainEntityOfPage\":{\"@id\":\"https:\\\/\\\/www.irbab-kbivb.be\\\/fr\\\/invitation-college-des-producteurs\\\/\"},\"wordCount\":118,\"image\":{\"@id\":\"https:\\\/\\\/www.irbab-kbivb.be\\\/fr\\\/invitation-college-des-producteurs\\\/#primaryimage\"},\"thumbnailUrl\":\"https:\\\/\\\/www.irbab-kbivb.be\\\/wp-content\\\/uploads\\\/2025\\\/06\\\/12-06-2025.png\",\"keywords\":[\"Messages\"],\"articleSection\":[\"Sol\"],\"inLanguage\":\"fr-FR\"},{\"@type\":\"WebPage\",\"@id\":\"https:\\\/\\\/www.irbab-kbivb.be\\\/fr\\\/invitation-college-des-producteurs\\\/\",\"url\":\"https:\\\/\\\/www.irbab-kbivb.be\\\/fr\\\/invitation-college-des-producteurs\\\/\",\"name\":\"Invitation Coll\u00e8ge des Producteurs - IRBAB-KBIVB\",\"isPartOf\":{\"@id\":\"https:\\\/\\\/www.irbab-kbivb.be\\\/#website\"},\"primaryImageOfPage\":{\"@id\":\"https:\\\/\\\/www.irbab-kbivb.be\\\/fr\\\/invitation-college-des-producteurs\\\/#primaryimage\"},\"image\":{\"@id\":\"https:\\\/\\\/www.irbab-kbivb.be\\\/fr\\\/invitation-college-des-producteurs\\\/#primaryimage\"},\"thumbnailUrl\":\"https:\\\/\\\/www.irbab-kbivb.be\\\/wp-content\\\/uploads\\\/2025\\\/06\\\/12-06-2025.png\",\"datePublished\":\"2025-06-12T08:52:30+00:00\",\"dateModified\":\"2025-06-12T08:52:33+00:00\",\"author\":{\"@id\":\"https:\\\/\\\/www.irbab-kbivb.be\\\/#\\\/schema\\\/person\\\/dad6fe34d3ac93cce3720797f132a2e5\"},\"breadcrumb\":{\"@id\":\"https:\\\/\\\/www.irbab-kbivb.be\\\/fr\\\/invitation-college-des-producteurs\\\/#breadcrumb\"},\"inLanguage\":\"fr-FR\",\"potentialAction\":[{\"@type\":\"ReadAction\",\"target\":[\"https:\\\/\\\/www.irbab-kbivb.be\\\/fr\\\/invitation-college-des-producteurs\\\/\"]}]},{\"@type\":\"ImageObject\",\"inLanguage\":\"fr-FR\",\"@id\":\"https:\\\/\\\/www.irbab-kbivb.be\\\/fr\\\/invitation-college-des-producteurs\\\/#primaryimage\",\"url\":\"https:\\\/\\\/www.irbab-kbivb.be\\\/wp-content\\\/uploads\\\/2025\\\/06\\\/12-06-2025.png\",\"contentUrl\":\"https:\\\/\\\/www.irbab-kbivb.be\\\/wp-content\\\/uploads\\\/2025\\\/06\\\/12-06-2025.png\",\"width\":560,\"height\":297},{\"@type\":\"BreadcrumbList\",\"@id\":\"https:\\\/\\\/www.irbab-kbivb.be\\\/fr\\\/invitation-college-des-producteurs\\\/#breadcrumb\",\"itemListElement\":[{\"@type\":\"ListItem\",\"position\":1,\"name\":\"Home\",\"item\":\"https:\\\/\\\/www.irbab-kbivb.be\\\/fr\\\/\"},{\"@type\":\"ListItem\",\"position\":2,\"name\":\"Betterave\",\"item\":\"https:\\\/\\\/www.irbab-kbivb.be\\\/fr\\\/category\\\/betterave\\\/\"},{\"@type\":\"ListItem\",\"position\":3,\"name\":\"Sol\",\"item\":\"https:\\\/\\\/www.irbab-kbivb.be\\\/fr\\\/category\\\/betterave\\\/sol\\\/\"},{\"@type\":\"ListItem\",\"position\":4,\"name\":\"Invitation Coll\u00e8ge des Producteurs\"}]},{\"@type\":\"WebSite\",\"@id\":\"https:\\\/\\\/www.irbab-kbivb.be\\\/#website\",\"url\":\"https:\\\/\\\/www.irbab-kbivb.be\\\/\",\"name\":\"IRBAB-KBIVB\",\"description\":\"Koninklijk Belgisch Instituut tot Verbetering van de Biet vzw | Institut Royal Belge pour l&#039;Am\u00e9lioration de la Betterave asbl\",\"potentialAction\":[{\"@type\":\"SearchAction\",\"target\":{\"@type\":\"EntryPoint\",\"urlTemplate\":\"https:\\\/\\\/www.irbab-kbivb.be\\\/?s={search_term_string}\"},\"query-input\":{\"@type\":\"PropertyValueSpecification\",\"valueRequired\":true,\"valueName\":\"search_term_string\"}}],\"inLanguage\":\"fr-FR\"},{\"@type\":\"Person\",\"@id\":\"https:\\\/\\\/www.irbab-kbivb.be\\\/#\\\/schema\\\/person\\\/dad6fe34d3ac93cce3720797f132a2e5\",\"name\":\"Marion\",\"image\":{\"@type\":\"ImageObject\",\"inLanguage\":\"fr-FR\",\"@id\":\"https:\\\/\\\/secure.gravatar.com\\\/avatar\\\/05aacf3b7aaf804eb748ec4466641d1174d8526a14e65b425d918689da98856a?s=96&d=mm&r=g\",\"url\":\"https:\\\/\\\/secure.gravatar.com\\\/avatar\\\/05aacf3b7aaf804eb748ec4466641d1174d8526a14e65b425d918689da98856a?s=96&d=mm&r=g\",\"contentUrl\":\"https:\\\/\\\/secure.gravatar.com\\\/avatar\\\/05aacf3b7aaf804eb748ec4466641d1174d8526a14e65b425d918689da98856a?s=96&d=mm&r=g\",\"caption\":\"Marion\"},\"url\":\"https:\\\/\\\/www.irbab-kbivb.be\\\/fr\\\/author\\\/anja\\\/\"}]}<\/script>\n<!-- \/ Yoast SEO plugin. -->","yoast_head_json":{"title":"Invitation Coll\u00e8ge des Producteurs - IRBAB-KBIVB","robots":{"index":"index","follow":"follow","max-snippet":"max-snippet:-1","max-image-preview":"max-image-preview:large","max-video-preview":"max-video-preview:-1"},"canonical":"https:\/\/www.irbab-kbivb.be\/fr\/invitation-college-des-producteurs\/","og_locale":"fr_FR","og_type":"article","og_title":"Invitation Coll\u00e8ge des Producteurs - IRBAB-KBIVB","og_description":"Le Coll\u00e8ge des Producteurs vous invite \u00e0 son Assembl\u00e9e sectorielle Grandes Cultures et Pommes de Terre, le lundi 16 juin \u00e0 19 heures, sur le th\u00e8me \u00ab\u00a0Carbon farming\u00a0: quelles opportunit\u00e9s en Wallonie.\u00a0\u00bb Cette r\u00e9union a pour objectif de vous permettre de vous forger votre propre opinion sur les enjeux et les perspectives du &#8220;business du [&hellip;]","og_url":"https:\/\/www.irbab-kbivb.be\/fr\/invitation-college-des-producteurs\/","og_site_name":"IRBAB-KBIVB","article_published_time":"2025-06-12T08:52:30+00:00","article_modified_time":"2025-06-12T08:52:33+00:00","og_image":[{"width":560,"height":297,"url":"https:\/\/www.irbab-kbivb.be\/wp-content\/uploads\/2025\/06\/12-06-2025.png","type":"image\/png"}],"author":"Marion","twitter_card":"summary_large_image","twitter_misc":{"\u00c9crit par":"Marion","Dur\u00e9e de lecture estim\u00e9e":"1 minute"},"schema":{"@context":"https:\/\/schema.org","@graph":[{"@type":"Article","@id":"https:\/\/www.irbab-kbivb.be\/fr\/invitation-college-des-producteurs\/#article","isPartOf":{"@id":"https:\/\/www.irbab-kbivb.be\/fr\/invitation-college-des-producteurs\/"},"author":{"name":"Marion","@id":"https:\/\/www.irbab-kbivb.be\/#\/schema\/person\/dad6fe34d3ac93cce3720797f132a2e5"},"headline":"Invitation Coll\u00e8ge des Producteurs","datePublished":"2025-06-12T08:52:30+00:00","dateModified":"2025-06-12T08:52:33+00:00","mainEntityOfPage":{"@id":"https:\/\/www.irbab-kbivb.be\/fr\/invitation-college-des-producteurs\/"},"wordCount":118,"image":{"@id":"https:\/\/www.irbab-kbivb.be\/fr\/invitation-college-des-producteurs\/#primaryimage"},"thumbnailUrl":"https:\/\/www.irbab-kbivb.be\/wp-content\/uploads\/2025\/06\/12-06-2025.png","keywords":["Messages"],"articleSection":["Sol"],"inLanguage":"fr-FR"},{"@type":"WebPage","@id":"https:\/\/www.irbab-kbivb.be\/fr\/invitation-college-des-producteurs\/","url":"https:\/\/www.irbab-kbivb.be\/fr\/invitation-college-des-producteurs\/","name":"Invitation Coll\u00e8ge des Producteurs - IRBAB-KBIVB","isPartOf":{"@id":"https:\/\/www.irbab-kbivb.be\/#website"},"primaryImageOfPage":{"@id":"https:\/\/www.irbab-kbivb.be\/fr\/invitation-college-des-producteurs\/#primaryimage"},"image":{"@id":"https:\/\/www.irbab-kbivb.be\/fr\/invitation-college-des-producteurs\/#primaryimage"},"thumbnailUrl":"https:\/\/www.irbab-kbivb.be\/wp-content\/uploads\/2025\/06\/12-06-2025.png","datePublished":"2025-06-12T08:52:30+00:00","dateModified":"2025-06-12T08:52:33+00:00","author":{"@id":"https:\/\/www.irbab-kbivb.be\/#\/schema\/person\/dad6fe34d3ac93cce3720797f132a2e5"},"breadcrumb":{"@id":"https:\/\/www.irbab-kbivb.be\/fr\/invitation-college-des-producteurs\/#breadcrumb"},"inLanguage":"fr-FR","potentialAction":[{"@type":"ReadAction","target":["https:\/\/www.irbab-kbivb.be\/fr\/invitation-college-des-producteurs\/"]}]},{"@type":"ImageObject","inLanguage":"fr-FR","@id":"https:\/\/www.irbab-kbivb.be\/fr\/invitation-college-des-producteurs\/#primaryimage","url":"https:\/\/www.irbab-kbivb.be\/wp-content\/uploads\/2025\/06\/12-06-2025.png","contentUrl":"https:\/\/www.irbab-kbivb.be\/wp-content\/uploads\/2025\/06\/12-06-2025.png","width":560,"height":297},{"@type":"BreadcrumbList","@id":"https:\/\/www.irbab-kbivb.be\/fr\/invitation-college-des-producteurs\/#breadcrumb","itemListElement":[{"@type":"ListItem","position":1,"name":"Home","item":"https:\/\/www.irbab-kbivb.be\/fr\/"},{"@type":"ListItem","position":2,"name":"Betterave","item":"https:\/\/www.irbab-kbivb.be\/fr\/category\/betterave\/"},{"@type":"ListItem","position":3,"name":"Sol","item":"https:\/\/www.irbab-kbivb.be\/fr\/category\/betterave\/sol\/"},{"@type":"ListItem","position":4,"name":"Invitation Coll\u00e8ge des Producteurs"}]},{"@type":"WebSite","@id":"https:\/\/www.irbab-kbivb.be\/#website","url":"https:\/\/www.irbab-kbivb.be\/","name":"IRBAB-KBIVB","description":"Koninklijk Belgisch Instituut tot Verbetering van de Biet vzw | Institut Royal Belge pour l&#039;Am\u00e9lioration de la Betterave asbl","potentialAction":[{"@type":"SearchAction","target":{"@type":"EntryPoint","urlTemplate":"https:\/\/www.irbab-kbivb.be\/?s={search_term_string}"},"query-input":{"@type":"PropertyValueSpecification","valueRequired":true,"valueName":"search_term_string"}}],"inLanguage":"fr-FR"},{"@type":"Person","@id":"https:\/\/www.irbab-kbivb.be\/#\/schema\/person\/dad6fe34d3ac93cce3720797f132a2e5","name":"Marion","image":{"@type":"ImageObject","inLanguage":"fr-FR","@id":"https:\/\/secure.gravatar.com\/avatar\/05aacf3b7aaf804eb748ec4466641d1174d8526a14e65b425d918689da98856a?s=96&d=mm&r=g","url":"https:\/\/secure.gravatar.com\/avatar\/05aacf3b7aaf804eb748ec4466641d1174d8526a14e65b425d918689da98856a?s=96&d=mm&r=g","contentUrl":"https:\/\/secure.gravatar.com\/avatar\/05aacf3b7aaf804eb748ec4466641d1174d8526a14e65b425d918689da98856a?s=96&d=mm&r=g","caption":"Marion"},"url":"https:\/\/www.irbab-kbivb.be\/fr\/author\/anja\/"}]}},"_links":{"self":[{"href":"https:\/\/www.irbab-kbivb.be\/fr\/wp-json\/wp\/v2\/posts\/26656","targetHints":{"allow":["GET"]}}],"collection":[{"href":"https:\/\/www.irbab-kbivb.be\/fr\/wp-json\/wp\/v2\/posts"}],"about":[{"href":"https:\/\/www.irbab-kbivb.be\/fr\/wp-json\/wp\/v2\/types\/post"}],"author":[{"embeddable":true,"href":"https:\/\/www.irbab-kbivb.be\/fr\/wp-json\/wp\/v2\/users\/3"}],"replies":[{"embeddable":true,"href":"https:\/\/www.irbab-kbivb.be\/fr\/wp-json\/wp\/v2\/comments?post=26656"}],"version-history":[{"count":3,"href":"https:\/\/www.irbab-kbivb.be\/fr\/wp-json\/wp\/v2\/posts\/26656\/revisions"}],"predecessor-version":[{"id":26662,"href":"https:\/\/www.irbab-kbivb.be\/fr\/wp-json\/wp\/v2\/posts\/26656\/revisions\/26662"}],"wp:featuredmedia":[{"embeddable":true,"href":"https:\/\/www.irbab-kbivb.be\/fr\/wp-json\/wp\/v2\/media\/26653"}],"wp:attachment":[{"href":"https:\/\/www.irbab-kbivb.be\/fr\/wp-json\/wp\/v2\/media?parent=26656"}],"wp:term":[{"taxonomy":"category","embeddable":true,"href":"https:\/\/www.irbab-kbivb.be\/fr\/wp-json\/wp\/v2\/categories?post=26656"},{"taxonomy":"post_tag","embeddable":true,"href":"https:\/\/www.irbab-kbivb.be\/fr\/wp-json\/wp\/v2\/tags?post=26656"}],"curies":[{"name":"wp","href":"https:\/\/api.w.org\/{rel}","templated":true}]}}