{"id":23748,"date":"2023-09-07T15:27:25","date_gmt":"2023-09-07T13:27:25","guid":{"rendered":"https:\/\/www.irbab-kbivb.be\/?p=23748"},"modified":"2023-09-07T16:29:52","modified_gmt":"2023-09-07T14:29:52","slug":"maladies-foliaires-derniere-mise-a-jour-de-la-carte","status":"publish","type":"post","link":"https:\/\/www.irbab-kbivb.be\/fr\/maladies-foliaires-derniere-mise-a-jour-de-la-carte\/","title":{"rendered":"Maladies foliaires\u00a0\u2013 derni\u00e8re mise \u00e0 jour de la carte"},"content":{"rendered":"\n\n\n<p><a href=\"https:\/\/www.irbab-kbivb.be\/wp-content\/uploads\/2023\/09\/20230904_083408.jpg\"><img loading=\"lazy\" decoding=\"async\" class=\"rounded alignleft wp-image-23738 size-medium\" src=\"https:\/\/www.irbab-kbivb.be\/wp-content\/uploads\/2023\/09\/20230904_083408-300x197.jpg\" alt=\"\" width=\"300\" height=\"197\" srcset=\"https:\/\/www.irbab-kbivb.be\/wp-content\/uploads\/2023\/09\/20230904_083408-300x197.jpg 300w, https:\/\/www.irbab-kbivb.be\/wp-content\/uploads\/2023\/09\/20230904_083408-768x504.jpg 768w, https:\/\/www.irbab-kbivb.be\/wp-content\/uploads\/2023\/09\/20230904_083408-810x532.jpg 810w, https:\/\/www.irbab-kbivb.be\/wp-content\/uploads\/2023\/09\/20230904_083408.jpg 1024w\" sizes=\"auto, (max-width: 300px) 100vw, 300px\" \/><\/a><\/p>\n<p>La derni\u00e8re carte concernant les maladies foliaires vient d\u2019\u00eatre mise \u00e0 jour. Le pourcentage des parcelles ayant atteint le 2<sup>i\u00e8me<\/sup> seuil de cercosporiose s\u2019approche cette semaine des 80%. Il est \u00e9vident que cette maladie s\u2019est fortement d\u00e9velopp\u00e9e ces derni\u00e8res semaines.<\/p>\n<p>Si votre date d\u2019arrachage est pr\u00e9vue end\u00e9ans les 40 jours, aucun traitement n\u2019est recommand\u00e9 \u00e9tant donn\u00e9 que celui-ci est rarement rentabilis\u00e9, certainement si la vari\u00e9t\u00e9 choisie a une bonne tol\u00e9rance \u00e0 la cercosporiose. Dans le cas o\u00f9, l\u2019arrachage est tardif et que la vari\u00e9t\u00e9 est sensible, nous recommandons de continuer les observations et, si n\u00e9cessaire, de prot\u00e9ger la culture. Ceci est valable jusqu\u2019au 15 septembre.<\/p>\n<p>Depuis le 20\/8, les <strong>seuils<\/strong> de traitements sont :<\/p>\n<ul>\n<li><strong>Cercosporiose ou Ramulariose : 20 % de feuilles atteintes ;<\/strong><\/li>\n<li><strong>O\u00efdium ou Rouille : 30 % de feuilles atteintes.<\/strong><\/li>\n<\/ul>\n<p><strong>\u00a0<\/strong>Vous pouvez suivre l&#8217;\u00e9volution des maladies foliaires via <a href=\"https:\/\/www.irbab-kbivb.be\/fr\/cartographie-champs-dobservations\/juillet-aout-2023-problemes-sanitaires-signales-en-culture-betteraves\/\">la carte<\/a>.<\/p>\n<p>\u00a0<\/p>\n<p>\u00a0<\/p>\n<p>\u00a0<\/p>\n","protected":false},"excerpt":{"rendered":"<p>La derni\u00e8re carte concernant les maladies foliaires vient d\u2019\u00eatre mise \u00e0 jour. Le pourcentage des parcelles ayant atteint le 2i\u00e8me seuil de cercosporiose s\u2019approche cette semaine des 80%. Il est \u00e9vident que cette maladie s\u2019est fortement d\u00e9velopp\u00e9e ces derni\u00e8res semaines. Si votre date d\u2019arrachage est pr\u00e9vue end\u00e9ans les 40 jours, aucun traitement n\u2019est recommand\u00e9 \u00e9tant [&hellip;]<\/p>\n","protected":false},"author":3,"featured_media":23738,"comment_status":"closed","ping_status":"open","sticky":false,"template":"","format":"standard","meta":{"iawp_total_views":4,"footnotes":""},"categories":[2,221],"tags":[169,243],"class_list":["post-23748","post","type-post","status-publish","format-standard","has-post-thumbnail","hentry","category-betterave","category-maladies-foliaires","tag-articles-presentations","tag-messages"],"yoast_head":"<!-- This site is optimized with the Yoast SEO plugin v27.5 - https:\/\/yoast.com\/product\/yoast-seo-wordpress\/ -->\n<title>Maladies foliaires\u00a0\u2013 derni\u00e8re mise \u00e0 jour de la carte - IRBAB-KBIVB<\/title>\n<meta name=\"robots\" content=\"index, follow, max-snippet:-1, max-image-preview:large, max-video-preview:-1\" \/>\n<link rel=\"canonical\" href=\"https:\/\/www.irbab-kbivb.be\/fr\/maladies-foliaires-derniere-mise-a-jour-de-la-carte\/\" \/>\n<meta property=\"og:locale\" content=\"fr_FR\" \/>\n<meta property=\"og:type\" content=\"article\" \/>\n<meta property=\"og:title\" content=\"Maladies foliaires\u00a0\u2013 derni\u00e8re mise \u00e0 jour de la carte - IRBAB-KBIVB\" \/>\n<meta property=\"og:description\" content=\"La derni\u00e8re carte concernant les maladies foliaires vient d\u2019\u00eatre mise \u00e0 jour. Le pourcentage des parcelles ayant atteint le 2i\u00e8me seuil de cercosporiose s\u2019approche cette semaine des 80%. Il est \u00e9vident que cette maladie s\u2019est fortement d\u00e9velopp\u00e9e ces derni\u00e8res semaines. Si votre date d\u2019arrachage est pr\u00e9vue end\u00e9ans les 40 jours, aucun traitement n\u2019est recommand\u00e9 \u00e9tant [&hellip;]\" \/>\n<meta property=\"og:url\" content=\"https:\/\/www.irbab-kbivb.be\/fr\/maladies-foliaires-derniere-mise-a-jour-de-la-carte\/\" \/>\n<meta property=\"og:site_name\" content=\"IRBAB-KBIVB\" \/>\n<meta property=\"article:published_time\" content=\"2023-09-07T13:27:25+00:00\" \/>\n<meta property=\"article:modified_time\" content=\"2023-09-07T14:29:52+00:00\" \/>\n<meta property=\"og:image\" content=\"https:\/\/www.irbab-kbivb.be\/wp-content\/uploads\/2023\/09\/20230904_083408.jpg\" \/>\n\t<meta property=\"og:image:width\" content=\"1024\" \/>\n\t<meta property=\"og:image:height\" content=\"672\" \/>\n\t<meta property=\"og:image:type\" content=\"image\/jpeg\" \/>\n<meta name=\"author\" content=\"Marion\" \/>\n<meta name=\"twitter:card\" content=\"summary_large_image\" \/>\n<meta name=\"twitter:label1\" content=\"\u00c9crit par\" \/>\n\t<meta name=\"twitter:data1\" content=\"Marion\" \/>\n\t<meta name=\"twitter:label2\" content=\"Dur\u00e9e de lecture estim\u00e9e\" \/>\n\t<meta name=\"twitter:data2\" content=\"1 minute\" \/>\n<script type=\"application\/ld+json\" class=\"yoast-schema-graph\">{\"@context\":\"https:\\\/\\\/schema.org\",\"@graph\":[{\"@type\":\"Article\",\"@id\":\"https:\\\/\\\/www.irbab-kbivb.be\\\/fr\\\/maladies-foliaires-derniere-mise-a-jour-de-la-carte\\\/#article\",\"isPartOf\":{\"@id\":\"https:\\\/\\\/www.irbab-kbivb.be\\\/fr\\\/maladies-foliaires-derniere-mise-a-jour-de-la-carte\\\/\"},\"author\":{\"name\":\"Marion\",\"@id\":\"https:\\\/\\\/www.irbab-kbivb.be\\\/#\\\/schema\\\/person\\\/dad6fe34d3ac93cce3720797f132a2e5\"},\"headline\":\"Maladies foliaires\u00a0\u2013 derni\u00e8re mise \u00e0 jour de la carte\",\"datePublished\":\"2023-09-07T13:27:25+00:00\",\"dateModified\":\"2023-09-07T14:29:52+00:00\",\"mainEntityOfPage\":{\"@id\":\"https:\\\/\\\/www.irbab-kbivb.be\\\/fr\\\/maladies-foliaires-derniere-mise-a-jour-de-la-carte\\\/\"},\"wordCount\":159,\"image\":{\"@id\":\"https:\\\/\\\/www.irbab-kbivb.be\\\/fr\\\/maladies-foliaires-derniere-mise-a-jour-de-la-carte\\\/#primaryimage\"},\"thumbnailUrl\":\"https:\\\/\\\/www.irbab-kbivb.be\\\/wp-content\\\/uploads\\\/2023\\\/09\\\/20230904_083408.jpg\",\"keywords\":[\"Articles\",\"Messages\"],\"articleSection\":[\"Betterave\",\"Maladies foliaires\"],\"inLanguage\":\"fr-FR\"},{\"@type\":\"WebPage\",\"@id\":\"https:\\\/\\\/www.irbab-kbivb.be\\\/fr\\\/maladies-foliaires-derniere-mise-a-jour-de-la-carte\\\/\",\"url\":\"https:\\\/\\\/www.irbab-kbivb.be\\\/fr\\\/maladies-foliaires-derniere-mise-a-jour-de-la-carte\\\/\",\"name\":\"Maladies foliaires\u00a0\u2013 derni\u00e8re mise \u00e0 jour de la carte - IRBAB-KBIVB\",\"isPartOf\":{\"@id\":\"https:\\\/\\\/www.irbab-kbivb.be\\\/#website\"},\"primaryImageOfPage\":{\"@id\":\"https:\\\/\\\/www.irbab-kbivb.be\\\/fr\\\/maladies-foliaires-derniere-mise-a-jour-de-la-carte\\\/#primaryimage\"},\"image\":{\"@id\":\"https:\\\/\\\/www.irbab-kbivb.be\\\/fr\\\/maladies-foliaires-derniere-mise-a-jour-de-la-carte\\\/#primaryimage\"},\"thumbnailUrl\":\"https:\\\/\\\/www.irbab-kbivb.be\\\/wp-content\\\/uploads\\\/2023\\\/09\\\/20230904_083408.jpg\",\"datePublished\":\"2023-09-07T13:27:25+00:00\",\"dateModified\":\"2023-09-07T14:29:52+00:00\",\"author\":{\"@id\":\"https:\\\/\\\/www.irbab-kbivb.be\\\/#\\\/schema\\\/person\\\/dad6fe34d3ac93cce3720797f132a2e5\"},\"breadcrumb\":{\"@id\":\"https:\\\/\\\/www.irbab-kbivb.be\\\/fr\\\/maladies-foliaires-derniere-mise-a-jour-de-la-carte\\\/#breadcrumb\"},\"inLanguage\":\"fr-FR\",\"potentialAction\":[{\"@type\":\"ReadAction\",\"target\":[\"https:\\\/\\\/www.irbab-kbivb.be\\\/fr\\\/maladies-foliaires-derniere-mise-a-jour-de-la-carte\\\/\"]}]},{\"@type\":\"ImageObject\",\"inLanguage\":\"fr-FR\",\"@id\":\"https:\\\/\\\/www.irbab-kbivb.be\\\/fr\\\/maladies-foliaires-derniere-mise-a-jour-de-la-carte\\\/#primaryimage\",\"url\":\"https:\\\/\\\/www.irbab-kbivb.be\\\/wp-content\\\/uploads\\\/2023\\\/09\\\/20230904_083408.jpg\",\"contentUrl\":\"https:\\\/\\\/www.irbab-kbivb.be\\\/wp-content\\\/uploads\\\/2023\\\/09\\\/20230904_083408.jpg\",\"width\":1024,\"height\":672},{\"@type\":\"BreadcrumbList\",\"@id\":\"https:\\\/\\\/www.irbab-kbivb.be\\\/fr\\\/maladies-foliaires-derniere-mise-a-jour-de-la-carte\\\/#breadcrumb\",\"itemListElement\":[{\"@type\":\"ListItem\",\"position\":1,\"name\":\"Home\",\"item\":\"https:\\\/\\\/www.irbab-kbivb.be\\\/fr\\\/\"},{\"@type\":\"ListItem\",\"position\":2,\"name\":\"Betterave\",\"item\":\"https:\\\/\\\/www.irbab-kbivb.be\\\/fr\\\/category\\\/betterave\\\/\"},{\"@type\":\"ListItem\",\"position\":3,\"name\":\"Maladies foliaires\u00a0\u2013 derni\u00e8re mise \u00e0 jour de la carte\"}]},{\"@type\":\"WebSite\",\"@id\":\"https:\\\/\\\/www.irbab-kbivb.be\\\/#website\",\"url\":\"https:\\\/\\\/www.irbab-kbivb.be\\\/\",\"name\":\"IRBAB-KBIVB\",\"description\":\"Koninklijk Belgisch Instituut tot Verbetering van de Biet vzw | Institut Royal Belge pour l&#039;Am\u00e9lioration de la Betterave asbl\",\"potentialAction\":[{\"@type\":\"SearchAction\",\"target\":{\"@type\":\"EntryPoint\",\"urlTemplate\":\"https:\\\/\\\/www.irbab-kbivb.be\\\/?s={search_term_string}\"},\"query-input\":{\"@type\":\"PropertyValueSpecification\",\"valueRequired\":true,\"valueName\":\"search_term_string\"}}],\"inLanguage\":\"fr-FR\"},{\"@type\":\"Person\",\"@id\":\"https:\\\/\\\/www.irbab-kbivb.be\\\/#\\\/schema\\\/person\\\/dad6fe34d3ac93cce3720797f132a2e5\",\"name\":\"Marion\",\"image\":{\"@type\":\"ImageObject\",\"inLanguage\":\"fr-FR\",\"@id\":\"https:\\\/\\\/secure.gravatar.com\\\/avatar\\\/05aacf3b7aaf804eb748ec4466641d1174d8526a14e65b425d918689da98856a?s=96&d=mm&r=g\",\"url\":\"https:\\\/\\\/secure.gravatar.com\\\/avatar\\\/05aacf3b7aaf804eb748ec4466641d1174d8526a14e65b425d918689da98856a?s=96&d=mm&r=g\",\"contentUrl\":\"https:\\\/\\\/secure.gravatar.com\\\/avatar\\\/05aacf3b7aaf804eb748ec4466641d1174d8526a14e65b425d918689da98856a?s=96&d=mm&r=g\",\"caption\":\"Marion\"},\"url\":\"https:\\\/\\\/www.irbab-kbivb.be\\\/fr\\\/author\\\/anja\\\/\"}]}<\/script>\n<!-- \/ Yoast SEO plugin. -->","yoast_head_json":{"title":"Maladies foliaires\u00a0\u2013 derni\u00e8re mise \u00e0 jour de la carte - IRBAB-KBIVB","robots":{"index":"index","follow":"follow","max-snippet":"max-snippet:-1","max-image-preview":"max-image-preview:large","max-video-preview":"max-video-preview:-1"},"canonical":"https:\/\/www.irbab-kbivb.be\/fr\/maladies-foliaires-derniere-mise-a-jour-de-la-carte\/","og_locale":"fr_FR","og_type":"article","og_title":"Maladies foliaires\u00a0\u2013 derni\u00e8re mise \u00e0 jour de la carte - IRBAB-KBIVB","og_description":"La derni\u00e8re carte concernant les maladies foliaires vient d\u2019\u00eatre mise \u00e0 jour. Le pourcentage des parcelles ayant atteint le 2i\u00e8me seuil de cercosporiose s\u2019approche cette semaine des 80%. Il est \u00e9vident que cette maladie s\u2019est fortement d\u00e9velopp\u00e9e ces derni\u00e8res semaines. Si votre date d\u2019arrachage est pr\u00e9vue end\u00e9ans les 40 jours, aucun traitement n\u2019est recommand\u00e9 \u00e9tant [&hellip;]","og_url":"https:\/\/www.irbab-kbivb.be\/fr\/maladies-foliaires-derniere-mise-a-jour-de-la-carte\/","og_site_name":"IRBAB-KBIVB","article_published_time":"2023-09-07T13:27:25+00:00","article_modified_time":"2023-09-07T14:29:52+00:00","og_image":[{"width":1024,"height":672,"url":"https:\/\/www.irbab-kbivb.be\/wp-content\/uploads\/2023\/09\/20230904_083408.jpg","type":"image\/jpeg"}],"author":"Marion","twitter_card":"summary_large_image","twitter_misc":{"\u00c9crit par":"Marion","Dur\u00e9e de lecture estim\u00e9e":"1 minute"},"schema":{"@context":"https:\/\/schema.org","@graph":[{"@type":"Article","@id":"https:\/\/www.irbab-kbivb.be\/fr\/maladies-foliaires-derniere-mise-a-jour-de-la-carte\/#article","isPartOf":{"@id":"https:\/\/www.irbab-kbivb.be\/fr\/maladies-foliaires-derniere-mise-a-jour-de-la-carte\/"},"author":{"name":"Marion","@id":"https:\/\/www.irbab-kbivb.be\/#\/schema\/person\/dad6fe34d3ac93cce3720797f132a2e5"},"headline":"Maladies foliaires\u00a0\u2013 derni\u00e8re mise \u00e0 jour de la carte","datePublished":"2023-09-07T13:27:25+00:00","dateModified":"2023-09-07T14:29:52+00:00","mainEntityOfPage":{"@id":"https:\/\/www.irbab-kbivb.be\/fr\/maladies-foliaires-derniere-mise-a-jour-de-la-carte\/"},"wordCount":159,"image":{"@id":"https:\/\/www.irbab-kbivb.be\/fr\/maladies-foliaires-derniere-mise-a-jour-de-la-carte\/#primaryimage"},"thumbnailUrl":"https:\/\/www.irbab-kbivb.be\/wp-content\/uploads\/2023\/09\/20230904_083408.jpg","keywords":["Articles","Messages"],"articleSection":["Betterave","Maladies foliaires"],"inLanguage":"fr-FR"},{"@type":"WebPage","@id":"https:\/\/www.irbab-kbivb.be\/fr\/maladies-foliaires-derniere-mise-a-jour-de-la-carte\/","url":"https:\/\/www.irbab-kbivb.be\/fr\/maladies-foliaires-derniere-mise-a-jour-de-la-carte\/","name":"Maladies foliaires\u00a0\u2013 derni\u00e8re mise \u00e0 jour de la carte - IRBAB-KBIVB","isPartOf":{"@id":"https:\/\/www.irbab-kbivb.be\/#website"},"primaryImageOfPage":{"@id":"https:\/\/www.irbab-kbivb.be\/fr\/maladies-foliaires-derniere-mise-a-jour-de-la-carte\/#primaryimage"},"image":{"@id":"https:\/\/www.irbab-kbivb.be\/fr\/maladies-foliaires-derniere-mise-a-jour-de-la-carte\/#primaryimage"},"thumbnailUrl":"https:\/\/www.irbab-kbivb.be\/wp-content\/uploads\/2023\/09\/20230904_083408.jpg","datePublished":"2023-09-07T13:27:25+00:00","dateModified":"2023-09-07T14:29:52+00:00","author":{"@id":"https:\/\/www.irbab-kbivb.be\/#\/schema\/person\/dad6fe34d3ac93cce3720797f132a2e5"},"breadcrumb":{"@id":"https:\/\/www.irbab-kbivb.be\/fr\/maladies-foliaires-derniere-mise-a-jour-de-la-carte\/#breadcrumb"},"inLanguage":"fr-FR","potentialAction":[{"@type":"ReadAction","target":["https:\/\/www.irbab-kbivb.be\/fr\/maladies-foliaires-derniere-mise-a-jour-de-la-carte\/"]}]},{"@type":"ImageObject","inLanguage":"fr-FR","@id":"https:\/\/www.irbab-kbivb.be\/fr\/maladies-foliaires-derniere-mise-a-jour-de-la-carte\/#primaryimage","url":"https:\/\/www.irbab-kbivb.be\/wp-content\/uploads\/2023\/09\/20230904_083408.jpg","contentUrl":"https:\/\/www.irbab-kbivb.be\/wp-content\/uploads\/2023\/09\/20230904_083408.jpg","width":1024,"height":672},{"@type":"BreadcrumbList","@id":"https:\/\/www.irbab-kbivb.be\/fr\/maladies-foliaires-derniere-mise-a-jour-de-la-carte\/#breadcrumb","itemListElement":[{"@type":"ListItem","position":1,"name":"Home","item":"https:\/\/www.irbab-kbivb.be\/fr\/"},{"@type":"ListItem","position":2,"name":"Betterave","item":"https:\/\/www.irbab-kbivb.be\/fr\/category\/betterave\/"},{"@type":"ListItem","position":3,"name":"Maladies foliaires\u00a0\u2013 derni\u00e8re mise \u00e0 jour de la carte"}]},{"@type":"WebSite","@id":"https:\/\/www.irbab-kbivb.be\/#website","url":"https:\/\/www.irbab-kbivb.be\/","name":"IRBAB-KBIVB","description":"Koninklijk Belgisch Instituut tot Verbetering van de Biet vzw | Institut Royal Belge pour l&#039;Am\u00e9lioration de la Betterave asbl","potentialAction":[{"@type":"SearchAction","target":{"@type":"EntryPoint","urlTemplate":"https:\/\/www.irbab-kbivb.be\/?s={search_term_string}"},"query-input":{"@type":"PropertyValueSpecification","valueRequired":true,"valueName":"search_term_string"}}],"inLanguage":"fr-FR"},{"@type":"Person","@id":"https:\/\/www.irbab-kbivb.be\/#\/schema\/person\/dad6fe34d3ac93cce3720797f132a2e5","name":"Marion","image":{"@type":"ImageObject","inLanguage":"fr-FR","@id":"https:\/\/secure.gravatar.com\/avatar\/05aacf3b7aaf804eb748ec4466641d1174d8526a14e65b425d918689da98856a?s=96&d=mm&r=g","url":"https:\/\/secure.gravatar.com\/avatar\/05aacf3b7aaf804eb748ec4466641d1174d8526a14e65b425d918689da98856a?s=96&d=mm&r=g","contentUrl":"https:\/\/secure.gravatar.com\/avatar\/05aacf3b7aaf804eb748ec4466641d1174d8526a14e65b425d918689da98856a?s=96&d=mm&r=g","caption":"Marion"},"url":"https:\/\/www.irbab-kbivb.be\/fr\/author\/anja\/"}]}},"_links":{"self":[{"href":"https:\/\/www.irbab-kbivb.be\/fr\/wp-json\/wp\/v2\/posts\/23748","targetHints":{"allow":["GET"]}}],"collection":[{"href":"https:\/\/www.irbab-kbivb.be\/fr\/wp-json\/wp\/v2\/posts"}],"about":[{"href":"https:\/\/www.irbab-kbivb.be\/fr\/wp-json\/wp\/v2\/types\/post"}],"author":[{"embeddable":true,"href":"https:\/\/www.irbab-kbivb.be\/fr\/wp-json\/wp\/v2\/users\/3"}],"replies":[{"embeddable":true,"href":"https:\/\/www.irbab-kbivb.be\/fr\/wp-json\/wp\/v2\/comments?post=23748"}],"version-history":[{"count":4,"href":"https:\/\/www.irbab-kbivb.be\/fr\/wp-json\/wp\/v2\/posts\/23748\/revisions"}],"predecessor-version":[{"id":23760,"href":"https:\/\/www.irbab-kbivb.be\/fr\/wp-json\/wp\/v2\/posts\/23748\/revisions\/23760"}],"wp:featuredmedia":[{"embeddable":true,"href":"https:\/\/www.irbab-kbivb.be\/fr\/wp-json\/wp\/v2\/media\/23738"}],"wp:attachment":[{"href":"https:\/\/www.irbab-kbivb.be\/fr\/wp-json\/wp\/v2\/media?parent=23748"}],"wp:term":[{"taxonomy":"category","embeddable":true,"href":"https:\/\/www.irbab-kbivb.be\/fr\/wp-json\/wp\/v2\/categories?post=23748"},{"taxonomy":"post_tag","embeddable":true,"href":"https:\/\/www.irbab-kbivb.be\/fr\/wp-json\/wp\/v2\/tags?post=23748"}],"curies":[{"name":"wp","href":"https:\/\/api.w.org\/{rel}","templated":true}]}}