{"id":17600,"date":"2020-03-20T09:24:46","date_gmt":"2020-03-20T08:24:46","guid":{"rendered":"https:\/\/www.irbab-kbivb.be\/?p=17600"},"modified":"2020-03-20T09:24:48","modified_gmt":"2020-03-20T08:24:48","slug":"qualite-des-semences-de-betteraves-de-2019","status":"publish","type":"post","link":"https:\/\/www.irbab-kbivb.be\/fr\/qualite-des-semences-de-betteraves-de-2019\/","title":{"rendered":"Qualit\u00e9 des semences de betteraves de 2019"},"content":{"rendered":"\n<p><a href=\"https:\/\/www.irbab-kbivb.be\/wp-content\/uploads\/2020\/03\/kieming.jpg\"><img loading=\"lazy\" decoding=\"async\" class=\"rounded alignleft wp-image-17601 size-medium\" src=\"https:\/\/www.irbab-kbivb.be\/wp-content\/uploads\/2020\/03\/kieming-300x211.jpg\" alt=\"\" width=\"300\" height=\"211\" srcset=\"https:\/\/www.irbab-kbivb.be\/wp-content\/uploads\/2020\/03\/kieming-300x211.jpg 300w, https:\/\/www.irbab-kbivb.be\/wp-content\/uploads\/2020\/03\/kieming-768x540.jpg 768w, https:\/\/www.irbab-kbivb.be\/wp-content\/uploads\/2020\/03\/kieming-810x569.jpg 810w, https:\/\/www.irbab-kbivb.be\/wp-content\/uploads\/2020\/03\/kieming.jpg 956w\" sizes=\"auto, (max-width: 300px) 100vw, 300px\" \/><\/a>Notez que les semences de 2019 trait\u00e9es avec le fongicide Thiram, TMTD ne peuvent plus \u00eatre sem\u00e9es. Cela est d\u00fb au fait que la substance active a \u00e9t\u00e9 interdite au niveau europ\u00e9en. Les semences trait\u00e9es avec le fongicide Vibrance en 2019 peuvent encore \u00eatre sem\u00e9es. S&#8217;il vous reste encore des semences de l&#8217;ann\u00e9e derni\u00e8re, n&#8217;oubliez pas de v\u00e9rifier leur pouvoir de germination. Ceci, m\u00eame si les semences ont \u00e9t\u00e9 conserv\u00e9es dans des bo\u00eetes et des sacs herm\u00e9tiques, dans un endroit sec, prot\u00e9g\u00e9es contre l&#8217;humidit\u00e9. Conservez l&#8217;\u00e9tiquette avec le code du lot de semences. Un test simple pour d\u00e9terminer la germination est d\u00e9crit ci-dessous.<\/p>\n<p>Semez une centaine de graines \u00e0 2 cm de profondeur dans un bac rectangulaire assez large, rempli de terreau tass\u00e9.\u00a0 Le bac sera plac\u00e9 \u00e0 une temp\u00e9rature constante de 10-12 \u00b0C (maximum 15 \u00b0C) et humect\u00e9 r\u00e9guli\u00e8rement. La germination est observ\u00e9e apr\u00e8s 15 jours (les graines qui germent au-del\u00e0 de 20 jours ne doivent en aucun cas \u00eatre comptabilis\u00e9es). Il faut\u00a0<strong>au moins 80%\u00a0<\/strong>de plantules lev\u00e9es dans ces conditions pour utiliser le lot de graines. Ne m\u00e9langez pas des graines de 2019 avec les nouvelles graines de 2020 dans vos \u00e9l\u00e9ments de semoirs sans avoir fait ce test. Si vous d\u00e9cidez de les utiliser, gardez ces graines pour terminer vos semis plut\u00f4t que de les utiliser lors des premiers semis.<\/p>\n","protected":false},"excerpt":{"rendered":"<p>Notez que les semences de 2019 trait\u00e9es avec le fongicide Thiram, TMTD ne peuvent plus \u00eatre sem\u00e9es. Cela est d\u00fb au fait que la substance active a \u00e9t\u00e9 interdite au niveau europ\u00e9en. Les semences trait\u00e9es avec le fongicide Vibrance en 2019 peuvent encore \u00eatre sem\u00e9es. S&#8217;il vous reste encore des semences de l&#8217;ann\u00e9e derni\u00e8re, n&#8217;oubliez [&hellip;]<\/p>\n","protected":false},"author":3,"featured_media":17601,"comment_status":"closed","ping_status":"open","sticky":false,"template":"","format":"standard","meta":{"iawp_total_views":0,"footnotes":""},"categories":[2,220],"tags":[243],"class_list":["post-17600","post","type-post","status-publish","format-standard","has-post-thumbnail","hentry","category-betterave","category-semences","tag-messages"],"yoast_head":"<!-- This site is optimized with the Yoast SEO plugin v27.5 - https:\/\/yoast.com\/product\/yoast-seo-wordpress\/ -->\n<title>Qualit\u00e9 des semences de betteraves de 2019 - IRBAB-KBIVB<\/title>\n<meta name=\"robots\" content=\"index, follow, max-snippet:-1, max-image-preview:large, max-video-preview:-1\" \/>\n<link rel=\"canonical\" href=\"https:\/\/www.irbab-kbivb.be\/fr\/qualite-des-semences-de-betteraves-de-2019\/\" \/>\n<meta property=\"og:locale\" content=\"fr_FR\" \/>\n<meta property=\"og:type\" content=\"article\" \/>\n<meta property=\"og:title\" content=\"Qualit\u00e9 des semences de betteraves de 2019 - IRBAB-KBIVB\" \/>\n<meta property=\"og:description\" content=\"Notez que les semences de 2019 trait\u00e9es avec le fongicide Thiram, TMTD ne peuvent plus \u00eatre sem\u00e9es. Cela est d\u00fb au fait que la substance active a \u00e9t\u00e9 interdite au niveau europ\u00e9en. Les semences trait\u00e9es avec le fongicide Vibrance en 2019 peuvent encore \u00eatre sem\u00e9es. S&#8217;il vous reste encore des semences de l&#8217;ann\u00e9e derni\u00e8re, n&#8217;oubliez [&hellip;]\" \/>\n<meta property=\"og:url\" content=\"https:\/\/www.irbab-kbivb.be\/fr\/qualite-des-semences-de-betteraves-de-2019\/\" \/>\n<meta property=\"og:site_name\" content=\"IRBAB-KBIVB\" \/>\n<meta property=\"article:published_time\" content=\"2020-03-20T08:24:46+00:00\" \/>\n<meta property=\"article:modified_time\" content=\"2020-03-20T08:24:48+00:00\" \/>\n<meta property=\"og:image\" content=\"https:\/\/www.irbab-kbivb.be\/wp-content\/uploads\/2020\/03\/kieming.jpg\" \/>\n\t<meta property=\"og:image:width\" content=\"956\" \/>\n\t<meta property=\"og:image:height\" content=\"672\" \/>\n\t<meta property=\"og:image:type\" content=\"image\/jpeg\" \/>\n<meta name=\"author\" content=\"Marion\" \/>\n<meta name=\"twitter:card\" content=\"summary_large_image\" \/>\n<meta name=\"twitter:label1\" content=\"\u00c9crit par\" \/>\n\t<meta name=\"twitter:data1\" content=\"Marion\" \/>\n\t<meta name=\"twitter:label2\" content=\"Dur\u00e9e de lecture estim\u00e9e\" \/>\n\t<meta name=\"twitter:data2\" content=\"1 minute\" \/>\n<script type=\"application\/ld+json\" class=\"yoast-schema-graph\">{\"@context\":\"https:\\\/\\\/schema.org\",\"@graph\":[{\"@type\":\"Article\",\"@id\":\"https:\\\/\\\/www.irbab-kbivb.be\\\/fr\\\/qualite-des-semences-de-betteraves-de-2019\\\/#article\",\"isPartOf\":{\"@id\":\"https:\\\/\\\/www.irbab-kbivb.be\\\/fr\\\/qualite-des-semences-de-betteraves-de-2019\\\/\"},\"author\":{\"name\":\"Marion\",\"@id\":\"https:\\\/\\\/www.irbab-kbivb.be\\\/#\\\/schema\\\/person\\\/dad6fe34d3ac93cce3720797f132a2e5\"},\"headline\":\"Qualit\u00e9 des semences de betteraves de 2019\",\"datePublished\":\"2020-03-20T08:24:46+00:00\",\"dateModified\":\"2020-03-20T08:24:48+00:00\",\"mainEntityOfPage\":{\"@id\":\"https:\\\/\\\/www.irbab-kbivb.be\\\/fr\\\/qualite-des-semences-de-betteraves-de-2019\\\/\"},\"wordCount\":247,\"image\":{\"@id\":\"https:\\\/\\\/www.irbab-kbivb.be\\\/fr\\\/qualite-des-semences-de-betteraves-de-2019\\\/#primaryimage\"},\"thumbnailUrl\":\"https:\\\/\\\/www.irbab-kbivb.be\\\/wp-content\\\/uploads\\\/2020\\\/03\\\/kieming.jpg\",\"keywords\":[\"Messages\"],\"articleSection\":[\"Betterave\",\"Semences\"],\"inLanguage\":\"fr-FR\"},{\"@type\":\"WebPage\",\"@id\":\"https:\\\/\\\/www.irbab-kbivb.be\\\/fr\\\/qualite-des-semences-de-betteraves-de-2019\\\/\",\"url\":\"https:\\\/\\\/www.irbab-kbivb.be\\\/fr\\\/qualite-des-semences-de-betteraves-de-2019\\\/\",\"name\":\"Qualit\u00e9 des semences de betteraves de 2019 - IRBAB-KBIVB\",\"isPartOf\":{\"@id\":\"https:\\\/\\\/www.irbab-kbivb.be\\\/#website\"},\"primaryImageOfPage\":{\"@id\":\"https:\\\/\\\/www.irbab-kbivb.be\\\/fr\\\/qualite-des-semences-de-betteraves-de-2019\\\/#primaryimage\"},\"image\":{\"@id\":\"https:\\\/\\\/www.irbab-kbivb.be\\\/fr\\\/qualite-des-semences-de-betteraves-de-2019\\\/#primaryimage\"},\"thumbnailUrl\":\"https:\\\/\\\/www.irbab-kbivb.be\\\/wp-content\\\/uploads\\\/2020\\\/03\\\/kieming.jpg\",\"datePublished\":\"2020-03-20T08:24:46+00:00\",\"dateModified\":\"2020-03-20T08:24:48+00:00\",\"author\":{\"@id\":\"https:\\\/\\\/www.irbab-kbivb.be\\\/#\\\/schema\\\/person\\\/dad6fe34d3ac93cce3720797f132a2e5\"},\"breadcrumb\":{\"@id\":\"https:\\\/\\\/www.irbab-kbivb.be\\\/fr\\\/qualite-des-semences-de-betteraves-de-2019\\\/#breadcrumb\"},\"inLanguage\":\"fr-FR\",\"potentialAction\":[{\"@type\":\"ReadAction\",\"target\":[\"https:\\\/\\\/www.irbab-kbivb.be\\\/fr\\\/qualite-des-semences-de-betteraves-de-2019\\\/\"]}]},{\"@type\":\"ImageObject\",\"inLanguage\":\"fr-FR\",\"@id\":\"https:\\\/\\\/www.irbab-kbivb.be\\\/fr\\\/qualite-des-semences-de-betteraves-de-2019\\\/#primaryimage\",\"url\":\"https:\\\/\\\/www.irbab-kbivb.be\\\/wp-content\\\/uploads\\\/2020\\\/03\\\/kieming.jpg\",\"contentUrl\":\"https:\\\/\\\/www.irbab-kbivb.be\\\/wp-content\\\/uploads\\\/2020\\\/03\\\/kieming.jpg\",\"width\":956,\"height\":672},{\"@type\":\"BreadcrumbList\",\"@id\":\"https:\\\/\\\/www.irbab-kbivb.be\\\/fr\\\/qualite-des-semences-de-betteraves-de-2019\\\/#breadcrumb\",\"itemListElement\":[{\"@type\":\"ListItem\",\"position\":1,\"name\":\"Home\",\"item\":\"https:\\\/\\\/www.irbab-kbivb.be\\\/fr\\\/\"},{\"@type\":\"ListItem\",\"position\":2,\"name\":\"Betterave\",\"item\":\"https:\\\/\\\/www.irbab-kbivb.be\\\/fr\\\/category\\\/betterave\\\/\"},{\"@type\":\"ListItem\",\"position\":3,\"name\":\"Qualit\u00e9 des semences de betteraves de 2019\"}]},{\"@type\":\"WebSite\",\"@id\":\"https:\\\/\\\/www.irbab-kbivb.be\\\/#website\",\"url\":\"https:\\\/\\\/www.irbab-kbivb.be\\\/\",\"name\":\"IRBAB-KBIVB\",\"description\":\"Koninklijk Belgisch Instituut tot Verbetering van de Biet vzw | Institut Royal Belge pour l&#039;Am\u00e9lioration de la Betterave asbl\",\"potentialAction\":[{\"@type\":\"SearchAction\",\"target\":{\"@type\":\"EntryPoint\",\"urlTemplate\":\"https:\\\/\\\/www.irbab-kbivb.be\\\/?s={search_term_string}\"},\"query-input\":{\"@type\":\"PropertyValueSpecification\",\"valueRequired\":true,\"valueName\":\"search_term_string\"}}],\"inLanguage\":\"fr-FR\"},{\"@type\":\"Person\",\"@id\":\"https:\\\/\\\/www.irbab-kbivb.be\\\/#\\\/schema\\\/person\\\/dad6fe34d3ac93cce3720797f132a2e5\",\"name\":\"Marion\",\"image\":{\"@type\":\"ImageObject\",\"inLanguage\":\"fr-FR\",\"@id\":\"https:\\\/\\\/secure.gravatar.com\\\/avatar\\\/05aacf3b7aaf804eb748ec4466641d1174d8526a14e65b425d918689da98856a?s=96&d=mm&r=g\",\"url\":\"https:\\\/\\\/secure.gravatar.com\\\/avatar\\\/05aacf3b7aaf804eb748ec4466641d1174d8526a14e65b425d918689da98856a?s=96&d=mm&r=g\",\"contentUrl\":\"https:\\\/\\\/secure.gravatar.com\\\/avatar\\\/05aacf3b7aaf804eb748ec4466641d1174d8526a14e65b425d918689da98856a?s=96&d=mm&r=g\",\"caption\":\"Marion\"},\"url\":\"https:\\\/\\\/www.irbab-kbivb.be\\\/fr\\\/author\\\/anja\\\/\"}]}<\/script>\n<!-- \/ Yoast SEO plugin. -->","yoast_head_json":{"title":"Qualit\u00e9 des semences de betteraves de 2019 - IRBAB-KBIVB","robots":{"index":"index","follow":"follow","max-snippet":"max-snippet:-1","max-image-preview":"max-image-preview:large","max-video-preview":"max-video-preview:-1"},"canonical":"https:\/\/www.irbab-kbivb.be\/fr\/qualite-des-semences-de-betteraves-de-2019\/","og_locale":"fr_FR","og_type":"article","og_title":"Qualit\u00e9 des semences de betteraves de 2019 - IRBAB-KBIVB","og_description":"Notez que les semences de 2019 trait\u00e9es avec le fongicide Thiram, TMTD ne peuvent plus \u00eatre sem\u00e9es. Cela est d\u00fb au fait que la substance active a \u00e9t\u00e9 interdite au niveau europ\u00e9en. Les semences trait\u00e9es avec le fongicide Vibrance en 2019 peuvent encore \u00eatre sem\u00e9es. S&#8217;il vous reste encore des semences de l&#8217;ann\u00e9e derni\u00e8re, n&#8217;oubliez [&hellip;]","og_url":"https:\/\/www.irbab-kbivb.be\/fr\/qualite-des-semences-de-betteraves-de-2019\/","og_site_name":"IRBAB-KBIVB","article_published_time":"2020-03-20T08:24:46+00:00","article_modified_time":"2020-03-20T08:24:48+00:00","og_image":[{"width":956,"height":672,"url":"https:\/\/www.irbab-kbivb.be\/wp-content\/uploads\/2020\/03\/kieming.jpg","type":"image\/jpeg"}],"author":"Marion","twitter_card":"summary_large_image","twitter_misc":{"\u00c9crit par":"Marion","Dur\u00e9e de lecture estim\u00e9e":"1 minute"},"schema":{"@context":"https:\/\/schema.org","@graph":[{"@type":"Article","@id":"https:\/\/www.irbab-kbivb.be\/fr\/qualite-des-semences-de-betteraves-de-2019\/#article","isPartOf":{"@id":"https:\/\/www.irbab-kbivb.be\/fr\/qualite-des-semences-de-betteraves-de-2019\/"},"author":{"name":"Marion","@id":"https:\/\/www.irbab-kbivb.be\/#\/schema\/person\/dad6fe34d3ac93cce3720797f132a2e5"},"headline":"Qualit\u00e9 des semences de betteraves de 2019","datePublished":"2020-03-20T08:24:46+00:00","dateModified":"2020-03-20T08:24:48+00:00","mainEntityOfPage":{"@id":"https:\/\/www.irbab-kbivb.be\/fr\/qualite-des-semences-de-betteraves-de-2019\/"},"wordCount":247,"image":{"@id":"https:\/\/www.irbab-kbivb.be\/fr\/qualite-des-semences-de-betteraves-de-2019\/#primaryimage"},"thumbnailUrl":"https:\/\/www.irbab-kbivb.be\/wp-content\/uploads\/2020\/03\/kieming.jpg","keywords":["Messages"],"articleSection":["Betterave","Semences"],"inLanguage":"fr-FR"},{"@type":"WebPage","@id":"https:\/\/www.irbab-kbivb.be\/fr\/qualite-des-semences-de-betteraves-de-2019\/","url":"https:\/\/www.irbab-kbivb.be\/fr\/qualite-des-semences-de-betteraves-de-2019\/","name":"Qualit\u00e9 des semences de betteraves de 2019 - IRBAB-KBIVB","isPartOf":{"@id":"https:\/\/www.irbab-kbivb.be\/#website"},"primaryImageOfPage":{"@id":"https:\/\/www.irbab-kbivb.be\/fr\/qualite-des-semences-de-betteraves-de-2019\/#primaryimage"},"image":{"@id":"https:\/\/www.irbab-kbivb.be\/fr\/qualite-des-semences-de-betteraves-de-2019\/#primaryimage"},"thumbnailUrl":"https:\/\/www.irbab-kbivb.be\/wp-content\/uploads\/2020\/03\/kieming.jpg","datePublished":"2020-03-20T08:24:46+00:00","dateModified":"2020-03-20T08:24:48+00:00","author":{"@id":"https:\/\/www.irbab-kbivb.be\/#\/schema\/person\/dad6fe34d3ac93cce3720797f132a2e5"},"breadcrumb":{"@id":"https:\/\/www.irbab-kbivb.be\/fr\/qualite-des-semences-de-betteraves-de-2019\/#breadcrumb"},"inLanguage":"fr-FR","potentialAction":[{"@type":"ReadAction","target":["https:\/\/www.irbab-kbivb.be\/fr\/qualite-des-semences-de-betteraves-de-2019\/"]}]},{"@type":"ImageObject","inLanguage":"fr-FR","@id":"https:\/\/www.irbab-kbivb.be\/fr\/qualite-des-semences-de-betteraves-de-2019\/#primaryimage","url":"https:\/\/www.irbab-kbivb.be\/wp-content\/uploads\/2020\/03\/kieming.jpg","contentUrl":"https:\/\/www.irbab-kbivb.be\/wp-content\/uploads\/2020\/03\/kieming.jpg","width":956,"height":672},{"@type":"BreadcrumbList","@id":"https:\/\/www.irbab-kbivb.be\/fr\/qualite-des-semences-de-betteraves-de-2019\/#breadcrumb","itemListElement":[{"@type":"ListItem","position":1,"name":"Home","item":"https:\/\/www.irbab-kbivb.be\/fr\/"},{"@type":"ListItem","position":2,"name":"Betterave","item":"https:\/\/www.irbab-kbivb.be\/fr\/category\/betterave\/"},{"@type":"ListItem","position":3,"name":"Qualit\u00e9 des semences de betteraves de 2019"}]},{"@type":"WebSite","@id":"https:\/\/www.irbab-kbivb.be\/#website","url":"https:\/\/www.irbab-kbivb.be\/","name":"IRBAB-KBIVB","description":"Koninklijk Belgisch Instituut tot Verbetering van de Biet vzw | Institut Royal Belge pour l&#039;Am\u00e9lioration de la Betterave asbl","potentialAction":[{"@type":"SearchAction","target":{"@type":"EntryPoint","urlTemplate":"https:\/\/www.irbab-kbivb.be\/?s={search_term_string}"},"query-input":{"@type":"PropertyValueSpecification","valueRequired":true,"valueName":"search_term_string"}}],"inLanguage":"fr-FR"},{"@type":"Person","@id":"https:\/\/www.irbab-kbivb.be\/#\/schema\/person\/dad6fe34d3ac93cce3720797f132a2e5","name":"Marion","image":{"@type":"ImageObject","inLanguage":"fr-FR","@id":"https:\/\/secure.gravatar.com\/avatar\/05aacf3b7aaf804eb748ec4466641d1174d8526a14e65b425d918689da98856a?s=96&d=mm&r=g","url":"https:\/\/secure.gravatar.com\/avatar\/05aacf3b7aaf804eb748ec4466641d1174d8526a14e65b425d918689da98856a?s=96&d=mm&r=g","contentUrl":"https:\/\/secure.gravatar.com\/avatar\/05aacf3b7aaf804eb748ec4466641d1174d8526a14e65b425d918689da98856a?s=96&d=mm&r=g","caption":"Marion"},"url":"https:\/\/www.irbab-kbivb.be\/fr\/author\/anja\/"}]}},"_links":{"self":[{"href":"https:\/\/www.irbab-kbivb.be\/fr\/wp-json\/wp\/v2\/posts\/17600","targetHints":{"allow":["GET"]}}],"collection":[{"href":"https:\/\/www.irbab-kbivb.be\/fr\/wp-json\/wp\/v2\/posts"}],"about":[{"href":"https:\/\/www.irbab-kbivb.be\/fr\/wp-json\/wp\/v2\/types\/post"}],"author":[{"embeddable":true,"href":"https:\/\/www.irbab-kbivb.be\/fr\/wp-json\/wp\/v2\/users\/3"}],"replies":[{"embeddable":true,"href":"https:\/\/www.irbab-kbivb.be\/fr\/wp-json\/wp\/v2\/comments?post=17600"}],"version-history":[{"count":1,"href":"https:\/\/www.irbab-kbivb.be\/fr\/wp-json\/wp\/v2\/posts\/17600\/revisions"}],"predecessor-version":[{"id":17603,"href":"https:\/\/www.irbab-kbivb.be\/fr\/wp-json\/wp\/v2\/posts\/17600\/revisions\/17603"}],"wp:featuredmedia":[{"embeddable":true,"href":"https:\/\/www.irbab-kbivb.be\/fr\/wp-json\/wp\/v2\/media\/17601"}],"wp:attachment":[{"href":"https:\/\/www.irbab-kbivb.be\/fr\/wp-json\/wp\/v2\/media?parent=17600"}],"wp:term":[{"taxonomy":"category","embeddable":true,"href":"https:\/\/www.irbab-kbivb.be\/fr\/wp-json\/wp\/v2\/categories?post=17600"},{"taxonomy":"post_tag","embeddable":true,"href":"https:\/\/www.irbab-kbivb.be\/fr\/wp-json\/wp\/v2\/tags?post=17600"}],"curies":[{"name":"wp","href":"https:\/\/api.w.org\/{rel}","templated":true}]}}