{"id":16011,"date":"2019-10-30T11:38:23","date_gmt":"2019-10-30T10:38:23","guid":{"rendered":"https:\/\/www.irbab-kbivb.be\/?p=16011"},"modified":"2019-10-30T11:38:26","modified_gmt":"2019-10-30T10:38:26","slug":"bien-identifier-les-maladies-racinaires-en-automne-pour-anticiper-les-problemes-futurs-betteravier-octobre-2019","status":"publish","type":"post","link":"https:\/\/www.irbab-kbivb.be\/fr\/bien-identifier-les-maladies-racinaires-en-automne-pour-anticiper-les-problemes-futurs-betteravier-octobre-2019\/","title":{"rendered":"Bien identifier les maladies racinaires en automne pour anticiper les probl\u00e8mes futurs <em>(Betteravier octobre 2019)<\/em>"},"content":{"rendered":"\n<p><em>Extrait de l&#8217;article publi\u00e9 dans \u2018le Betteravier\u2019 d&#8217;octobre 2019<\/em><\/p>\n<p><!--more--><\/p>\n<p>Des maladies racinaires sont tr\u00e8s r\u00e9guli\u00e8rement pr\u00e9sent\u00e9s en Belgique. Les moyens de lutte en culture sont quasi inexistants. Identifier correctement les maladies racinaires dans vos parcelles vous permettra d&#8217;adapter les rotations, la phytotechnie et d&#8217;\u00e9viter de diss\u00e9miner la maladie sur d&#8217;autres parcelles. En cas de maladies racinaires, il est important de ne pas faire son tas sur une autre parcelle qui elle serait indemne afin de ne pas la contaminer par la terre lors du d\u00e9terrage.\u00a0<\/p>\n<p>Auteurs: Fran\u00e7oise Vancutsem &amp; Andr\u00e9 Wauters<\/p>\n<hr \/>\n<p><em>L&#8217;article complet peut \u00eatre t\u00e9l\u00e9charg\u00e9 <a href=\"https:\/\/www.irbab-kbivb.be\/wp-content\/uploads\/2019\/10\/3912784_CBB_De-Bietplanter_oktober-2019_8pgs_FR.pdf\">ici<\/a>.<\/em><\/p>\n","protected":false},"excerpt":{"rendered":"<p>Extrait de l&#8217;article publi\u00e9 dans \u2018le Betteravier\u2019 d&#8217;octobre 2019<\/p>\n","protected":false},"author":3,"featured_media":0,"comment_status":"closed","ping_status":"open","sticky":false,"template":"","format":"standard","meta":{"iawp_total_views":2,"footnotes":""},"categories":[223,129],"tags":[169],"class_list":["post-16011","post","type-post","status-publish","format-standard","hentry","category-maladies-racinaires","category-protection-des-plantes","tag-articles-presentations"],"yoast_head":"<!-- This site is optimized with the Yoast SEO plugin v27.5 - https:\/\/yoast.com\/product\/yoast-seo-wordpress\/ -->\n<title>Bien identifier les maladies racinaires en automne pour anticiper les probl\u00e8mes futurs (Betteravier octobre 2019) - IRBAB-KBIVB<\/title>\n<meta name=\"robots\" content=\"index, follow, max-snippet:-1, max-image-preview:large, max-video-preview:-1\" \/>\n<link rel=\"canonical\" href=\"https:\/\/www.irbab-kbivb.be\/fr\/bien-identifier-les-maladies-racinaires-en-automne-pour-anticiper-les-problemes-futurs-betteravier-octobre-2019\/\" \/>\n<meta property=\"og:locale\" content=\"fr_FR\" \/>\n<meta property=\"og:type\" content=\"article\" \/>\n<meta property=\"og:title\" content=\"Bien identifier les maladies racinaires en automne pour anticiper les probl\u00e8mes futurs (Betteravier octobre 2019) - IRBAB-KBIVB\" \/>\n<meta property=\"og:description\" content=\"Extrait de l&#8217;article publi\u00e9 dans \u2018le Betteravier\u2019 d&#8217;octobre 2019\" \/>\n<meta property=\"og:url\" content=\"https:\/\/www.irbab-kbivb.be\/fr\/bien-identifier-les-maladies-racinaires-en-automne-pour-anticiper-les-problemes-futurs-betteravier-octobre-2019\/\" \/>\n<meta property=\"og:site_name\" content=\"IRBAB-KBIVB\" \/>\n<meta property=\"article:published_time\" content=\"2019-10-30T10:38:23+00:00\" \/>\n<meta property=\"article:modified_time\" content=\"2019-10-30T10:38:26+00:00\" \/>\n<meta name=\"author\" content=\"Marion\" \/>\n<meta name=\"twitter:card\" content=\"summary_large_image\" \/>\n<meta name=\"twitter:label1\" content=\"\u00c9crit par\" \/>\n\t<meta name=\"twitter:data1\" content=\"Marion\" \/>\n\t<meta name=\"twitter:label2\" content=\"Dur\u00e9e de lecture estim\u00e9e\" \/>\n\t<meta name=\"twitter:data2\" content=\"1 minute\" \/>\n<script type=\"application\/ld+json\" class=\"yoast-schema-graph\">{\"@context\":\"https:\\\/\\\/schema.org\",\"@graph\":[{\"@type\":\"Article\",\"@id\":\"https:\\\/\\\/www.irbab-kbivb.be\\\/fr\\\/bien-identifier-les-maladies-racinaires-en-automne-pour-anticiper-les-problemes-futurs-betteravier-octobre-2019\\\/#article\",\"isPartOf\":{\"@id\":\"https:\\\/\\\/www.irbab-kbivb.be\\\/fr\\\/bien-identifier-les-maladies-racinaires-en-automne-pour-anticiper-les-problemes-futurs-betteravier-octobre-2019\\\/\"},\"author\":{\"name\":\"Marion\",\"@id\":\"https:\\\/\\\/www.irbab-kbivb.be\\\/#\\\/schema\\\/person\\\/dad6fe34d3ac93cce3720797f132a2e5\"},\"headline\":\"Bien identifier les maladies racinaires en automne pour anticiper les probl\u00e8mes futurs (Betteravier octobre 2019)\",\"datePublished\":\"2019-10-30T10:38:23+00:00\",\"dateModified\":\"2019-10-30T10:38:26+00:00\",\"mainEntityOfPage\":{\"@id\":\"https:\\\/\\\/www.irbab-kbivb.be\\\/fr\\\/bien-identifier-les-maladies-racinaires-en-automne-pour-anticiper-les-problemes-futurs-betteravier-octobre-2019\\\/\"},\"wordCount\":122,\"keywords\":[\"Articles\"],\"articleSection\":[\"Maladies racinaires\",\"Protection des plantes\"],\"inLanguage\":\"fr-FR\"},{\"@type\":\"WebPage\",\"@id\":\"https:\\\/\\\/www.irbab-kbivb.be\\\/fr\\\/bien-identifier-les-maladies-racinaires-en-automne-pour-anticiper-les-problemes-futurs-betteravier-octobre-2019\\\/\",\"url\":\"https:\\\/\\\/www.irbab-kbivb.be\\\/fr\\\/bien-identifier-les-maladies-racinaires-en-automne-pour-anticiper-les-problemes-futurs-betteravier-octobre-2019\\\/\",\"name\":\"Bien identifier les maladies racinaires en automne pour anticiper les probl\u00e8mes futurs (Betteravier octobre 2019) - IRBAB-KBIVB\",\"isPartOf\":{\"@id\":\"https:\\\/\\\/www.irbab-kbivb.be\\\/#website\"},\"datePublished\":\"2019-10-30T10:38:23+00:00\",\"dateModified\":\"2019-10-30T10:38:26+00:00\",\"author\":{\"@id\":\"https:\\\/\\\/www.irbab-kbivb.be\\\/#\\\/schema\\\/person\\\/dad6fe34d3ac93cce3720797f132a2e5\"},\"breadcrumb\":{\"@id\":\"https:\\\/\\\/www.irbab-kbivb.be\\\/fr\\\/bien-identifier-les-maladies-racinaires-en-automne-pour-anticiper-les-problemes-futurs-betteravier-octobre-2019\\\/#breadcrumb\"},\"inLanguage\":\"fr-FR\",\"potentialAction\":[{\"@type\":\"ReadAction\",\"target\":[\"https:\\\/\\\/www.irbab-kbivb.be\\\/fr\\\/bien-identifier-les-maladies-racinaires-en-automne-pour-anticiper-les-problemes-futurs-betteravier-octobre-2019\\\/\"]}]},{\"@type\":\"BreadcrumbList\",\"@id\":\"https:\\\/\\\/www.irbab-kbivb.be\\\/fr\\\/bien-identifier-les-maladies-racinaires-en-automne-pour-anticiper-les-problemes-futurs-betteravier-octobre-2019\\\/#breadcrumb\",\"itemListElement\":[{\"@type\":\"ListItem\",\"position\":1,\"name\":\"Home\",\"item\":\"https:\\\/\\\/www.irbab-kbivb.be\\\/fr\\\/\"},{\"@type\":\"ListItem\",\"position\":2,\"name\":\"Betterave\",\"item\":\"https:\\\/\\\/www.irbab-kbivb.be\\\/fr\\\/category\\\/betterave\\\/\"},{\"@type\":\"ListItem\",\"position\":3,\"name\":\"Protection des plantes\",\"item\":\"https:\\\/\\\/www.irbab-kbivb.be\\\/fr\\\/category\\\/betterave\\\/protection-des-plantes\\\/\"},{\"@type\":\"ListItem\",\"position\":4,\"name\":\"Bien identifier les maladies racinaires en automne pour anticiper les probl\u00e8mes futurs (Betteravier octobre 2019)\"}]},{\"@type\":\"WebSite\",\"@id\":\"https:\\\/\\\/www.irbab-kbivb.be\\\/#website\",\"url\":\"https:\\\/\\\/www.irbab-kbivb.be\\\/\",\"name\":\"IRBAB-KBIVB\",\"description\":\"Koninklijk Belgisch Instituut tot Verbetering van de Biet vzw | Institut Royal Belge pour l&#039;Am\u00e9lioration de la Betterave asbl\",\"potentialAction\":[{\"@type\":\"SearchAction\",\"target\":{\"@type\":\"EntryPoint\",\"urlTemplate\":\"https:\\\/\\\/www.irbab-kbivb.be\\\/?s={search_term_string}\"},\"query-input\":{\"@type\":\"PropertyValueSpecification\",\"valueRequired\":true,\"valueName\":\"search_term_string\"}}],\"inLanguage\":\"fr-FR\"},{\"@type\":\"Person\",\"@id\":\"https:\\\/\\\/www.irbab-kbivb.be\\\/#\\\/schema\\\/person\\\/dad6fe34d3ac93cce3720797f132a2e5\",\"name\":\"Marion\",\"image\":{\"@type\":\"ImageObject\",\"inLanguage\":\"fr-FR\",\"@id\":\"https:\\\/\\\/secure.gravatar.com\\\/avatar\\\/05aacf3b7aaf804eb748ec4466641d1174d8526a14e65b425d918689da98856a?s=96&d=mm&r=g\",\"url\":\"https:\\\/\\\/secure.gravatar.com\\\/avatar\\\/05aacf3b7aaf804eb748ec4466641d1174d8526a14e65b425d918689da98856a?s=96&d=mm&r=g\",\"contentUrl\":\"https:\\\/\\\/secure.gravatar.com\\\/avatar\\\/05aacf3b7aaf804eb748ec4466641d1174d8526a14e65b425d918689da98856a?s=96&d=mm&r=g\",\"caption\":\"Marion\"},\"url\":\"https:\\\/\\\/www.irbab-kbivb.be\\\/fr\\\/author\\\/anja\\\/\"}]}<\/script>\n<!-- \/ Yoast SEO plugin. -->","yoast_head_json":{"title":"Bien identifier les maladies racinaires en automne pour anticiper les probl\u00e8mes futurs (Betteravier octobre 2019) - IRBAB-KBIVB","robots":{"index":"index","follow":"follow","max-snippet":"max-snippet:-1","max-image-preview":"max-image-preview:large","max-video-preview":"max-video-preview:-1"},"canonical":"https:\/\/www.irbab-kbivb.be\/fr\/bien-identifier-les-maladies-racinaires-en-automne-pour-anticiper-les-problemes-futurs-betteravier-octobre-2019\/","og_locale":"fr_FR","og_type":"article","og_title":"Bien identifier les maladies racinaires en automne pour anticiper les probl\u00e8mes futurs (Betteravier octobre 2019) - IRBAB-KBIVB","og_description":"Extrait de l&#8217;article publi\u00e9 dans \u2018le Betteravier\u2019 d&#8217;octobre 2019","og_url":"https:\/\/www.irbab-kbivb.be\/fr\/bien-identifier-les-maladies-racinaires-en-automne-pour-anticiper-les-problemes-futurs-betteravier-octobre-2019\/","og_site_name":"IRBAB-KBIVB","article_published_time":"2019-10-30T10:38:23+00:00","article_modified_time":"2019-10-30T10:38:26+00:00","author":"Marion","twitter_card":"summary_large_image","twitter_misc":{"\u00c9crit par":"Marion","Dur\u00e9e de lecture estim\u00e9e":"1 minute"},"schema":{"@context":"https:\/\/schema.org","@graph":[{"@type":"Article","@id":"https:\/\/www.irbab-kbivb.be\/fr\/bien-identifier-les-maladies-racinaires-en-automne-pour-anticiper-les-problemes-futurs-betteravier-octobre-2019\/#article","isPartOf":{"@id":"https:\/\/www.irbab-kbivb.be\/fr\/bien-identifier-les-maladies-racinaires-en-automne-pour-anticiper-les-problemes-futurs-betteravier-octobre-2019\/"},"author":{"name":"Marion","@id":"https:\/\/www.irbab-kbivb.be\/#\/schema\/person\/dad6fe34d3ac93cce3720797f132a2e5"},"headline":"Bien identifier les maladies racinaires en automne pour anticiper les probl\u00e8mes futurs (Betteravier octobre 2019)","datePublished":"2019-10-30T10:38:23+00:00","dateModified":"2019-10-30T10:38:26+00:00","mainEntityOfPage":{"@id":"https:\/\/www.irbab-kbivb.be\/fr\/bien-identifier-les-maladies-racinaires-en-automne-pour-anticiper-les-problemes-futurs-betteravier-octobre-2019\/"},"wordCount":122,"keywords":["Articles"],"articleSection":["Maladies racinaires","Protection des plantes"],"inLanguage":"fr-FR"},{"@type":"WebPage","@id":"https:\/\/www.irbab-kbivb.be\/fr\/bien-identifier-les-maladies-racinaires-en-automne-pour-anticiper-les-problemes-futurs-betteravier-octobre-2019\/","url":"https:\/\/www.irbab-kbivb.be\/fr\/bien-identifier-les-maladies-racinaires-en-automne-pour-anticiper-les-problemes-futurs-betteravier-octobre-2019\/","name":"Bien identifier les maladies racinaires en automne pour anticiper les probl\u00e8mes futurs (Betteravier octobre 2019) - IRBAB-KBIVB","isPartOf":{"@id":"https:\/\/www.irbab-kbivb.be\/#website"},"datePublished":"2019-10-30T10:38:23+00:00","dateModified":"2019-10-30T10:38:26+00:00","author":{"@id":"https:\/\/www.irbab-kbivb.be\/#\/schema\/person\/dad6fe34d3ac93cce3720797f132a2e5"},"breadcrumb":{"@id":"https:\/\/www.irbab-kbivb.be\/fr\/bien-identifier-les-maladies-racinaires-en-automne-pour-anticiper-les-problemes-futurs-betteravier-octobre-2019\/#breadcrumb"},"inLanguage":"fr-FR","potentialAction":[{"@type":"ReadAction","target":["https:\/\/www.irbab-kbivb.be\/fr\/bien-identifier-les-maladies-racinaires-en-automne-pour-anticiper-les-problemes-futurs-betteravier-octobre-2019\/"]}]},{"@type":"BreadcrumbList","@id":"https:\/\/www.irbab-kbivb.be\/fr\/bien-identifier-les-maladies-racinaires-en-automne-pour-anticiper-les-problemes-futurs-betteravier-octobre-2019\/#breadcrumb","itemListElement":[{"@type":"ListItem","position":1,"name":"Home","item":"https:\/\/www.irbab-kbivb.be\/fr\/"},{"@type":"ListItem","position":2,"name":"Betterave","item":"https:\/\/www.irbab-kbivb.be\/fr\/category\/betterave\/"},{"@type":"ListItem","position":3,"name":"Protection des plantes","item":"https:\/\/www.irbab-kbivb.be\/fr\/category\/betterave\/protection-des-plantes\/"},{"@type":"ListItem","position":4,"name":"Bien identifier les maladies racinaires en automne pour anticiper les probl\u00e8mes futurs (Betteravier octobre 2019)"}]},{"@type":"WebSite","@id":"https:\/\/www.irbab-kbivb.be\/#website","url":"https:\/\/www.irbab-kbivb.be\/","name":"IRBAB-KBIVB","description":"Koninklijk Belgisch Instituut tot Verbetering van de Biet vzw | Institut Royal Belge pour l&#039;Am\u00e9lioration de la Betterave asbl","potentialAction":[{"@type":"SearchAction","target":{"@type":"EntryPoint","urlTemplate":"https:\/\/www.irbab-kbivb.be\/?s={search_term_string}"},"query-input":{"@type":"PropertyValueSpecification","valueRequired":true,"valueName":"search_term_string"}}],"inLanguage":"fr-FR"},{"@type":"Person","@id":"https:\/\/www.irbab-kbivb.be\/#\/schema\/person\/dad6fe34d3ac93cce3720797f132a2e5","name":"Marion","image":{"@type":"ImageObject","inLanguage":"fr-FR","@id":"https:\/\/secure.gravatar.com\/avatar\/05aacf3b7aaf804eb748ec4466641d1174d8526a14e65b425d918689da98856a?s=96&d=mm&r=g","url":"https:\/\/secure.gravatar.com\/avatar\/05aacf3b7aaf804eb748ec4466641d1174d8526a14e65b425d918689da98856a?s=96&d=mm&r=g","contentUrl":"https:\/\/secure.gravatar.com\/avatar\/05aacf3b7aaf804eb748ec4466641d1174d8526a14e65b425d918689da98856a?s=96&d=mm&r=g","caption":"Marion"},"url":"https:\/\/www.irbab-kbivb.be\/fr\/author\/anja\/"}]}},"_links":{"self":[{"href":"https:\/\/www.irbab-kbivb.be\/fr\/wp-json\/wp\/v2\/posts\/16011","targetHints":{"allow":["GET"]}}],"collection":[{"href":"https:\/\/www.irbab-kbivb.be\/fr\/wp-json\/wp\/v2\/posts"}],"about":[{"href":"https:\/\/www.irbab-kbivb.be\/fr\/wp-json\/wp\/v2\/types\/post"}],"author":[{"embeddable":true,"href":"https:\/\/www.irbab-kbivb.be\/fr\/wp-json\/wp\/v2\/users\/3"}],"replies":[{"embeddable":true,"href":"https:\/\/www.irbab-kbivb.be\/fr\/wp-json\/wp\/v2\/comments?post=16011"}],"version-history":[{"count":3,"href":"https:\/\/www.irbab-kbivb.be\/fr\/wp-json\/wp\/v2\/posts\/16011\/revisions"}],"predecessor-version":[{"id":16241,"href":"https:\/\/www.irbab-kbivb.be\/fr\/wp-json\/wp\/v2\/posts\/16011\/revisions\/16241"}],"wp:attachment":[{"href":"https:\/\/www.irbab-kbivb.be\/fr\/wp-json\/wp\/v2\/media?parent=16011"}],"wp:term":[{"taxonomy":"category","embeddable":true,"href":"https:\/\/www.irbab-kbivb.be\/fr\/wp-json\/wp\/v2\/categories?post=16011"},{"taxonomy":"post_tag","embeddable":true,"href":"https:\/\/www.irbab-kbivb.be\/fr\/wp-json\/wp\/v2\/tags?post=16011"}],"curies":[{"name":"wp","href":"https:\/\/api.w.org\/{rel}","templated":true}]}}