{"id":11052,"date":"2018-05-23T14:06:27","date_gmt":"2018-05-23T12:06:27","guid":{"rendered":"http:\/\/www.irbab-kbivb.be\/?p=11052"},"modified":"2018-05-23T15:32:48","modified_gmt":"2018-05-23T13:32:48","slug":"aphanomyces-pied-noir-observe-dans-les-champs-de-betteraves-a-sols-refermes","status":"publish","type":"post","link":"https:\/\/www.irbab-kbivb.be\/fr\/aphanomyces-pied-noir-observe-dans-les-champs-de-betteraves-a-sols-refermes\/","title":{"rendered":"Aphanomyces \u2013 pied noir observ\u00e9 dans les champs de betteraves \u00e0 sols referm\u00e9s"},"content":{"rendered":"<p style=\"text-align: justify;\"><a href=\"https:\/\/www.irbab-kbivb.be\/wp-content\/uploads\/2018\/05\/Aphanomyces_23052018.jpg\"><img loading=\"lazy\" decoding=\"async\" class=\"rounded alignleft wp-image-11073 size-medium\" src=\"https:\/\/www.irbab-kbivb.be\/wp-content\/uploads\/2018\/05\/Aphanomyces_23052018-300x206.jpg\" alt=\"\" width=\"300\" height=\"206\" srcset=\"https:\/\/www.irbab-kbivb.be\/wp-content\/uploads\/2018\/05\/Aphanomyces_23052018-300x206.jpg 300w, https:\/\/www.irbab-kbivb.be\/wp-content\/uploads\/2018\/05\/Aphanomyces_23052018-768x528.jpg 768w, https:\/\/www.irbab-kbivb.be\/wp-content\/uploads\/2018\/05\/Aphanomyces_23052018-1024x704.jpg 1024w, https:\/\/www.irbab-kbivb.be\/wp-content\/uploads\/2018\/05\/Aphanomyces_23052018-810x557.jpg 810w, https:\/\/www.irbab-kbivb.be\/wp-content\/uploads\/2018\/05\/Aphanomyces_23052018-145x100.jpg 145w, https:\/\/www.irbab-kbivb.be\/wp-content\/uploads\/2018\/05\/Aphanomyces_23052018-380x260.jpg 380w, https:\/\/www.irbab-kbivb.be\/wp-content\/uploads\/2018\/05\/Aphanomyces_23052018.jpg 1047w\" sizes=\"auto, (max-width: 300px) 100vw, 300px\" \/><\/a>Des sympt\u00f4mes d\u2019<em>Aphanomyces cochlioides <\/em>ou pied noir sont observ\u00e9s sur des parcelles pr\u00e9sentant un sol referm\u00e9 par les pluies. Pour le moment, cette maladie peut \u00eatre reconnue comme une plante de betterave qui se fane et se casse juste au-dessus de la surface du sol. Il ne faut pas confondre cette maladie avec les infections pr\u00e9coces de rhizoctone brun, qui peuvent \u00e9galement \u00eatre observ\u00e9es \u00e0 l&#8217;heure actuelle.<\/p>\n<p style=\"text-align: justify;\">Ce champignon du sol a eu l&#8217;occasion de se d\u00e9velopper et d&#8217;attaquer les plantes \u00e0 cause d\u2019un manque d&#8217;oxyg\u00e8ne en combinaison avec les conditions chaudes. Le manque d&#8217;oxyg\u00e8ne a \u00e9t\u00e9 caus\u00e9 par les violentes temp\u00eates du d\u00e9but du mois, ce qui a provoqu\u00e9 la battance de certaines parcelles. Au d\u00e9but de la saison, les fongicides dans l\u2019enrobage prot\u00e8gent les jeunes plantules. <strong>Si le champignon attaque la betterave \u00e0 un stade pr\u00e9coce, l\u2019hypocotyle peut \u00eatre compl\u00e8tement r\u00e9tr\u00e9ci et se briser \u00e0 la surface du sol (voir photo).<\/strong> Pour ces infections et m\u00eame les infections plus tardives telles que nous les avons connues en 2016, aucun traitement n&#8217;est possible pendant la culture.<\/p>\n","protected":false},"excerpt":{"rendered":"<p>Des sympt\u00f4mes d\u2019Aphanomyces cochlioides ou pied noir sont observ\u00e9s sur des parcelles pr\u00e9sentant un sol referm\u00e9 par les pluies. Pour le moment, cette maladie peut \u00eatre reconnue comme une plante de betterave qui se fane et se casse juste au-dessus de la surface du sol. Il ne faut pas confondre cette maladie avec les infections [&hellip;]<\/p>\n","protected":false},"author":3,"featured_media":11073,"comment_status":"closed","ping_status":"open","sticky":false,"template":"","format":"standard","meta":{"iawp_total_views":7,"footnotes":""},"categories":[2,223,222],"tags":[243],"class_list":["post-11052","post","type-post","status-publish","format-standard","has-post-thumbnail","hentry","category-betterave","category-maladies-racinaires","category-ravageurs","tag-messages"],"yoast_head":"<!-- This site is optimized with the Yoast SEO plugin v27.5 - https:\/\/yoast.com\/product\/yoast-seo-wordpress\/ -->\n<title>Aphanomyces \u2013 pied noir observ\u00e9 dans les champs de betteraves \u00e0 sols referm\u00e9s - IRBAB-KBIVB<\/title>\n<meta name=\"robots\" content=\"index, follow, max-snippet:-1, max-image-preview:large, max-video-preview:-1\" \/>\n<link rel=\"canonical\" href=\"https:\/\/www.irbab-kbivb.be\/fr\/aphanomyces-pied-noir-observe-dans-les-champs-de-betteraves-a-sols-refermes\/\" \/>\n<meta property=\"og:locale\" content=\"fr_FR\" \/>\n<meta property=\"og:type\" content=\"article\" \/>\n<meta property=\"og:title\" content=\"Aphanomyces \u2013 pied noir observ\u00e9 dans les champs de betteraves \u00e0 sols referm\u00e9s - IRBAB-KBIVB\" \/>\n<meta property=\"og:description\" content=\"Des sympt\u00f4mes d\u2019Aphanomyces cochlioides ou pied noir sont observ\u00e9s sur des parcelles pr\u00e9sentant un sol referm\u00e9 par les pluies. Pour le moment, cette maladie peut \u00eatre reconnue comme une plante de betterave qui se fane et se casse juste au-dessus de la surface du sol. Il ne faut pas confondre cette maladie avec les infections [&hellip;]\" \/>\n<meta property=\"og:url\" content=\"https:\/\/www.irbab-kbivb.be\/fr\/aphanomyces-pied-noir-observe-dans-les-champs-de-betteraves-a-sols-refermes\/\" \/>\n<meta property=\"og:site_name\" content=\"IRBAB-KBIVB\" \/>\n<meta property=\"article:published_time\" content=\"2018-05-23T12:06:27+00:00\" \/>\n<meta property=\"article:modified_time\" content=\"2018-05-23T13:32:48+00:00\" \/>\n<meta property=\"og:image\" content=\"https:\/\/www.irbab-kbivb.be\/wp-content\/uploads\/2018\/05\/Aphanomyces_23052018.jpg\" \/>\n\t<meta property=\"og:image:width\" content=\"1047\" \/>\n\t<meta property=\"og:image:height\" content=\"720\" \/>\n\t<meta property=\"og:image:type\" content=\"image\/jpeg\" \/>\n<meta name=\"author\" content=\"Marion\" \/>\n<meta name=\"twitter:card\" content=\"summary_large_image\" \/>\n<meta name=\"twitter:label1\" content=\"\u00c9crit par\" \/>\n\t<meta name=\"twitter:data1\" content=\"Marion\" \/>\n\t<meta name=\"twitter:label2\" content=\"Dur\u00e9e de lecture estim\u00e9e\" \/>\n\t<meta name=\"twitter:data2\" content=\"1 minute\" \/>\n<script type=\"application\/ld+json\" class=\"yoast-schema-graph\">{\"@context\":\"https:\\\/\\\/schema.org\",\"@graph\":[{\"@type\":\"Article\",\"@id\":\"https:\\\/\\\/www.irbab-kbivb.be\\\/fr\\\/aphanomyces-pied-noir-observe-dans-les-champs-de-betteraves-a-sols-refermes\\\/#article\",\"isPartOf\":{\"@id\":\"https:\\\/\\\/www.irbab-kbivb.be\\\/fr\\\/aphanomyces-pied-noir-observe-dans-les-champs-de-betteraves-a-sols-refermes\\\/\"},\"author\":{\"name\":\"Marion\",\"@id\":\"https:\\\/\\\/www.irbab-kbivb.be\\\/#\\\/schema\\\/person\\\/dad6fe34d3ac93cce3720797f132a2e5\"},\"headline\":\"Aphanomyces \u2013 pied noir observ\u00e9 dans les champs de betteraves \u00e0 sols referm\u00e9s\",\"datePublished\":\"2018-05-23T12:06:27+00:00\",\"dateModified\":\"2018-05-23T13:32:48+00:00\",\"mainEntityOfPage\":{\"@id\":\"https:\\\/\\\/www.irbab-kbivb.be\\\/fr\\\/aphanomyces-pied-noir-observe-dans-les-champs-de-betteraves-a-sols-refermes\\\/\"},\"wordCount\":205,\"image\":{\"@id\":\"https:\\\/\\\/www.irbab-kbivb.be\\\/fr\\\/aphanomyces-pied-noir-observe-dans-les-champs-de-betteraves-a-sols-refermes\\\/#primaryimage\"},\"thumbnailUrl\":\"https:\\\/\\\/www.irbab-kbivb.be\\\/wp-content\\\/uploads\\\/2018\\\/05\\\/Aphanomyces_23052018.jpg\",\"keywords\":[\"Messages\"],\"articleSection\":[\"Betterave\",\"Maladies racinaires\",\"Ravageurs\"],\"inLanguage\":\"fr-FR\"},{\"@type\":\"WebPage\",\"@id\":\"https:\\\/\\\/www.irbab-kbivb.be\\\/fr\\\/aphanomyces-pied-noir-observe-dans-les-champs-de-betteraves-a-sols-refermes\\\/\",\"url\":\"https:\\\/\\\/www.irbab-kbivb.be\\\/fr\\\/aphanomyces-pied-noir-observe-dans-les-champs-de-betteraves-a-sols-refermes\\\/\",\"name\":\"Aphanomyces \u2013 pied noir observ\u00e9 dans les champs de betteraves \u00e0 sols referm\u00e9s - IRBAB-KBIVB\",\"isPartOf\":{\"@id\":\"https:\\\/\\\/www.irbab-kbivb.be\\\/#website\"},\"primaryImageOfPage\":{\"@id\":\"https:\\\/\\\/www.irbab-kbivb.be\\\/fr\\\/aphanomyces-pied-noir-observe-dans-les-champs-de-betteraves-a-sols-refermes\\\/#primaryimage\"},\"image\":{\"@id\":\"https:\\\/\\\/www.irbab-kbivb.be\\\/fr\\\/aphanomyces-pied-noir-observe-dans-les-champs-de-betteraves-a-sols-refermes\\\/#primaryimage\"},\"thumbnailUrl\":\"https:\\\/\\\/www.irbab-kbivb.be\\\/wp-content\\\/uploads\\\/2018\\\/05\\\/Aphanomyces_23052018.jpg\",\"datePublished\":\"2018-05-23T12:06:27+00:00\",\"dateModified\":\"2018-05-23T13:32:48+00:00\",\"author\":{\"@id\":\"https:\\\/\\\/www.irbab-kbivb.be\\\/#\\\/schema\\\/person\\\/dad6fe34d3ac93cce3720797f132a2e5\"},\"breadcrumb\":{\"@id\":\"https:\\\/\\\/www.irbab-kbivb.be\\\/fr\\\/aphanomyces-pied-noir-observe-dans-les-champs-de-betteraves-a-sols-refermes\\\/#breadcrumb\"},\"inLanguage\":\"fr-FR\",\"potentialAction\":[{\"@type\":\"ReadAction\",\"target\":[\"https:\\\/\\\/www.irbab-kbivb.be\\\/fr\\\/aphanomyces-pied-noir-observe-dans-les-champs-de-betteraves-a-sols-refermes\\\/\"]}]},{\"@type\":\"ImageObject\",\"inLanguage\":\"fr-FR\",\"@id\":\"https:\\\/\\\/www.irbab-kbivb.be\\\/fr\\\/aphanomyces-pied-noir-observe-dans-les-champs-de-betteraves-a-sols-refermes\\\/#primaryimage\",\"url\":\"https:\\\/\\\/www.irbab-kbivb.be\\\/wp-content\\\/uploads\\\/2018\\\/05\\\/Aphanomyces_23052018.jpg\",\"contentUrl\":\"https:\\\/\\\/www.irbab-kbivb.be\\\/wp-content\\\/uploads\\\/2018\\\/05\\\/Aphanomyces_23052018.jpg\",\"width\":1047,\"height\":720},{\"@type\":\"BreadcrumbList\",\"@id\":\"https:\\\/\\\/www.irbab-kbivb.be\\\/fr\\\/aphanomyces-pied-noir-observe-dans-les-champs-de-betteraves-a-sols-refermes\\\/#breadcrumb\",\"itemListElement\":[{\"@type\":\"ListItem\",\"position\":1,\"name\":\"Home\",\"item\":\"https:\\\/\\\/www.irbab-kbivb.be\\\/fr\\\/\"},{\"@type\":\"ListItem\",\"position\":2,\"name\":\"Betterave\",\"item\":\"https:\\\/\\\/www.irbab-kbivb.be\\\/fr\\\/category\\\/betterave\\\/\"},{\"@type\":\"ListItem\",\"position\":3,\"name\":\"Protection des plantes\",\"item\":\"https:\\\/\\\/www.irbab-kbivb.be\\\/fr\\\/category\\\/betterave\\\/protection-des-plantes\\\/\"},{\"@type\":\"ListItem\",\"position\":4,\"name\":\"Maladies racinaires\",\"item\":\"https:\\\/\\\/www.irbab-kbivb.be\\\/fr\\\/category\\\/betterave\\\/protection-des-plantes\\\/maladies-racinaires\\\/\"},{\"@type\":\"ListItem\",\"position\":5,\"name\":\"Aphanomyces \u2013 pied noir observ\u00e9 dans les champs de betteraves \u00e0 sols referm\u00e9s\"}]},{\"@type\":\"WebSite\",\"@id\":\"https:\\\/\\\/www.irbab-kbivb.be\\\/#website\",\"url\":\"https:\\\/\\\/www.irbab-kbivb.be\\\/\",\"name\":\"IRBAB-KBIVB\",\"description\":\"Koninklijk Belgisch Instituut tot Verbetering van de Biet vzw | Institut Royal Belge pour l&#039;Am\u00e9lioration de la Betterave asbl\",\"potentialAction\":[{\"@type\":\"SearchAction\",\"target\":{\"@type\":\"EntryPoint\",\"urlTemplate\":\"https:\\\/\\\/www.irbab-kbivb.be\\\/?s={search_term_string}\"},\"query-input\":{\"@type\":\"PropertyValueSpecification\",\"valueRequired\":true,\"valueName\":\"search_term_string\"}}],\"inLanguage\":\"fr-FR\"},{\"@type\":\"Person\",\"@id\":\"https:\\\/\\\/www.irbab-kbivb.be\\\/#\\\/schema\\\/person\\\/dad6fe34d3ac93cce3720797f132a2e5\",\"name\":\"Marion\",\"image\":{\"@type\":\"ImageObject\",\"inLanguage\":\"fr-FR\",\"@id\":\"https:\\\/\\\/secure.gravatar.com\\\/avatar\\\/05aacf3b7aaf804eb748ec4466641d1174d8526a14e65b425d918689da98856a?s=96&d=mm&r=g\",\"url\":\"https:\\\/\\\/secure.gravatar.com\\\/avatar\\\/05aacf3b7aaf804eb748ec4466641d1174d8526a14e65b425d918689da98856a?s=96&d=mm&r=g\",\"contentUrl\":\"https:\\\/\\\/secure.gravatar.com\\\/avatar\\\/05aacf3b7aaf804eb748ec4466641d1174d8526a14e65b425d918689da98856a?s=96&d=mm&r=g\",\"caption\":\"Marion\"},\"url\":\"https:\\\/\\\/www.irbab-kbivb.be\\\/fr\\\/author\\\/anja\\\/\"}]}<\/script>\n<!-- \/ Yoast SEO plugin. -->","yoast_head_json":{"title":"Aphanomyces \u2013 pied noir observ\u00e9 dans les champs de betteraves \u00e0 sols referm\u00e9s - IRBAB-KBIVB","robots":{"index":"index","follow":"follow","max-snippet":"max-snippet:-1","max-image-preview":"max-image-preview:large","max-video-preview":"max-video-preview:-1"},"canonical":"https:\/\/www.irbab-kbivb.be\/fr\/aphanomyces-pied-noir-observe-dans-les-champs-de-betteraves-a-sols-refermes\/","og_locale":"fr_FR","og_type":"article","og_title":"Aphanomyces \u2013 pied noir observ\u00e9 dans les champs de betteraves \u00e0 sols referm\u00e9s - IRBAB-KBIVB","og_description":"Des sympt\u00f4mes d\u2019Aphanomyces cochlioides ou pied noir sont observ\u00e9s sur des parcelles pr\u00e9sentant un sol referm\u00e9 par les pluies. Pour le moment, cette maladie peut \u00eatre reconnue comme une plante de betterave qui se fane et se casse juste au-dessus de la surface du sol. Il ne faut pas confondre cette maladie avec les infections [&hellip;]","og_url":"https:\/\/www.irbab-kbivb.be\/fr\/aphanomyces-pied-noir-observe-dans-les-champs-de-betteraves-a-sols-refermes\/","og_site_name":"IRBAB-KBIVB","article_published_time":"2018-05-23T12:06:27+00:00","article_modified_time":"2018-05-23T13:32:48+00:00","og_image":[{"width":1047,"height":720,"url":"https:\/\/www.irbab-kbivb.be\/wp-content\/uploads\/2018\/05\/Aphanomyces_23052018.jpg","type":"image\/jpeg"}],"author":"Marion","twitter_card":"summary_large_image","twitter_misc":{"\u00c9crit par":"Marion","Dur\u00e9e de lecture estim\u00e9e":"1 minute"},"schema":{"@context":"https:\/\/schema.org","@graph":[{"@type":"Article","@id":"https:\/\/www.irbab-kbivb.be\/fr\/aphanomyces-pied-noir-observe-dans-les-champs-de-betteraves-a-sols-refermes\/#article","isPartOf":{"@id":"https:\/\/www.irbab-kbivb.be\/fr\/aphanomyces-pied-noir-observe-dans-les-champs-de-betteraves-a-sols-refermes\/"},"author":{"name":"Marion","@id":"https:\/\/www.irbab-kbivb.be\/#\/schema\/person\/dad6fe34d3ac93cce3720797f132a2e5"},"headline":"Aphanomyces \u2013 pied noir observ\u00e9 dans les champs de betteraves \u00e0 sols referm\u00e9s","datePublished":"2018-05-23T12:06:27+00:00","dateModified":"2018-05-23T13:32:48+00:00","mainEntityOfPage":{"@id":"https:\/\/www.irbab-kbivb.be\/fr\/aphanomyces-pied-noir-observe-dans-les-champs-de-betteraves-a-sols-refermes\/"},"wordCount":205,"image":{"@id":"https:\/\/www.irbab-kbivb.be\/fr\/aphanomyces-pied-noir-observe-dans-les-champs-de-betteraves-a-sols-refermes\/#primaryimage"},"thumbnailUrl":"https:\/\/www.irbab-kbivb.be\/wp-content\/uploads\/2018\/05\/Aphanomyces_23052018.jpg","keywords":["Messages"],"articleSection":["Betterave","Maladies racinaires","Ravageurs"],"inLanguage":"fr-FR"},{"@type":"WebPage","@id":"https:\/\/www.irbab-kbivb.be\/fr\/aphanomyces-pied-noir-observe-dans-les-champs-de-betteraves-a-sols-refermes\/","url":"https:\/\/www.irbab-kbivb.be\/fr\/aphanomyces-pied-noir-observe-dans-les-champs-de-betteraves-a-sols-refermes\/","name":"Aphanomyces \u2013 pied noir observ\u00e9 dans les champs de betteraves \u00e0 sols referm\u00e9s - IRBAB-KBIVB","isPartOf":{"@id":"https:\/\/www.irbab-kbivb.be\/#website"},"primaryImageOfPage":{"@id":"https:\/\/www.irbab-kbivb.be\/fr\/aphanomyces-pied-noir-observe-dans-les-champs-de-betteraves-a-sols-refermes\/#primaryimage"},"image":{"@id":"https:\/\/www.irbab-kbivb.be\/fr\/aphanomyces-pied-noir-observe-dans-les-champs-de-betteraves-a-sols-refermes\/#primaryimage"},"thumbnailUrl":"https:\/\/www.irbab-kbivb.be\/wp-content\/uploads\/2018\/05\/Aphanomyces_23052018.jpg","datePublished":"2018-05-23T12:06:27+00:00","dateModified":"2018-05-23T13:32:48+00:00","author":{"@id":"https:\/\/www.irbab-kbivb.be\/#\/schema\/person\/dad6fe34d3ac93cce3720797f132a2e5"},"breadcrumb":{"@id":"https:\/\/www.irbab-kbivb.be\/fr\/aphanomyces-pied-noir-observe-dans-les-champs-de-betteraves-a-sols-refermes\/#breadcrumb"},"inLanguage":"fr-FR","potentialAction":[{"@type":"ReadAction","target":["https:\/\/www.irbab-kbivb.be\/fr\/aphanomyces-pied-noir-observe-dans-les-champs-de-betteraves-a-sols-refermes\/"]}]},{"@type":"ImageObject","inLanguage":"fr-FR","@id":"https:\/\/www.irbab-kbivb.be\/fr\/aphanomyces-pied-noir-observe-dans-les-champs-de-betteraves-a-sols-refermes\/#primaryimage","url":"https:\/\/www.irbab-kbivb.be\/wp-content\/uploads\/2018\/05\/Aphanomyces_23052018.jpg","contentUrl":"https:\/\/www.irbab-kbivb.be\/wp-content\/uploads\/2018\/05\/Aphanomyces_23052018.jpg","width":1047,"height":720},{"@type":"BreadcrumbList","@id":"https:\/\/www.irbab-kbivb.be\/fr\/aphanomyces-pied-noir-observe-dans-les-champs-de-betteraves-a-sols-refermes\/#breadcrumb","itemListElement":[{"@type":"ListItem","position":1,"name":"Home","item":"https:\/\/www.irbab-kbivb.be\/fr\/"},{"@type":"ListItem","position":2,"name":"Betterave","item":"https:\/\/www.irbab-kbivb.be\/fr\/category\/betterave\/"},{"@type":"ListItem","position":3,"name":"Protection des plantes","item":"https:\/\/www.irbab-kbivb.be\/fr\/category\/betterave\/protection-des-plantes\/"},{"@type":"ListItem","position":4,"name":"Maladies racinaires","item":"https:\/\/www.irbab-kbivb.be\/fr\/category\/betterave\/protection-des-plantes\/maladies-racinaires\/"},{"@type":"ListItem","position":5,"name":"Aphanomyces \u2013 pied noir observ\u00e9 dans les champs de betteraves \u00e0 sols referm\u00e9s"}]},{"@type":"WebSite","@id":"https:\/\/www.irbab-kbivb.be\/#website","url":"https:\/\/www.irbab-kbivb.be\/","name":"IRBAB-KBIVB","description":"Koninklijk Belgisch Instituut tot Verbetering van de Biet vzw | Institut Royal Belge pour l&#039;Am\u00e9lioration de la Betterave asbl","potentialAction":[{"@type":"SearchAction","target":{"@type":"EntryPoint","urlTemplate":"https:\/\/www.irbab-kbivb.be\/?s={search_term_string}"},"query-input":{"@type":"PropertyValueSpecification","valueRequired":true,"valueName":"search_term_string"}}],"inLanguage":"fr-FR"},{"@type":"Person","@id":"https:\/\/www.irbab-kbivb.be\/#\/schema\/person\/dad6fe34d3ac93cce3720797f132a2e5","name":"Marion","image":{"@type":"ImageObject","inLanguage":"fr-FR","@id":"https:\/\/secure.gravatar.com\/avatar\/05aacf3b7aaf804eb748ec4466641d1174d8526a14e65b425d918689da98856a?s=96&d=mm&r=g","url":"https:\/\/secure.gravatar.com\/avatar\/05aacf3b7aaf804eb748ec4466641d1174d8526a14e65b425d918689da98856a?s=96&d=mm&r=g","contentUrl":"https:\/\/secure.gravatar.com\/avatar\/05aacf3b7aaf804eb748ec4466641d1174d8526a14e65b425d918689da98856a?s=96&d=mm&r=g","caption":"Marion"},"url":"https:\/\/www.irbab-kbivb.be\/fr\/author\/anja\/"}]}},"_links":{"self":[{"href":"https:\/\/www.irbab-kbivb.be\/fr\/wp-json\/wp\/v2\/posts\/11052","targetHints":{"allow":["GET"]}}],"collection":[{"href":"https:\/\/www.irbab-kbivb.be\/fr\/wp-json\/wp\/v2\/posts"}],"about":[{"href":"https:\/\/www.irbab-kbivb.be\/fr\/wp-json\/wp\/v2\/types\/post"}],"author":[{"embeddable":true,"href":"https:\/\/www.irbab-kbivb.be\/fr\/wp-json\/wp\/v2\/users\/3"}],"replies":[{"embeddable":true,"href":"https:\/\/www.irbab-kbivb.be\/fr\/wp-json\/wp\/v2\/comments?post=11052"}],"version-history":[{"count":3,"href":"https:\/\/www.irbab-kbivb.be\/fr\/wp-json\/wp\/v2\/posts\/11052\/revisions"}],"predecessor-version":[{"id":11078,"href":"https:\/\/www.irbab-kbivb.be\/fr\/wp-json\/wp\/v2\/posts\/11052\/revisions\/11078"}],"wp:featuredmedia":[{"embeddable":true,"href":"https:\/\/www.irbab-kbivb.be\/fr\/wp-json\/wp\/v2\/media\/11073"}],"wp:attachment":[{"href":"https:\/\/www.irbab-kbivb.be\/fr\/wp-json\/wp\/v2\/media?parent=11052"}],"wp:term":[{"taxonomy":"category","embeddable":true,"href":"https:\/\/www.irbab-kbivb.be\/fr\/wp-json\/wp\/v2\/categories?post=11052"},{"taxonomy":"post_tag","embeddable":true,"href":"https:\/\/www.irbab-kbivb.be\/fr\/wp-json\/wp\/v2\/tags?post=11052"}],"curies":[{"name":"wp","href":"https:\/\/api.w.org\/{rel}","templated":true}]}}