{"id":10655,"date":"2018-01-19T11:58:20","date_gmt":"2018-01-19T10:58:20","guid":{"rendered":"http:\/\/www.irbab-kbivb.be\/?p=10655"},"modified":"2018-02-27T12:20:12","modified_gmt":"2018-02-27T11:20:12","slug":"13-nouvelles-inscriptions-betteraves-sucrieres-au-catalogue-belge-des-varietes-betteravier-fevrier-2018","status":"publish","type":"post","link":"https:\/\/www.irbab-kbivb.be\/fr\/13-nouvelles-inscriptions-betteraves-sucrieres-au-catalogue-belge-des-varietes-betteravier-fevrier-2018\/","title":{"rendered":"13 nouvelles inscriptions de betteraves sucri\u00e8res au catalogue belge des vari\u00e9t\u00e9s (betteravier f\u00e9vrier 2018)"},"content":{"rendered":"<p><em>extrait de l&#8217;article publi\u00e9 dans \u2018le Betteravier\u2019 de f\u00e9vrier 2018<\/em><\/p>\n<p><!--more--><\/p>\n<p><a href=\"https:\/\/www.irbab-kbivb.be\/wp-content\/uploads\/2018\/01\/rassen_vari\u00e9t\u00e9s_2018.jpg\"><img loading=\"lazy\" decoding=\"async\" class=\"rounded alignleft wp-image-10653 size-medium\" src=\"https:\/\/www.irbab-kbivb.be\/wp-content\/uploads\/2018\/01\/rassen_vari\u00e9t\u00e9s_2018-300x225.jpg\" alt=\"\" width=\"300\" height=\"225\" srcset=\"https:\/\/www.irbab-kbivb.be\/wp-content\/uploads\/2018\/01\/rassen_vari\u00e9t\u00e9s_2018-300x225.jpg 300w, https:\/\/www.irbab-kbivb.be\/wp-content\/uploads\/2018\/01\/rassen_vari\u00e9t\u00e9s_2018-768x576.jpg 768w, https:\/\/www.irbab-kbivb.be\/wp-content\/uploads\/2018\/01\/rassen_vari\u00e9t\u00e9s_2018-600x450.jpg 600w, https:\/\/www.irbab-kbivb.be\/wp-content\/uploads\/2018\/01\/rassen_vari\u00e9t\u00e9s_2018-810x608.jpg 810w, https:\/\/www.irbab-kbivb.be\/wp-content\/uploads\/2018\/01\/rassen_vari\u00e9t\u00e9s_2018.jpg 960w\" sizes=\"auto, (max-width: 300px) 100vw, 300px\" \/><\/a>Sur la base des r\u00e9sultats des essais r\u00e9alis\u00e9s en 2016 et 2017, les vari\u00e9t\u00e9s de betteraves sucri\u00e8res suivantes ont \u00e9t\u00e9 admises au catalogue national des vari\u00e9t\u00e9s d&#8217;esp\u00e8ces de plantes agricoles dans les cat\u00e9gories :<\/p>\n<p>&#8211; vari\u00e9t\u00e9s tol\u00e9rantes \u00e0 la rhizomanie : <strong>Aldrin, Aral, BTS4235, Corrado, Mankell<\/strong>\u00a0;<\/p>\n<p>&#8211; vari\u00e9t\u00e9s tol\u00e9rantes \u00e0 la rhizomanie et tol\u00e9rantes au n\u00e9matode \u00e0 kyste : <strong>Bayamo, BTS3480N<\/strong>, <strong>Comix, Gwendolina KWS, Lonneka KWS, Lunella KWS<\/strong>\u00a0;<\/p>\n<p>&#8211; vari\u00e9t\u00e9s tol\u00e9rantes \u00e0 la rhizomanie et r\u00e9sistantes au rhizoctone brun : <strong>BTS4190RHC, Tiaris<\/strong>.<\/p>\n<p>Vous trouverez toutes les informations dans le Betteravier<\/p>\n<p>Auteurs: Andr\u00e9 Wauters<\/p>\n<hr \/>\n<p><em>L&#8217;article complet avec chiffres peut \u00eatre t\u00e9l\u00e9charg\u00e9 ici:<\/em><\/p>\n","protected":false},"excerpt":{"rendered":"<p>extrait de l&#8217;article publi\u00e9 dans \u2018le Betteravier\u2019 de f\u00e9vrier 2018<\/p>\n","protected":false},"author":5,"featured_media":10653,"comment_status":"closed","ping_status":"open","sticky":false,"template":"","format":"standard","meta":{"iawp_total_views":0,"footnotes":""},"categories":[219],"tags":[243],"class_list":["post-10655","post","type-post","status-publish","format-standard","has-post-thumbnail","hentry","category-varietes","tag-messages"],"yoast_head":"<!-- This site is optimized with the Yoast SEO plugin v27.5 - https:\/\/yoast.com\/product\/yoast-seo-wordpress\/ -->\n<title>13 nouvelles inscriptions de betteraves sucri\u00e8res au catalogue belge des vari\u00e9t\u00e9s (betteravier f\u00e9vrier 2018) - IRBAB-KBIVB<\/title>\n<meta name=\"robots\" content=\"index, follow, max-snippet:-1, max-image-preview:large, max-video-preview:-1\" \/>\n<link rel=\"canonical\" href=\"https:\/\/www.irbab-kbivb.be\/fr\/13-nouvelles-inscriptions-betteraves-sucrieres-au-catalogue-belge-des-varietes-betteravier-fevrier-2018\/\" \/>\n<meta property=\"og:locale\" content=\"fr_FR\" \/>\n<meta property=\"og:type\" content=\"article\" \/>\n<meta property=\"og:title\" content=\"13 nouvelles inscriptions de betteraves sucri\u00e8res au catalogue belge des vari\u00e9t\u00e9s (betteravier f\u00e9vrier 2018) - IRBAB-KBIVB\" \/>\n<meta property=\"og:description\" content=\"extrait de l&#8217;article publi\u00e9 dans \u2018le Betteravier\u2019 de f\u00e9vrier 2018\" \/>\n<meta property=\"og:url\" content=\"https:\/\/www.irbab-kbivb.be\/fr\/13-nouvelles-inscriptions-betteraves-sucrieres-au-catalogue-belge-des-varietes-betteravier-fevrier-2018\/\" \/>\n<meta property=\"og:site_name\" content=\"IRBAB-KBIVB\" \/>\n<meta property=\"article:published_time\" content=\"2018-01-19T10:58:20+00:00\" \/>\n<meta property=\"article:modified_time\" content=\"2018-02-27T11:20:12+00:00\" \/>\n<meta property=\"og:image\" content=\"https:\/\/www.irbab-kbivb.be\/wp-content\/uploads\/2018\/01\/rassen_vari\u00e9t\u00e9s_2018.jpg\" \/>\n\t<meta property=\"og:image:width\" content=\"960\" \/>\n\t<meta property=\"og:image:height\" content=\"720\" \/>\n\t<meta property=\"og:image:type\" content=\"image\/jpeg\" \/>\n<meta name=\"author\" content=\"Patrick Delaitte\" \/>\n<meta name=\"twitter:card\" content=\"summary_large_image\" \/>\n<meta name=\"twitter:label1\" content=\"\u00c9crit par\" \/>\n\t<meta name=\"twitter:data1\" content=\"Patrick Delaitte\" \/>\n\t<meta name=\"twitter:label2\" content=\"Dur\u00e9e de lecture estim\u00e9e\" \/>\n\t<meta name=\"twitter:data2\" content=\"1 minute\" \/>\n<script type=\"application\/ld+json\" class=\"yoast-schema-graph\">{\"@context\":\"https:\\\/\\\/schema.org\",\"@graph\":[{\"@type\":\"Article\",\"@id\":\"https:\\\/\\\/www.irbab-kbivb.be\\\/fr\\\/13-nouvelles-inscriptions-betteraves-sucrieres-au-catalogue-belge-des-varietes-betteravier-fevrier-2018\\\/#article\",\"isPartOf\":{\"@id\":\"https:\\\/\\\/www.irbab-kbivb.be\\\/fr\\\/13-nouvelles-inscriptions-betteraves-sucrieres-au-catalogue-belge-des-varietes-betteravier-fevrier-2018\\\/\"},\"author\":{\"name\":\"Patrick Delaitte\",\"@id\":\"https:\\\/\\\/www.irbab-kbivb.be\\\/#\\\/schema\\\/person\\\/80a980b99f080ac538bdd4c47dd4206a\"},\"headline\":\"13 nouvelles inscriptions de betteraves sucri\u00e8res au catalogue belge des vari\u00e9t\u00e9s (betteravier f\u00e9vrier 2018)\",\"datePublished\":\"2018-01-19T10:58:20+00:00\",\"dateModified\":\"2018-02-27T11:20:12+00:00\",\"mainEntityOfPage\":{\"@id\":\"https:\\\/\\\/www.irbab-kbivb.be\\\/fr\\\/13-nouvelles-inscriptions-betteraves-sucrieres-au-catalogue-belge-des-varietes-betteravier-fevrier-2018\\\/\"},\"wordCount\":143,\"image\":{\"@id\":\"https:\\\/\\\/www.irbab-kbivb.be\\\/fr\\\/13-nouvelles-inscriptions-betteraves-sucrieres-au-catalogue-belge-des-varietes-betteravier-fevrier-2018\\\/#primaryimage\"},\"thumbnailUrl\":\"https:\\\/\\\/www.irbab-kbivb.be\\\/wp-content\\\/uploads\\\/2018\\\/01\\\/rassen_vari\u00e9t\u00e9s_2018.jpg\",\"keywords\":[\"Messages\"],\"articleSection\":[\"Vari\u00e9t\u00e9s\"],\"inLanguage\":\"fr-FR\"},{\"@type\":\"WebPage\",\"@id\":\"https:\\\/\\\/www.irbab-kbivb.be\\\/fr\\\/13-nouvelles-inscriptions-betteraves-sucrieres-au-catalogue-belge-des-varietes-betteravier-fevrier-2018\\\/\",\"url\":\"https:\\\/\\\/www.irbab-kbivb.be\\\/fr\\\/13-nouvelles-inscriptions-betteraves-sucrieres-au-catalogue-belge-des-varietes-betteravier-fevrier-2018\\\/\",\"name\":\"13 nouvelles inscriptions de betteraves sucri\u00e8res au catalogue belge des vari\u00e9t\u00e9s (betteravier f\u00e9vrier 2018) - IRBAB-KBIVB\",\"isPartOf\":{\"@id\":\"https:\\\/\\\/www.irbab-kbivb.be\\\/#website\"},\"primaryImageOfPage\":{\"@id\":\"https:\\\/\\\/www.irbab-kbivb.be\\\/fr\\\/13-nouvelles-inscriptions-betteraves-sucrieres-au-catalogue-belge-des-varietes-betteravier-fevrier-2018\\\/#primaryimage\"},\"image\":{\"@id\":\"https:\\\/\\\/www.irbab-kbivb.be\\\/fr\\\/13-nouvelles-inscriptions-betteraves-sucrieres-au-catalogue-belge-des-varietes-betteravier-fevrier-2018\\\/#primaryimage\"},\"thumbnailUrl\":\"https:\\\/\\\/www.irbab-kbivb.be\\\/wp-content\\\/uploads\\\/2018\\\/01\\\/rassen_vari\u00e9t\u00e9s_2018.jpg\",\"datePublished\":\"2018-01-19T10:58:20+00:00\",\"dateModified\":\"2018-02-27T11:20:12+00:00\",\"author\":{\"@id\":\"https:\\\/\\\/www.irbab-kbivb.be\\\/#\\\/schema\\\/person\\\/80a980b99f080ac538bdd4c47dd4206a\"},\"breadcrumb\":{\"@id\":\"https:\\\/\\\/www.irbab-kbivb.be\\\/fr\\\/13-nouvelles-inscriptions-betteraves-sucrieres-au-catalogue-belge-des-varietes-betteravier-fevrier-2018\\\/#breadcrumb\"},\"inLanguage\":\"fr-FR\",\"potentialAction\":[{\"@type\":\"ReadAction\",\"target\":[\"https:\\\/\\\/www.irbab-kbivb.be\\\/fr\\\/13-nouvelles-inscriptions-betteraves-sucrieres-au-catalogue-belge-des-varietes-betteravier-fevrier-2018\\\/\"]}]},{\"@type\":\"ImageObject\",\"inLanguage\":\"fr-FR\",\"@id\":\"https:\\\/\\\/www.irbab-kbivb.be\\\/fr\\\/13-nouvelles-inscriptions-betteraves-sucrieres-au-catalogue-belge-des-varietes-betteravier-fevrier-2018\\\/#primaryimage\",\"url\":\"https:\\\/\\\/www.irbab-kbivb.be\\\/wp-content\\\/uploads\\\/2018\\\/01\\\/rassen_vari\u00e9t\u00e9s_2018.jpg\",\"contentUrl\":\"https:\\\/\\\/www.irbab-kbivb.be\\\/wp-content\\\/uploads\\\/2018\\\/01\\\/rassen_vari\u00e9t\u00e9s_2018.jpg\",\"width\":960,\"height\":720},{\"@type\":\"BreadcrumbList\",\"@id\":\"https:\\\/\\\/www.irbab-kbivb.be\\\/fr\\\/13-nouvelles-inscriptions-betteraves-sucrieres-au-catalogue-belge-des-varietes-betteravier-fevrier-2018\\\/#breadcrumb\",\"itemListElement\":[{\"@type\":\"ListItem\",\"position\":1,\"name\":\"Home\",\"item\":\"https:\\\/\\\/www.irbab-kbivb.be\\\/fr\\\/\"},{\"@type\":\"ListItem\",\"position\":2,\"name\":\"Bieten\",\"item\":\"https:\\\/\\\/www.irbab-kbivb.be\\\/category\\\/bieten\\\/\"},{\"@type\":\"ListItem\",\"position\":3,\"name\":\"Plant\",\"item\":\"https:\\\/\\\/www.irbab-kbivb.be\\\/category\\\/bieten\\\/plant\\\/\"},{\"@type\":\"ListItem\",\"position\":4,\"name\":\"Rassen\",\"item\":\"https:\\\/\\\/www.irbab-kbivb.be\\\/category\\\/bieten\\\/plant\\\/rassen\\\/\"},{\"@type\":\"ListItem\",\"position\":5,\"name\":\"13 nouvelles inscriptions de betteraves sucri\u00e8res au catalogue belge des vari\u00e9t\u00e9s (betteravier f\u00e9vrier 2018)\"}]},{\"@type\":\"WebSite\",\"@id\":\"https:\\\/\\\/www.irbab-kbivb.be\\\/#website\",\"url\":\"https:\\\/\\\/www.irbab-kbivb.be\\\/\",\"name\":\"IRBAB-KBIVB\",\"description\":\"Koninklijk Belgisch Instituut tot Verbetering van de Biet vzw | Institut Royal Belge pour l&#039;Am\u00e9lioration de la Betterave asbl\",\"potentialAction\":[{\"@type\":\"SearchAction\",\"target\":{\"@type\":\"EntryPoint\",\"urlTemplate\":\"https:\\\/\\\/www.irbab-kbivb.be\\\/?s={search_term_string}\"},\"query-input\":{\"@type\":\"PropertyValueSpecification\",\"valueRequired\":true,\"valueName\":\"search_term_string\"}}],\"inLanguage\":\"fr-FR\"},{\"@type\":\"Person\",\"@id\":\"https:\\\/\\\/www.irbab-kbivb.be\\\/#\\\/schema\\\/person\\\/80a980b99f080ac538bdd4c47dd4206a\",\"name\":\"Patrick Delaitte\",\"image\":{\"@type\":\"ImageObject\",\"inLanguage\":\"fr-FR\",\"@id\":\"https:\\\/\\\/secure.gravatar.com\\\/avatar\\\/b5280044a1fb146e6735411e28c73264d100015a50172ad22c78a830071b69af?s=96&d=mm&r=g\",\"url\":\"https:\\\/\\\/secure.gravatar.com\\\/avatar\\\/b5280044a1fb146e6735411e28c73264d100015a50172ad22c78a830071b69af?s=96&d=mm&r=g\",\"contentUrl\":\"https:\\\/\\\/secure.gravatar.com\\\/avatar\\\/b5280044a1fb146e6735411e28c73264d100015a50172ad22c78a830071b69af?s=96&d=mm&r=g\",\"caption\":\"Patrick Delaitte\"},\"url\":\"https:\\\/\\\/www.irbab-kbivb.be\\\/fr\\\/author\\\/patrick\\\/\"}]}<\/script>\n<!-- \/ Yoast SEO plugin. -->","yoast_head_json":{"title":"13 nouvelles inscriptions de betteraves sucri\u00e8res au catalogue belge des vari\u00e9t\u00e9s (betteravier f\u00e9vrier 2018) - IRBAB-KBIVB","robots":{"index":"index","follow":"follow","max-snippet":"max-snippet:-1","max-image-preview":"max-image-preview:large","max-video-preview":"max-video-preview:-1"},"canonical":"https:\/\/www.irbab-kbivb.be\/fr\/13-nouvelles-inscriptions-betteraves-sucrieres-au-catalogue-belge-des-varietes-betteravier-fevrier-2018\/","og_locale":"fr_FR","og_type":"article","og_title":"13 nouvelles inscriptions de betteraves sucri\u00e8res au catalogue belge des vari\u00e9t\u00e9s (betteravier f\u00e9vrier 2018) - IRBAB-KBIVB","og_description":"extrait de l&#8217;article publi\u00e9 dans \u2018le Betteravier\u2019 de f\u00e9vrier 2018","og_url":"https:\/\/www.irbab-kbivb.be\/fr\/13-nouvelles-inscriptions-betteraves-sucrieres-au-catalogue-belge-des-varietes-betteravier-fevrier-2018\/","og_site_name":"IRBAB-KBIVB","article_published_time":"2018-01-19T10:58:20+00:00","article_modified_time":"2018-02-27T11:20:12+00:00","og_image":[{"width":960,"height":720,"url":"https:\/\/www.irbab-kbivb.be\/wp-content\/uploads\/2018\/01\/rassen_vari\u00e9t\u00e9s_2018.jpg","type":"image\/jpeg"}],"author":"Patrick Delaitte","twitter_card":"summary_large_image","twitter_misc":{"\u00c9crit par":"Patrick Delaitte","Dur\u00e9e de lecture estim\u00e9e":"1 minute"},"schema":{"@context":"https:\/\/schema.org","@graph":[{"@type":"Article","@id":"https:\/\/www.irbab-kbivb.be\/fr\/13-nouvelles-inscriptions-betteraves-sucrieres-au-catalogue-belge-des-varietes-betteravier-fevrier-2018\/#article","isPartOf":{"@id":"https:\/\/www.irbab-kbivb.be\/fr\/13-nouvelles-inscriptions-betteraves-sucrieres-au-catalogue-belge-des-varietes-betteravier-fevrier-2018\/"},"author":{"name":"Patrick Delaitte","@id":"https:\/\/www.irbab-kbivb.be\/#\/schema\/person\/80a980b99f080ac538bdd4c47dd4206a"},"headline":"13 nouvelles inscriptions de betteraves sucri\u00e8res au catalogue belge des vari\u00e9t\u00e9s (betteravier f\u00e9vrier 2018)","datePublished":"2018-01-19T10:58:20+00:00","dateModified":"2018-02-27T11:20:12+00:00","mainEntityOfPage":{"@id":"https:\/\/www.irbab-kbivb.be\/fr\/13-nouvelles-inscriptions-betteraves-sucrieres-au-catalogue-belge-des-varietes-betteravier-fevrier-2018\/"},"wordCount":143,"image":{"@id":"https:\/\/www.irbab-kbivb.be\/fr\/13-nouvelles-inscriptions-betteraves-sucrieres-au-catalogue-belge-des-varietes-betteravier-fevrier-2018\/#primaryimage"},"thumbnailUrl":"https:\/\/www.irbab-kbivb.be\/wp-content\/uploads\/2018\/01\/rassen_vari\u00e9t\u00e9s_2018.jpg","keywords":["Messages"],"articleSection":["Vari\u00e9t\u00e9s"],"inLanguage":"fr-FR"},{"@type":"WebPage","@id":"https:\/\/www.irbab-kbivb.be\/fr\/13-nouvelles-inscriptions-betteraves-sucrieres-au-catalogue-belge-des-varietes-betteravier-fevrier-2018\/","url":"https:\/\/www.irbab-kbivb.be\/fr\/13-nouvelles-inscriptions-betteraves-sucrieres-au-catalogue-belge-des-varietes-betteravier-fevrier-2018\/","name":"13 nouvelles inscriptions de betteraves sucri\u00e8res au catalogue belge des vari\u00e9t\u00e9s (betteravier f\u00e9vrier 2018) - IRBAB-KBIVB","isPartOf":{"@id":"https:\/\/www.irbab-kbivb.be\/#website"},"primaryImageOfPage":{"@id":"https:\/\/www.irbab-kbivb.be\/fr\/13-nouvelles-inscriptions-betteraves-sucrieres-au-catalogue-belge-des-varietes-betteravier-fevrier-2018\/#primaryimage"},"image":{"@id":"https:\/\/www.irbab-kbivb.be\/fr\/13-nouvelles-inscriptions-betteraves-sucrieres-au-catalogue-belge-des-varietes-betteravier-fevrier-2018\/#primaryimage"},"thumbnailUrl":"https:\/\/www.irbab-kbivb.be\/wp-content\/uploads\/2018\/01\/rassen_vari\u00e9t\u00e9s_2018.jpg","datePublished":"2018-01-19T10:58:20+00:00","dateModified":"2018-02-27T11:20:12+00:00","author":{"@id":"https:\/\/www.irbab-kbivb.be\/#\/schema\/person\/80a980b99f080ac538bdd4c47dd4206a"},"breadcrumb":{"@id":"https:\/\/www.irbab-kbivb.be\/fr\/13-nouvelles-inscriptions-betteraves-sucrieres-au-catalogue-belge-des-varietes-betteravier-fevrier-2018\/#breadcrumb"},"inLanguage":"fr-FR","potentialAction":[{"@type":"ReadAction","target":["https:\/\/www.irbab-kbivb.be\/fr\/13-nouvelles-inscriptions-betteraves-sucrieres-au-catalogue-belge-des-varietes-betteravier-fevrier-2018\/"]}]},{"@type":"ImageObject","inLanguage":"fr-FR","@id":"https:\/\/www.irbab-kbivb.be\/fr\/13-nouvelles-inscriptions-betteraves-sucrieres-au-catalogue-belge-des-varietes-betteravier-fevrier-2018\/#primaryimage","url":"https:\/\/www.irbab-kbivb.be\/wp-content\/uploads\/2018\/01\/rassen_vari\u00e9t\u00e9s_2018.jpg","contentUrl":"https:\/\/www.irbab-kbivb.be\/wp-content\/uploads\/2018\/01\/rassen_vari\u00e9t\u00e9s_2018.jpg","width":960,"height":720},{"@type":"BreadcrumbList","@id":"https:\/\/www.irbab-kbivb.be\/fr\/13-nouvelles-inscriptions-betteraves-sucrieres-au-catalogue-belge-des-varietes-betteravier-fevrier-2018\/#breadcrumb","itemListElement":[{"@type":"ListItem","position":1,"name":"Home","item":"https:\/\/www.irbab-kbivb.be\/fr\/"},{"@type":"ListItem","position":2,"name":"Bieten","item":"https:\/\/www.irbab-kbivb.be\/category\/bieten\/"},{"@type":"ListItem","position":3,"name":"Plant","item":"https:\/\/www.irbab-kbivb.be\/category\/bieten\/plant\/"},{"@type":"ListItem","position":4,"name":"Rassen","item":"https:\/\/www.irbab-kbivb.be\/category\/bieten\/plant\/rassen\/"},{"@type":"ListItem","position":5,"name":"13 nouvelles inscriptions de betteraves sucri\u00e8res au catalogue belge des vari\u00e9t\u00e9s (betteravier f\u00e9vrier 2018)"}]},{"@type":"WebSite","@id":"https:\/\/www.irbab-kbivb.be\/#website","url":"https:\/\/www.irbab-kbivb.be\/","name":"IRBAB-KBIVB","description":"Koninklijk Belgisch Instituut tot Verbetering van de Biet vzw | Institut Royal Belge pour l&#039;Am\u00e9lioration de la Betterave asbl","potentialAction":[{"@type":"SearchAction","target":{"@type":"EntryPoint","urlTemplate":"https:\/\/www.irbab-kbivb.be\/?s={search_term_string}"},"query-input":{"@type":"PropertyValueSpecification","valueRequired":true,"valueName":"search_term_string"}}],"inLanguage":"fr-FR"},{"@type":"Person","@id":"https:\/\/www.irbab-kbivb.be\/#\/schema\/person\/80a980b99f080ac538bdd4c47dd4206a","name":"Patrick Delaitte","image":{"@type":"ImageObject","inLanguage":"fr-FR","@id":"https:\/\/secure.gravatar.com\/avatar\/b5280044a1fb146e6735411e28c73264d100015a50172ad22c78a830071b69af?s=96&d=mm&r=g","url":"https:\/\/secure.gravatar.com\/avatar\/b5280044a1fb146e6735411e28c73264d100015a50172ad22c78a830071b69af?s=96&d=mm&r=g","contentUrl":"https:\/\/secure.gravatar.com\/avatar\/b5280044a1fb146e6735411e28c73264d100015a50172ad22c78a830071b69af?s=96&d=mm&r=g","caption":"Patrick Delaitte"},"url":"https:\/\/www.irbab-kbivb.be\/fr\/author\/patrick\/"}]}},"_links":{"self":[{"href":"https:\/\/www.irbab-kbivb.be\/fr\/wp-json\/wp\/v2\/posts\/10655","targetHints":{"allow":["GET"]}}],"collection":[{"href":"https:\/\/www.irbab-kbivb.be\/fr\/wp-json\/wp\/v2\/posts"}],"about":[{"href":"https:\/\/www.irbab-kbivb.be\/fr\/wp-json\/wp\/v2\/types\/post"}],"author":[{"embeddable":true,"href":"https:\/\/www.irbab-kbivb.be\/fr\/wp-json\/wp\/v2\/users\/5"}],"replies":[{"embeddable":true,"href":"https:\/\/www.irbab-kbivb.be\/fr\/wp-json\/wp\/v2\/comments?post=10655"}],"version-history":[{"count":3,"href":"https:\/\/www.irbab-kbivb.be\/fr\/wp-json\/wp\/v2\/posts\/10655\/revisions"}],"predecessor-version":[{"id":23069,"href":"https:\/\/www.irbab-kbivb.be\/fr\/wp-json\/wp\/v2\/posts\/10655\/revisions\/23069"}],"wp:featuredmedia":[{"embeddable":true,"href":"https:\/\/www.irbab-kbivb.be\/fr\/wp-json\/wp\/v2\/media\/10653"}],"wp:attachment":[{"href":"https:\/\/www.irbab-kbivb.be\/fr\/wp-json\/wp\/v2\/media?parent=10655"}],"wp:term":[{"taxonomy":"category","embeddable":true,"href":"https:\/\/www.irbab-kbivb.be\/fr\/wp-json\/wp\/v2\/categories?post=10655"},{"taxonomy":"post_tag","embeddable":true,"href":"https:\/\/www.irbab-kbivb.be\/fr\/wp-json\/wp\/v2\/tags?post=10655"}],"curies":[{"name":"wp","href":"https:\/\/api.w.org\/{rel}","templated":true}]}}